{"id":18366,"date":"2021-04-26T14:40:40","date_gmt":"2021-04-26T17:40:40","guid":{"rendered":"https:\/\/justicapotiguar.com.br\/?p=18366"},"modified":"2021-04-26T14:24:05","modified_gmt":"2021-04-26T17:24:05","slug":"informativo-1-013-do-stf-de-23-de-abril-de-2021","status":"publish","type":"post","link":"https:\/\/justicapotiguar.com.br\/index.php\/2021\/04\/26\/informativo-1-013-do-stf-de-23-de-abril-de-2021\/","title":{"rendered":"Informativo 1.013 do STF (de 23 de abril de 2021)"},"content":{"rendered":"\n<figure class=\"wp-block-image size-large\"><img loading=\"lazy\" width=\"680\" height=\"453\" src=\"https:\/\/justicapotiguar.com.br\/wp-content\/uploads\/2020\/09\/stf-2.gif\" alt=\"\" class=\"wp-image-12735\"\/><figcaption>Reprodu\u00e7\u00e3o<\/figcaption><\/figure>\n\n\n\n<p>Canal P\u00edlulas Jur\u00eddicas | STF e STJ | <a href=\"https:\/\/t.me\/pilulasjuridicasSTFSTJ\">https:\/\/t.me\/pilulasjuridicasSTFSTJ<\/a><\/p>\n\n\n\n<p>PLEN\u00c1RIO<\/p>\n\n\n\n<p>&#8211; Em a\u00e7\u00e3o direta de inconstitucionalidade n\u00e3o se admite o aditamento \u00e0 inicial ap\u00f3s o recebimento das informa\u00e7\u00f5es requeridas e das manifesta\u00e7\u00f5es do Advogado-Geral da Uni\u00e3o e do Procurador-Geral da Rep\u00fablica \u2013 ADI 4541\/BA.<\/p>\n\n\n\n<p>&#8211; N\u00e3o \u00e9 poss\u00edvel a equipara\u00e7\u00e3o legislativa do cargo de auditor \u2014 categorias jur\u00eddica e de controle externo \u2014 do TCE\/BA ao cargo de auditor previsto no texto constitucional, ao qual atribu\u00edda a substitui\u00e7\u00e3o de ministros e o exerc\u00edcio de atos da judicatura, haja vista o descompasso com o modelo federal, de observ\u00e2ncia obrigat\u00f3ria, e a aus\u00eancia de concurso p\u00fablico \u2013 ADI 4541\/BA.<\/p>\n\n\n\n<p>&#8211; \u00c9 formalmente inconstitucional lei estadual, de iniciativa parlamentar, que, ao dispor sobre ensino a dist\u00e2ncia, pro\u00edba a utiliza\u00e7\u00e3o do termo \u201ctutor\u201d, al\u00e9m de criar restri\u00e7\u00f5es e requisitos para exerc\u00edcio da atividade de tutoria \u2013 ADI 5997\/RJ.<\/p>\n\n\n\n<p>&#8211; <a>S\u00e3o inconstitucionais o art. 11, \u00a7 3\u00ba, II; o trecho \u201cainda que para outro estabelecimento do mesmo titular\u201d do art. 12, I; e o art. 13, \u00a7 4\u00ba, da Lei Kandir, uma vez que n\u00e3o configura fato gerador da incid\u00eancia de ICMS o mero deslocamento de mercadorias entre estabelecimentos do mesmo titular, independentemente de estarem localizados na mesma unidade federativa ou em estados-membros diferentes<\/a> \u2013 ADC 49\/RN.<\/p><div class=\"vpusu69f033684cecd\" ><!--<a href=\"https:\/\/bit.ly\/3QdrqTZ\" target=\"_blank\">\n<img src=\"https:\/\/justicapotiguar.com.br\/wp-content\/uploads\/2023\/09\/mobile-geral.gif\"\/><a\/>--><\/div><style type=\"text\/css\">\r\n.vpusu69f033684cecd {\r\ntext-align: center;\r\n}\r\n@media screen and (min-width: 1201px) {\r\n.vpusu69f033684cecd {\r\ndisplay: none;\r\n}\r\n}\r\n@media screen and (min-width: 993px) and (max-width: 1200px) {\r\n.vpusu69f033684cecd {\r\ndisplay: none;\r\n}\r\n}\r\n@media screen and (min-width: 769px) and (max-width: 992px) {\r\n.vpusu69f033684cecd {\r\ndisplay: none;\r\n}\r\n}\r\n@media screen and (min-width: 768px) and (max-width: 768px) {\r\n.vpusu69f033684cecd {\r\ndisplay: block;\r\n}\r\n}\r\n@media screen and (max-width: 767px) {\r\n.vpusu69f033684cecd {\r\ndisplay: block;\r\n}\r\n}\r\n<\/style>\r\n<div class=\"bmpvq69f033684ceae\" ><!--<a href=\"https:\/\/bit.ly\/3QdrqTZ\" target=\"_blank\">\n<img src=\"https:\/\/justicapotiguar.com.br\/wp-content\/uploads\/2023\/09\/desktop-geral.gif\"\/><a\/>--><\/div><style type=\"text\/css\">\r\n.bmpvq69f033684ceae {\r\ntext-align: center;\nmargin-bottom: 1em;\r\n}\r\n@media screen and (min-width: 1201px) {\r\n.bmpvq69f033684ceae {\r\ndisplay: block;\r\n}\r\n}\r\n@media screen and (min-width: 993px) and (max-width: 1200px) {\r\n.bmpvq69f033684ceae {\r\ndisplay: block;\r\n}\r\n}\r\n@media screen and (min-width: 769px) and (max-width: 992px) {\r\n.bmpvq69f033684ceae {\r\ndisplay: block;\r\n}\r\n}\r\n@media screen and (min-width: 768px) and (max-width: 768px) {\r\n.bmpvq69f033684ceae {\r\ndisplay: none;\r\n}\r\n}\r\n@media screen and (max-width: 767px) {\r\n.bmpvq69f033684ceae {\r\ndisplay: none;\r\n}\r\n}\r\n<\/style>\r\n\n\n\n\n<p>&#8211; A instaura\u00e7\u00e3o de Comiss\u00e3o Parlamentar de Inqu\u00e9rito depende unicamente do preenchimento dos requisitos previstos no art. 58, \u00a7 3\u00ba, da Constitui\u00e7\u00e3o Federal, ou seja: (a) o requerimento de um ter\u00e7o dos membros das casas legislativas; (b) a indica\u00e7\u00e3o de fato determinado a ser apurado; e (c) a defini\u00e7\u00e3o de prazo certo para sua dura\u00e7\u00e3o \u2013 MS 37.760\/DF.<\/p>\n\n\n\n<p>&#8211; S\u00e3o inconstitucionais as decis\u00f5es judiciais que determinam a constri\u00e7\u00e3o de verbas p\u00fablicas oriundas de Fundo Estadual de Sa\u00fade (FES) \u2014 que devem ter aplica\u00e7\u00e3o compuls\u00f3ria na \u00e1rea de sa\u00fade \u2014 para atendimento de outras finalidades espec\u00edficas \u2013 ADPF 664\/ES.<\/p>\n\n\n\n<p>&#8211; S\u00e3o constitucionais o estabelecimento de um limite m\u00e1ximo de 150 (cento e cinquenta) sal\u00e1rios m\u00ednimos aos cr\u00e9ditos de natureza trabalhista, bem como a defini\u00e7\u00e3o de cr\u00e9ditos com privil\u00e9gio especial, conforme previsto no art. 83, I, e IV, \u201cc\u201d, da Lei 11.101\/2005 \u2013 ADI 3424\/DF e ADPF 312\/DF.<\/p>\n\n\n\n<p>SEGUNDA TURMA<\/p>\n\n\n\n<p>&#8211; Diante da perman\u00eancia de \u201cEstado de Coisas Inconstitucional\u201d (ECI) no \u00e2mbito do sistema penitenci\u00e1rio brasileiro \u2014 caracterizado pela manuten\u00e7\u00e3o de altos n\u00edveis de encarceramento e da resist\u00eancia ao cumprimento de decis\u00f5es do STF -, faz-se necess\u00e1ria a ado\u00e7\u00e3o de medidas tendentes ao efetivo implemento de ordens judiciais, dentre as quais, a realiza\u00e7\u00e3o de audi\u00eancias p\u00fablicas \u2013 HC 165.704\/DF.<\/p>\n\n\n\n<p>&#8211; Caracteriza manifesta ilegalidade, por viola\u00e7\u00e3o ao princ\u00edpio da \u201cnon reformatio in pejus\u201d, a majora\u00e7\u00e3o da pena de multa por tribunal, na hip\u00f3tese de recurso exclusivo da defesa \u2013 RHC 194.952 AgR\/SP.<\/p>\n","protected":false},"excerpt":{"rendered":"<p>Canal P\u00edlulas Jur\u00eddicas | STF e STJ | https:\/\/t.me\/pilulasjuridicasSTFSTJ PLEN\u00c1RIO &#8211; Em a\u00e7\u00e3o direta de inconstitucionalidade n\u00e3o se admite o aditamento \u00e0 inicial ap\u00f3s o recebimento das informa\u00e7\u00f5es requeridas e das manifesta\u00e7\u00f5es do Advogado-Geral da Uni\u00e3o e do Procurador-Geral da Rep\u00fablica \u2013 ADI 4541\/BA. &#8211; N\u00e3o \u00e9 poss\u00edvel a equipara\u00e7\u00e3o legislativa do cargo de auditor<br \/><a class=\"more-link\" href=\"https:\/\/justicapotiguar.com.br\/index.php\/2021\/04\/26\/informativo-1-013-do-stf-de-23-de-abril-de-2021\/\">Mais&#8230;<\/a><\/p>\n","protected":false},"author":5,"featured_media":7753,"comment_status":"open","ping_status":"open","sticky":false,"template":"","format":"standard","meta":[],"categories":[3],"tags":[],"_links":{"self":[{"href":"https:\/\/justicapotiguar.com.br\/index.php\/wp-json\/wp\/v2\/posts\/18366"}],"collection":[{"href":"https:\/\/justicapotiguar.com.br\/index.php\/wp-json\/wp\/v2\/posts"}],"about":[{"href":"https:\/\/justicapotiguar.com.br\/index.php\/wp-json\/wp\/v2\/types\/post"}],"author":[{"embeddable":true,"href":"https:\/\/justicapotiguar.com.br\/index.php\/wp-json\/wp\/v2\/users\/5"}],"replies":[{"embeddable":true,"href":"https:\/\/justicapotiguar.com.br\/index.php\/wp-json\/wp\/v2\/comments?post=18366"}],"version-history":[{"count":1,"href":"https:\/\/justicapotiguar.com.br\/index.php\/wp-json\/wp\/v2\/posts\/18366\/revisions"}],"predecessor-version":[{"id":18367,"href":"https:\/\/justicapotiguar.com.br\/index.php\/wp-json\/wp\/v2\/posts\/18366\/revisions\/18367"}],"wp:featuredmedia":[{"embeddable":true,"href":"https:\/\/justicapotiguar.com.br\/index.php\/wp-json\/wp\/v2\/media\/7753"}],"wp:attachment":[{"href":"https:\/\/justicapotiguar.com.br\/index.php\/wp-json\/wp\/v2\/media?parent=18366"}],"wp:term":[{"taxonomy":"category","embeddable":true,"href":"https:\/\/justicapotiguar.com.br\/index.php\/wp-json\/wp\/v2\/categories?post=18366"},{"taxonomy":"post_tag","embeddable":true,"href":"https:\/\/justicapotiguar.com.br\/index.php\/wp-json\/wp\/v2\/tags?post=18366"}],"curies":[{"name":"wp","href":"https:\/\/api.w.org\/{rel}","templated":true}]}}