{"id":18360,"date":"2021-04-26T10:11:32","date_gmt":"2021-04-26T13:11:32","guid":{"rendered":"https:\/\/justicapotiguar.com.br\/?p=18360"},"modified":"2021-04-26T09:50:43","modified_gmt":"2021-04-26T12:50:43","slug":"autonomo-sera-indenizado-apos-ter-carro-furtado-de-estacionamento-de-supermercado","status":"publish","type":"post","link":"https:\/\/justicapotiguar.com.br\/index.php\/2021\/04\/26\/autonomo-sera-indenizado-apos-ter-carro-furtado-de-estacionamento-de-supermercado\/","title":{"rendered":"Aut\u00f4nomo ser\u00e1 indenizado ap\u00f3s ter carro furtado de estacionamento de supermercado"},"content":{"rendered":"\n<figure class=\"wp-block-image size-large\"><img loading=\"lazy\" width=\"275\" height=\"183\" src=\"https:\/\/justicapotiguar.com.br\/wp-content\/uploads\/2019\/08\/Justi\u00e7a-1.jpg\" alt=\"\" class=\"wp-image-449\"\/><figcaption>Reprodu\u00e7\u00e3o<\/figcaption><\/figure>\n\n\n\n<p>Os desembargadores da 3\u00aa C\u00e2mara C\u00edvel do Tribunal de Justi\u00e7a, \u00e0 unanimidade de votos, reformaram senten\u00e7a para fixar indeniza\u00e7\u00e3o por dano moral no montante de R$ 5 mil, acrescidos de juros e corre\u00e7\u00e3o monet\u00e1ria, em favor de um aut\u00f4nomo v\u00edtima do furto de seu ve\u00edculo ocorrido no estacionamento privativo do antigo Supermercado Makro Atacadista Sociedade An\u00f4nima, na manh\u00e3 do dia 31 de outubro de 2010.<\/p>\n\n\n\n<p>No recurso, ele alegou que a a\u00e7\u00e3o origin\u00e1ria busca a repara\u00e7\u00e3o por danos morais e materiais, em raz\u00e3o do furto do seu ve\u00edculo ocorrido no estacionamento privativo oferecido pelo Makro. Disse que os transtornos provenientes do il\u00edcito ultrapassaram as barreiras do mero dissabor, n\u00e3o se restringindo apenas a quest\u00f5es contratuais, devendo ser pass\u00edveis de indeniza\u00e7\u00e3o por dano moral.<\/p>\n\n\n\n<p>O aut\u00f4nomo relatou que foi exposto a situa\u00e7\u00e3o vexat\u00f3ria, ao ser acusado pelo Supermercado, em diversas oportunidades, de ter forjado o furto de seu pr\u00f3prio ve\u00edculo, no af\u00e3 de obter indeniza\u00e7\u00e3o indevida. Assegurou que, se num primeiro momento n\u00e3o havia motivo que ensejasse a indeniza\u00e7\u00e3o por danos morais conforme pleiteado na a\u00e7\u00e3o, o direito a indeniza\u00e7\u00e3o surgiu a partir das acusa\u00e7\u00f5es infundadas proferidas pela empresa.<\/p>\n\n\n\n<p>Para o relator do recurso, o desembargador Jo\u00e3o Rebou\u00e7as, os estabelecimentos comerciais, a exemplos dos supermercados, que disponibilizam estacionamento a sua clientela, como forma de propiciar-lhe comodidade, assumem o \u00f4nus de responder por eventuais danos que possam sofrer, em raz\u00e3o do dever de guarda e prote\u00e7\u00e3o dos ve\u00edculos, conforme a S\u00famula 130 do STJ.<\/p><div class=\"gvufd69f099d7df63f\" ><!--<a href=\"https:\/\/bit.ly\/3QdrqTZ\" target=\"_blank\">\n<img src=\"https:\/\/justicapotiguar.com.br\/wp-content\/uploads\/2023\/09\/mobile-geral.gif\"\/><a\/>--><\/div><style type=\"text\/css\">\r\n.gvufd69f099d7df63f {\r\ntext-align: center;\r\n}\r\n@media screen and (min-width: 1201px) {\r\n.gvufd69f099d7df63f {\r\ndisplay: none;\r\n}\r\n}\r\n@media screen and (min-width: 993px) and (max-width: 1200px) {\r\n.gvufd69f099d7df63f {\r\ndisplay: none;\r\n}\r\n}\r\n@media screen and (min-width: 769px) and (max-width: 992px) {\r\n.gvufd69f099d7df63f {\r\ndisplay: none;\r\n}\r\n}\r\n@media screen and (min-width: 768px) and (max-width: 768px) {\r\n.gvufd69f099d7df63f {\r\ndisplay: block;\r\n}\r\n}\r\n@media screen and (max-width: 767px) {\r\n.gvufd69f099d7df63f {\r\ndisplay: block;\r\n}\r\n}\r\n<\/style>\r\n<div class=\"uvvct69f099d7df625\" ><!--<a href=\"https:\/\/bit.ly\/3QdrqTZ\" target=\"_blank\">\n<img src=\"https:\/\/justicapotiguar.com.br\/wp-content\/uploads\/2023\/09\/desktop-geral.gif\"\/><a\/>--><\/div><style type=\"text\/css\">\r\n.uvvct69f099d7df625 {\r\ntext-align: center;\nmargin-bottom: 1em;\r\n}\r\n@media screen and (min-width: 1201px) {\r\n.uvvct69f099d7df625 {\r\ndisplay: block;\r\n}\r\n}\r\n@media screen and (min-width: 993px) and (max-width: 1200px) {\r\n.uvvct69f099d7df625 {\r\ndisplay: block;\r\n}\r\n}\r\n@media screen and (min-width: 769px) and (max-width: 992px) {\r\n.uvvct69f099d7df625 {\r\ndisplay: block;\r\n}\r\n}\r\n@media screen and (min-width: 768px) and (max-width: 768px) {\r\n.uvvct69f099d7df625 {\r\ndisplay: none;\r\n}\r\n}\r\n@media screen and (max-width: 767px) {\r\n.uvvct69f099d7df625 {\r\ndisplay: none;\r\n}\r\n}\r\n<\/style>\r\n\n\n\n\n<p>\u201cNesse contexto, vejo a possibilidade de fixar a indeniza\u00e7\u00e3o por dano moral, decorrente do furto do ve\u00edculo no estacionamento privativo do apelado\u201d, comentou o relator. Ele baseou seu entendimento tamb\u00e9m nos arts. 186 e 927 do C\u00f3digo Civil, bem como na jurisprud\u00eancia da Corte de Justi\u00e7a potiguar que indica que o furto do ve\u00edculo em estacionamento privativo enseja o pagamento de indeniza\u00e7\u00e3o por dano moral.<\/p>\n\n\n\n<p>Quanto ao dano moral, o relator observou os par\u00e2metros de razoabilidade, proporcionalidade e a condi\u00e7\u00e3o s\u00f3cioecon\u00f4mica das partes e verificou plaus\u00edvel fixar o valor da repara\u00e7\u00e3o moral em R$ 5 mil, tido por suficiente para reparar o abalo moral suportado.<\/p>\n\n\n\n<p><strong>(Processo n\u00ba 0121976-51.2014.8.20.0001)<\/strong><\/p>\n","protected":false},"excerpt":{"rendered":"<p>Os desembargadores da 3\u00aa C\u00e2mara C\u00edvel do Tribunal de Justi\u00e7a, \u00e0 unanimidade de votos, reformaram senten\u00e7a para fixar indeniza\u00e7\u00e3o por dano moral no montante de R$ 5 mil, acrescidos de juros e corre\u00e7\u00e3o monet\u00e1ria, em favor de um aut\u00f4nomo v\u00edtima do furto de seu ve\u00edculo ocorrido no estacionamento privativo do antigo Supermercado Makro Atacadista Sociedade<br \/><a class=\"more-link\" href=\"https:\/\/justicapotiguar.com.br\/index.php\/2021\/04\/26\/autonomo-sera-indenizado-apos-ter-carro-furtado-de-estacionamento-de-supermercado\/\">Mais&#8230;<\/a><\/p>\n","protected":false},"author":5,"featured_media":77,"comment_status":"open","ping_status":"open","sticky":false,"template":"","format":"standard","meta":[],"categories":[3],"tags":[],"_links":{"self":[{"href":"https:\/\/justicapotiguar.com.br\/index.php\/wp-json\/wp\/v2\/posts\/18360"}],"collection":[{"href":"https:\/\/justicapotiguar.com.br\/index.php\/wp-json\/wp\/v2\/posts"}],"about":[{"href":"https:\/\/justicapotiguar.com.br\/index.php\/wp-json\/wp\/v2\/types\/post"}],"author":[{"embeddable":true,"href":"https:\/\/justicapotiguar.com.br\/index.php\/wp-json\/wp\/v2\/users\/5"}],"replies":[{"embeddable":true,"href":"https:\/\/justicapotiguar.com.br\/index.php\/wp-json\/wp\/v2\/comments?post=18360"}],"version-history":[{"count":1,"href":"https:\/\/justicapotiguar.com.br\/index.php\/wp-json\/wp\/v2\/posts\/18360\/revisions"}],"predecessor-version":[{"id":18361,"href":"https:\/\/justicapotiguar.com.br\/index.php\/wp-json\/wp\/v2\/posts\/18360\/revisions\/18361"}],"wp:featuredmedia":[{"embeddable":true,"href":"https:\/\/justicapotiguar.com.br\/index.php\/wp-json\/wp\/v2\/media\/77"}],"wp:attachment":[{"href":"https:\/\/justicapotiguar.com.br\/index.php\/wp-json\/wp\/v2\/media?parent=18360"}],"wp:term":[{"taxonomy":"category","embeddable":true,"href":"https:\/\/justicapotiguar.com.br\/index.php\/wp-json\/wp\/v2\/categories?post=18360"},{"taxonomy":"post_tag","embeddable":true,"href":"https:\/\/justicapotiguar.com.br\/index.php\/wp-json\/wp\/v2\/tags?post=18360"}],"curies":[{"name":"wp","href":"https:\/\/api.w.org\/{rel}","templated":true}]}}