{"id":18358,"date":"2021-04-26T09:16:59","date_gmt":"2021-04-26T12:16:59","guid":{"rendered":"https:\/\/justicapotiguar.com.br\/?p=18358"},"modified":"2021-04-25T22:18:38","modified_gmt":"2021-04-26T01:18:38","slug":"juiza-permite-que-condominos-usem-areas-comuns-manter-saude-mental","status":"publish","type":"post","link":"https:\/\/justicapotiguar.com.br\/index.php\/2021\/04\/26\/juiza-permite-que-condominos-usem-areas-comuns-manter-saude-mental\/","title":{"rendered":"Ju\u00edza permite que cond\u00f4minos usem \u00e1reas comuns: &#8220;manter sa\u00fade mental&#8221;"},"content":{"rendered":"\n<p>A ju\u00edza de Direito Ida In\u00eas Del Cid, da 2\u00aa vara da Fazenda P\u00fablica de S\u00e3o Bernardo do Campo\/SP, concedeu liminar para que moradores de um condom\u00ednio possa utilizarem as \u00e1reas comuns do pr\u00e9dio. A magistrada ressaltou que a decis\u00e3o visa &#8220;manter a sa\u00fade f\u00edsica e mental t\u00e3o prejudicadas pelo confinamento&#8221;.<\/p>\n\n\n\n<figure class=\"wp-block-image\"><img src=\"https:\/\/img2.migalhas.uol.com.br\/_MEDPROC_\/https__img1.migalhas.uol.com.br__SL__gf_base__SL__empresas__SL__MIGA__SL__imagens__SL__2021__SL__04__SL__22__SL__49786f1f-a02c-4c9f-8531-cf9d20ba3295.jpg._PROC_CP75.jpg\" alt=\"(Imagem: Freepik)\" title=\"(Imagem: Freepik)\"\/><\/figure>\n\n\n\n<p>(Imagem: Freepik)<\/p>\n\n\n\n<p>O condom\u00ednio alegou que o decreto municipal quer impor aos moradores de condom\u00ednio edil\u00edcios residenciais restri\u00e7\u00f5es que extrapolam a compet\u00eancia do chefe do Executivo e invade ou desrespeita direito de propriedade, ao impedir o uso de \u00e1reas comuns dos cond\u00f4minos, como churrasqueira, piscina, \u00e1reas de passeio.<\/p>\n\n\n\n<p>Ao analisar o caso, a magistrada ressaltou que, na quest\u00e3o da pandemia, e para salvaguardar a propaga\u00e7\u00e3o do v\u00edrus que tem poder de matar as pessoas, visa-se proteg\u00ea-las, para que n\u00e3o se aglomerem em \u00e1reas comuns, certo que o direito de propriedade, por tais raz\u00f5es, e como quaisquer outros direitos, n\u00e3o \u00e9 absoluto.<\/p>\n\n\n\n<p>Todavia, observou fotografias do condom\u00ednio considerando que h\u00e1 vasta \u00e1rea comum para caminhadas ao ar livre, onde \u00e9 poss\u00edvel n\u00e3o se aglomerar.<\/p><div class=\"ylmyb69f0c59723bbc\" ><!--<a href=\"https:\/\/bit.ly\/3QdrqTZ\" target=\"_blank\">\n<img src=\"https:\/\/justicapotiguar.com.br\/wp-content\/uploads\/2023\/09\/mobile-geral.gif\"\/><a\/>--><\/div><style type=\"text\/css\">\r\n.ylmyb69f0c59723bbc {\r\ntext-align: center;\r\n}\r\n@media screen and (min-width: 1201px) {\r\n.ylmyb69f0c59723bbc {\r\ndisplay: none;\r\n}\r\n}\r\n@media screen and (min-width: 993px) and (max-width: 1200px) {\r\n.ylmyb69f0c59723bbc {\r\ndisplay: none;\r\n}\r\n}\r\n@media screen and (min-width: 769px) and (max-width: 992px) {\r\n.ylmyb69f0c59723bbc {\r\ndisplay: none;\r\n}\r\n}\r\n@media screen and (min-width: 768px) and (max-width: 768px) {\r\n.ylmyb69f0c59723bbc {\r\ndisplay: block;\r\n}\r\n}\r\n@media screen and (max-width: 767px) {\r\n.ylmyb69f0c59723bbc {\r\ndisplay: block;\r\n}\r\n}\r\n<\/style>\r\n<div class=\"wvpjz69f0c59723ba5\" ><!--<a href=\"https:\/\/bit.ly\/3QdrqTZ\" target=\"_blank\">\n<img src=\"https:\/\/justicapotiguar.com.br\/wp-content\/uploads\/2023\/09\/desktop-geral.gif\"\/><a\/>--><\/div><style type=\"text\/css\">\r\n.wvpjz69f0c59723ba5 {\r\ntext-align: center;\nmargin-bottom: 1em;\r\n}\r\n@media screen and (min-width: 1201px) {\r\n.wvpjz69f0c59723ba5 {\r\ndisplay: block;\r\n}\r\n}\r\n@media screen and (min-width: 993px) and (max-width: 1200px) {\r\n.wvpjz69f0c59723ba5 {\r\ndisplay: block;\r\n}\r\n}\r\n@media screen and (min-width: 769px) and (max-width: 992px) {\r\n.wvpjz69f0c59723ba5 {\r\ndisplay: block;\r\n}\r\n}\r\n@media screen and (min-width: 768px) and (max-width: 768px) {\r\n.wvpjz69f0c59723ba5 {\r\ndisplay: none;\r\n}\r\n}\r\n@media screen and (max-width: 767px) {\r\n.wvpjz69f0c59723ba5 {\r\ndisplay: none;\r\n}\r\n}\r\n<\/style>\r\n\n\n\n\n<p>Dessa forma, concedeu em parte a ordem para que os cond\u00f4minos utilizem as \u00e1reas, &#8220;<em>at\u00e9 para manter a sa\u00fade f\u00edsica e mental, t\u00e3o prejudicadas, pelo confinamento<\/em>&#8220;.<\/p>\n\n\n\n<p>O escrit\u00f3rio Gon\u00e7alves, Basse &amp; Benetti Advogados Associados atua pelo condom\u00ednio.<\/p>\n\n\n\n<ul><li>Processo:&nbsp;<a href=\"https:\/\/esaj.tjsp.jus.br\/cpopg\/show.do?processo.codigo=fo000g7d80000&amp;processo.foro=564&amp;processo.numero=1008802-92.2021.8.26.0564&amp;uuidcaptcha=sajcaptcha_9cb22914f0c3420e88be76c7d04d2112\">1008802-92.2021.8.26.0564<\/a><\/li><\/ul>\n\n\n\n<p>Veja a\u00a0<a rel=\"noreferrer noopener\" href=\"https:\/\/www.migalhas.com.br\/arquivos\/2021\/4\/AA3BB3D52341D2_condominioareascomuns.pdf\" target=\"_blank\">decis\u00e3o<\/a>.<\/p>\n\n\n\n<p>Migalhas<\/p>\n","protected":false},"excerpt":{"rendered":"<p>A ju\u00edza de Direito Ida In\u00eas Del Cid, da 2\u00aa vara da Fazenda P\u00fablica de S\u00e3o Bernardo do Campo\/SP, concedeu liminar para que moradores de um condom\u00ednio possa utilizarem as \u00e1reas comuns do pr\u00e9dio. A magistrada ressaltou que a decis\u00e3o visa &#8220;manter a sa\u00fade f\u00edsica e mental t\u00e3o prejudicadas pelo confinamento&#8221;. (Imagem: Freepik) O condom\u00ednio<br \/><a class=\"more-link\" href=\"https:\/\/justicapotiguar.com.br\/index.php\/2021\/04\/26\/juiza-permite-que-condominos-usem-areas-comuns-manter-saude-mental\/\">Mais&#8230;<\/a><\/p>\n","protected":false},"author":5,"featured_media":17785,"comment_status":"open","ping_status":"open","sticky":false,"template":"","format":"standard","meta":[],"categories":[3],"tags":[],"_links":{"self":[{"href":"https:\/\/justicapotiguar.com.br\/index.php\/wp-json\/wp\/v2\/posts\/18358"}],"collection":[{"href":"https:\/\/justicapotiguar.com.br\/index.php\/wp-json\/wp\/v2\/posts"}],"about":[{"href":"https:\/\/justicapotiguar.com.br\/index.php\/wp-json\/wp\/v2\/types\/post"}],"author":[{"embeddable":true,"href":"https:\/\/justicapotiguar.com.br\/index.php\/wp-json\/wp\/v2\/users\/5"}],"replies":[{"embeddable":true,"href":"https:\/\/justicapotiguar.com.br\/index.php\/wp-json\/wp\/v2\/comments?post=18358"}],"version-history":[{"count":1,"href":"https:\/\/justicapotiguar.com.br\/index.php\/wp-json\/wp\/v2\/posts\/18358\/revisions"}],"predecessor-version":[{"id":18359,"href":"https:\/\/justicapotiguar.com.br\/index.php\/wp-json\/wp\/v2\/posts\/18358\/revisions\/18359"}],"wp:featuredmedia":[{"embeddable":true,"href":"https:\/\/justicapotiguar.com.br\/index.php\/wp-json\/wp\/v2\/media\/17785"}],"wp:attachment":[{"href":"https:\/\/justicapotiguar.com.br\/index.php\/wp-json\/wp\/v2\/media?parent=18358"}],"wp:term":[{"taxonomy":"category","embeddable":true,"href":"https:\/\/justicapotiguar.com.br\/index.php\/wp-json\/wp\/v2\/categories?post=18358"},{"taxonomy":"post_tag","embeddable":true,"href":"https:\/\/justicapotiguar.com.br\/index.php\/wp-json\/wp\/v2\/tags?post=18358"}],"curies":[{"name":"wp","href":"https:\/\/api.w.org\/{rel}","templated":true}]}}