{"id":18356,"date":"2021-04-26T10:16:54","date_gmt":"2021-04-26T13:16:54","guid":{"rendered":"https:\/\/justicapotiguar.com.br\/?p=18356"},"modified":"2021-04-25T22:14:37","modified_gmt":"2021-04-26T01:14:37","slug":"so-3-dos-reus-com-foro-sao-condenados-pelo-stf","status":"publish","type":"post","link":"https:\/\/justicapotiguar.com.br\/index.php\/2021\/04\/26\/so-3-dos-reus-com-foro-sao-condenados-pelo-stf\/","title":{"rendered":"S\u00f3 3% dos r\u00e9us com foro s\u00e3o condenados pelo STF"},"content":{"rendered":"\n<figure class=\"wp-block-image size-large\"><img loading=\"lazy\" width=\"626\" height=\"417\" src=\"https:\/\/justicapotiguar.com.br\/wp-content\/uploads\/2020\/02\/balanca-da-justica-e-martelo-na-mesa-de-madeira-e-acordo-na-sala-de-audiencias_28283-789.jpg\" alt=\"\" class=\"wp-image-6004\" srcset=\"https:\/\/justicapotiguar.com.br\/wp-content\/uploads\/2020\/02\/balanca-da-justica-e-martelo-na-mesa-de-madeira-e-acordo-na-sala-de-audiencias_28283-789.jpg 626w, https:\/\/justicapotiguar.com.br\/wp-content\/uploads\/2020\/02\/balanca-da-justica-e-martelo-na-mesa-de-madeira-e-acordo-na-sala-de-audiencias_28283-789-300x200.jpg 300w\" sizes=\"(max-width: 626px) 100vw, 626px\" \/><figcaption>Reprodu\u00e7\u00e3o<\/figcaption><\/figure>\n\n\n\n<p>Levantamento obtido pelo\u00a0<em>Estad\u00e3o<\/em> aponta que, em a\u00e7\u00f5es que envolvem r\u00e9us com foro privilegiado avaliadas pelo Supremo Tribunal Federal (STF), apenas 3% resultaram em condena\u00e7\u00e3o.<\/p>\n\n\n\n<p> Na maioria dos casos (58%) as a\u00e7\u00f5es foram remetidas a inst\u00e2ncias inferiores por perda de prerrogativa de fun\u00e7\u00e3o do r\u00e9u antes da conclus\u00e3o do julgamento. Outros 13% prescreveram e 16% estavam \u00e0 espera de conclus\u00e3o. Em 10% dos casos os r\u00e9us foram absolvidos.<\/p><div class=\"xrtqz69f080d40043c\" ><!--<a href=\"https:\/\/bit.ly\/3QdrqTZ\" target=\"_blank\">\n<img src=\"https:\/\/justicapotiguar.com.br\/wp-content\/uploads\/2023\/09\/mobile-geral.gif\"\/><a\/>--><\/div><style type=\"text\/css\">\r\n.xrtqz69f080d40043c {\r\ntext-align: center;\r\n}\r\n@media screen and (min-width: 1201px) {\r\n.xrtqz69f080d40043c {\r\ndisplay: none;\r\n}\r\n}\r\n@media screen and (min-width: 993px) and (max-width: 1200px) {\r\n.xrtqz69f080d40043c {\r\ndisplay: none;\r\n}\r\n}\r\n@media screen and (min-width: 769px) and (max-width: 992px) {\r\n.xrtqz69f080d40043c {\r\ndisplay: none;\r\n}\r\n}\r\n@media screen and (min-width: 768px) and (max-width: 768px) {\r\n.xrtqz69f080d40043c {\r\ndisplay: block;\r\n}\r\n}\r\n@media screen and (max-width: 767px) {\r\n.xrtqz69f080d40043c {\r\ndisplay: block;\r\n}\r\n}\r\n<\/style>\r\n<div class=\"oladh69f080d400428\" ><!--<a href=\"https:\/\/bit.ly\/3QdrqTZ\" target=\"_blank\">\n<img src=\"https:\/\/justicapotiguar.com.br\/wp-content\/uploads\/2023\/09\/desktop-geral.gif\"\/><a\/>--><\/div><style type=\"text\/css\">\r\n.oladh69f080d400428 {\r\ntext-align: center;\nmargin-bottom: 1em;\r\n}\r\n@media screen and (min-width: 1201px) {\r\n.oladh69f080d400428 {\r\ndisplay: block;\r\n}\r\n}\r\n@media screen and (min-width: 993px) and (max-width: 1200px) {\r\n.oladh69f080d400428 {\r\ndisplay: block;\r\n}\r\n}\r\n@media screen and (min-width: 769px) and (max-width: 992px) {\r\n.oladh69f080d400428 {\r\ndisplay: block;\r\n}\r\n}\r\n@media screen and (min-width: 768px) and (max-width: 768px) {\r\n.oladh69f080d400428 {\r\ndisplay: none;\r\n}\r\n}\r\n@media screen and (max-width: 767px) {\r\n.oladh69f080d400428 {\r\ndisplay: none;\r\n}\r\n}\r\n<\/style>\r\n\n\n\n\n<p>Os n\u00fameros se referem a mat\u00e9rias analisadas pela Corte entre os anos de 1989 e 2016. Para especialistas, o n\u00e3o julgamento privilegia investigados e pode contribuir para a impunidade.<\/p>\n\n\n\n<p>Estad\u00e3o<\/p>\n","protected":false},"excerpt":{"rendered":"<p>Levantamento obtido pelo\u00a0Estad\u00e3o aponta que, em a\u00e7\u00f5es que envolvem r\u00e9us com foro privilegiado avaliadas pelo Supremo Tribunal Federal (STF), apenas 3% resultaram em condena\u00e7\u00e3o. Na maioria dos casos (58%) as a\u00e7\u00f5es foram remetidas a inst\u00e2ncias inferiores por perda de prerrogativa de fun\u00e7\u00e3o do r\u00e9u antes da conclus\u00e3o do julgamento. Outros 13% prescreveram e 16% estavam<br \/><a class=\"more-link\" href=\"https:\/\/justicapotiguar.com.br\/index.php\/2021\/04\/26\/so-3-dos-reus-com-foro-sao-condenados-pelo-stf\/\">Mais&#8230;<\/a><\/p>\n","protected":false},"author":5,"featured_media":159,"comment_status":"open","ping_status":"open","sticky":false,"template":"","format":"standard","meta":[],"categories":[3],"tags":[],"_links":{"self":[{"href":"https:\/\/justicapotiguar.com.br\/index.php\/wp-json\/wp\/v2\/posts\/18356"}],"collection":[{"href":"https:\/\/justicapotiguar.com.br\/index.php\/wp-json\/wp\/v2\/posts"}],"about":[{"href":"https:\/\/justicapotiguar.com.br\/index.php\/wp-json\/wp\/v2\/types\/post"}],"author":[{"embeddable":true,"href":"https:\/\/justicapotiguar.com.br\/index.php\/wp-json\/wp\/v2\/users\/5"}],"replies":[{"embeddable":true,"href":"https:\/\/justicapotiguar.com.br\/index.php\/wp-json\/wp\/v2\/comments?post=18356"}],"version-history":[{"count":1,"href":"https:\/\/justicapotiguar.com.br\/index.php\/wp-json\/wp\/v2\/posts\/18356\/revisions"}],"predecessor-version":[{"id":18357,"href":"https:\/\/justicapotiguar.com.br\/index.php\/wp-json\/wp\/v2\/posts\/18356\/revisions\/18357"}],"wp:featuredmedia":[{"embeddable":true,"href":"https:\/\/justicapotiguar.com.br\/index.php\/wp-json\/wp\/v2\/media\/159"}],"wp:attachment":[{"href":"https:\/\/justicapotiguar.com.br\/index.php\/wp-json\/wp\/v2\/media?parent=18356"}],"wp:term":[{"taxonomy":"category","embeddable":true,"href":"https:\/\/justicapotiguar.com.br\/index.php\/wp-json\/wp\/v2\/categories?post=18356"},{"taxonomy":"post_tag","embeddable":true,"href":"https:\/\/justicapotiguar.com.br\/index.php\/wp-json\/wp\/v2\/tags?post=18356"}],"curies":[{"name":"wp","href":"https:\/\/api.w.org\/{rel}","templated":true}]}}