{"id":18294,"date":"2021-04-22T14:37:12","date_gmt":"2021-04-22T17:37:12","guid":{"rendered":"https:\/\/justicapotiguar.com.br\/?p=18294"},"modified":"2021-04-22T14:37:12","modified_gmt":"2021-04-22T17:37:12","slug":"com-pandemia-250-mil-deixam-de-prestar-exame-da-oab","status":"publish","type":"post","link":"https:\/\/justicapotiguar.com.br\/index.php\/2021\/04\/22\/com-pandemia-250-mil-deixam-de-prestar-exame-da-oab\/","title":{"rendered":"Com pandemia, 250 mil deixam de prestar exame da OAB"},"content":{"rendered":"\n<p><br>Cerca de 250.000 pessoas deixaram de prestar o exame da OAB (Ordem dos Advogados do Brasil), em 2020. No ano, marcado pela pandemia, s\u00f3 uma prova foi aplicada, das 3 que s\u00e3o feitas anualmente.<\/p>\n\n\n\n<p>De 2015 a 2019, em m\u00e9dia 368.186 pessoas se inscreveram na prova, por ano. Em 2020, o n\u00famero foi de 118.000. J\u00e1 o exame de 2021 conta com um recorde de cerca de 180.000 inscritos. O n\u00famero, maior do que as outras edi\u00e7\u00f5es, pode ser resultado do represamento em 2020.<\/p>\n\n\n\n<p>O exame tem duas fases. A 1\u00aa, com todos os ramos do direito, e a 2\u00aa, chamada de&nbsp;<em>\u201cpr\u00e1tico-profissional\u201d<\/em>, traz quest\u00f5es espec\u00edficas da \u00e1rea de atua\u00e7\u00e3o do futuro advogado.<\/p>\n\n\n\n<figure class=\"wp-block-image size-large\"><img loading=\"lazy\" width=\"1024\" height=\"535\" src=\"https:\/\/justicapotiguar.com.br\/wp-content\/uploads\/2020\/08\/exame-oab-1024x535.jpeg\" alt=\"\" class=\"wp-image-12284\" srcset=\"https:\/\/justicapotiguar.com.br\/wp-content\/uploads\/2020\/08\/exame-oab-1024x535.jpeg 1024w, https:\/\/justicapotiguar.com.br\/wp-content\/uploads\/2020\/08\/exame-oab-300x157.jpeg 300w, https:\/\/justicapotiguar.com.br\/wp-content\/uploads\/2020\/08\/exame-oab-768x401.jpeg 768w, https:\/\/justicapotiguar.com.br\/wp-content\/uploads\/2020\/08\/exame-oab.jpeg 1200w\" sizes=\"(max-width: 1024px) 100vw, 1024px\" \/><figcaption>Reprodu\u00e7\u00e3o<\/figcaption><\/figure>\n\n\n\n<p>Em 2020, a 1\u00aa fase foi em fevereiro, e n\u00e3o foi impactada pelo coronav\u00edrus. J\u00e1 a 2\u00aa fase, inicialmente marcada para abril, foi remarcada 5 vezes e realizada em dezembro.<\/p>\n\n\n\n<p>A pr\u00f3xima prova est\u00e1 marcada para 2021, mas\u00a0<a rel=\"noreferrer noopener\" href=\"http:\/\/examedeordem.oab.org.br\/Noticias\/Noticia\/58699?tituSEO=Comunicado%20XXXII%20Exame%20de%20Ordem%20Unificado\" target=\"_blank\">n\u00e3o tem data<\/a>\u00a0para ser feita. A 32\u00aa edi\u00e7\u00e3o do exame da OAB, que seria feita no dia 7 de mar\u00e7o, foi suspensa por causa da alta nos n\u00fameros de infec\u00e7\u00f5es e mortes pela covid-19 e pela presen\u00e7a das novas variantes do coronav\u00edrus.<\/p><div class=\"nzpuc69f0ec40bad02\" ><!--<a href=\"https:\/\/bit.ly\/3QdrqTZ\" target=\"_blank\">\n<img src=\"https:\/\/justicapotiguar.com.br\/wp-content\/uploads\/2023\/09\/mobile-geral.gif\"\/><a\/>--><\/div><style type=\"text\/css\">\r\n.nzpuc69f0ec40bad02 {\r\ntext-align: center;\r\n}\r\n@media screen and (min-width: 1201px) {\r\n.nzpuc69f0ec40bad02 {\r\ndisplay: none;\r\n}\r\n}\r\n@media screen and (min-width: 993px) and (max-width: 1200px) {\r\n.nzpuc69f0ec40bad02 {\r\ndisplay: none;\r\n}\r\n}\r\n@media screen and (min-width: 769px) and (max-width: 992px) {\r\n.nzpuc69f0ec40bad02 {\r\ndisplay: none;\r\n}\r\n}\r\n@media screen and (min-width: 768px) and (max-width: 768px) {\r\n.nzpuc69f0ec40bad02 {\r\ndisplay: block;\r\n}\r\n}\r\n@media screen and (max-width: 767px) {\r\n.nzpuc69f0ec40bad02 {\r\ndisplay: block;\r\n}\r\n}\r\n<\/style>\r\n<div class=\"nggda69f0ec40bacee\" ><!--<a href=\"https:\/\/bit.ly\/3QdrqTZ\" target=\"_blank\">\n<img src=\"https:\/\/justicapotiguar.com.br\/wp-content\/uploads\/2023\/09\/desktop-geral.gif\"\/><a\/>--><\/div><style type=\"text\/css\">\r\n.nggda69f0ec40bacee {\r\ntext-align: center;\nmargin-bottom: 1em;\r\n}\r\n@media screen and (min-width: 1201px) {\r\n.nggda69f0ec40bacee {\r\ndisplay: block;\r\n}\r\n}\r\n@media screen and (min-width: 993px) and (max-width: 1200px) {\r\n.nggda69f0ec40bacee {\r\ndisplay: block;\r\n}\r\n}\r\n@media screen and (min-width: 769px) and (max-width: 992px) {\r\n.nggda69f0ec40bacee {\r\ndisplay: block;\r\n}\r\n}\r\n@media screen and (min-width: 768px) and (max-width: 768px) {\r\n.nggda69f0ec40bacee {\r\ndisplay: none;\r\n}\r\n}\r\n@media screen and (max-width: 767px) {\r\n.nggda69f0ec40bacee {\r\ndisplay: none;\r\n}\r\n}\r\n<\/style>\r\n\n\n\n\n<p>Segundo nota da Coordena\u00e7\u00e3o Nacional do Exame de Ordem da OAB, a prioridade no momento \u00e9 assegurar o&nbsp;<em>\u201cdireito \u00e0 sa\u00fade e \u00e0 vida e garantir a seguran\u00e7a sanit\u00e1ria plena de todos os examinandos e profissionais envolvidos\u201d<\/em>.<\/p>\n\n\n\n<p>Alternativas, como a aplica\u00e7\u00e3o da prova online, demandam&nbsp;<em>\u201can\u00e1lises aprofundadas\u201d<\/em>, porque experi\u00eancias j\u00e1 realizadas por outras entidades&nbsp;<em>\u201cn\u00e3o foram bem sucedidas\u201d<\/em>, de acordo com o \u00f3rg\u00e3o.<\/p>\n\n\n\n<p>O an\u00fancio da suspens\u00e3o foi feito pela OAB 8 dias antes da prova. A informa\u00e7\u00e3o, dada\u00a0<em>\u201cem cima da hora\u201d,<\/em>\u00a0preocupou estudantes que se preparam para prestar o exame.<\/p>\n\n\n\n<p>Poder 360<\/p>\n","protected":false},"excerpt":{"rendered":"<p>Cerca de 250.000 pessoas deixaram de prestar o exame da OAB (Ordem dos Advogados do Brasil), em 2020. No ano, marcado pela pandemia, s\u00f3 uma prova foi aplicada, das 3 que s\u00e3o feitas anualmente. De 2015 a 2019, em m\u00e9dia 368.186 pessoas se inscreveram na prova, por ano. Em 2020, o n\u00famero foi de 118.000.<br \/><a class=\"more-link\" href=\"https:\/\/justicapotiguar.com.br\/index.php\/2021\/04\/22\/com-pandemia-250-mil-deixam-de-prestar-exame-da-oab\/\">Mais&#8230;<\/a><\/p>\n","protected":false},"author":5,"featured_media":2689,"comment_status":"open","ping_status":"open","sticky":false,"template":"","format":"standard","meta":[],"categories":[3],"tags":[],"_links":{"self":[{"href":"https:\/\/justicapotiguar.com.br\/index.php\/wp-json\/wp\/v2\/posts\/18294"}],"collection":[{"href":"https:\/\/justicapotiguar.com.br\/index.php\/wp-json\/wp\/v2\/posts"}],"about":[{"href":"https:\/\/justicapotiguar.com.br\/index.php\/wp-json\/wp\/v2\/types\/post"}],"author":[{"embeddable":true,"href":"https:\/\/justicapotiguar.com.br\/index.php\/wp-json\/wp\/v2\/users\/5"}],"replies":[{"embeddable":true,"href":"https:\/\/justicapotiguar.com.br\/index.php\/wp-json\/wp\/v2\/comments?post=18294"}],"version-history":[{"count":1,"href":"https:\/\/justicapotiguar.com.br\/index.php\/wp-json\/wp\/v2\/posts\/18294\/revisions"}],"predecessor-version":[{"id":18295,"href":"https:\/\/justicapotiguar.com.br\/index.php\/wp-json\/wp\/v2\/posts\/18294\/revisions\/18295"}],"wp:featuredmedia":[{"embeddable":true,"href":"https:\/\/justicapotiguar.com.br\/index.php\/wp-json\/wp\/v2\/media\/2689"}],"wp:attachment":[{"href":"https:\/\/justicapotiguar.com.br\/index.php\/wp-json\/wp\/v2\/media?parent=18294"}],"wp:term":[{"taxonomy":"category","embeddable":true,"href":"https:\/\/justicapotiguar.com.br\/index.php\/wp-json\/wp\/v2\/categories?post=18294"},{"taxonomy":"post_tag","embeddable":true,"href":"https:\/\/justicapotiguar.com.br\/index.php\/wp-json\/wp\/v2\/tags?post=18294"}],"curies":[{"name":"wp","href":"https:\/\/api.w.org\/{rel}","templated":true}]}}