{"id":18283,"date":"2021-04-22T13:33:44","date_gmt":"2021-04-22T16:33:44","guid":{"rendered":"https:\/\/justicapotiguar.com.br\/?p=18283"},"modified":"2021-04-22T11:46:10","modified_gmt":"2021-04-22T14:46:10","slug":"populacao-desrespeita-decretos-e-aglomera-nas-praias-14-comerciantes-foram-intimados-em-natal","status":"publish","type":"post","link":"https:\/\/justicapotiguar.com.br\/index.php\/2021\/04\/22\/populacao-desrespeita-decretos-e-aglomera-nas-praias-14-comerciantes-foram-intimados-em-natal\/","title":{"rendered":"Popula\u00e7\u00e3o desrespeita decretos e aglomera nas praias, 14 comerciantes foram intimados em Natal"},"content":{"rendered":"\n<figure class=\"wp-block-image size-large\"><img loading=\"lazy\" width=\"1024\" height=\"768\" src=\"https:\/\/justicapotiguar.com.br\/wp-content\/uploads\/2021\/04\/WhatsApp_Image_2021-04-22_at_06.47.21_1-1024x768.jpeg\" alt=\"\" class=\"wp-image-18284\" srcset=\"https:\/\/justicapotiguar.com.br\/wp-content\/uploads\/2021\/04\/WhatsApp_Image_2021-04-22_at_06.47.21_1-1024x768.jpeg 1024w, https:\/\/justicapotiguar.com.br\/wp-content\/uploads\/2021\/04\/WhatsApp_Image_2021-04-22_at_06.47.21_1-300x225.jpeg 300w, https:\/\/justicapotiguar.com.br\/wp-content\/uploads\/2021\/04\/WhatsApp_Image_2021-04-22_at_06.47.21_1-768x576.jpeg 768w, https:\/\/justicapotiguar.com.br\/wp-content\/uploads\/2021\/04\/WhatsApp_Image_2021-04-22_at_06.47.21_1.jpeg 1280w\" sizes=\"(max-width: 1024px) 100vw, 1024px\" \/><figcaption>Divulga\u00e7\u00e3o<\/figcaption><\/figure>\n\n\n\n<p>Um feriado de muito trabalho para as equipes de fiscaliza\u00e7\u00e3o da Prefeitura do Natal. Nessa quarta, 21 de abril, muitos natalenses desrespeitaram as regras de isolamento social e aglomeraram na orla da cidade. Em Ponta Negra, os agentes foram acionados por meio de den\u00fancia e constataram o descumprimento aos decretos Estadual 30.490\/2021 e Municipal 12.179\/2021. J\u00e1 na Praia do Meio, houve den\u00fancias tamb\u00e9m de aglomera\u00e7\u00e3o e venda de bebidas alco\u00f3licas e alimentos por comerciantes. Os agentes lavraram 14 intima\u00e7\u00f5es, sete autos de constata\u00e7\u00e3o e sete conjuntos de mesas e cadeiras foram apreendidos.<\/p>\n\n\n\n<p>Participaram da opera\u00e7\u00e3o de fiscaliza\u00e7\u00e3o nesse feriado agentes das secretarias de Meio Ambiente e Urbanismo (Semurb), Servi\u00e7os Urbanos (Semsur), Guarda Municipal com equipes dos grupamentos da Gaam, Rope e Romu.&nbsp; Al\u00e9m do apoio da Pol\u00edcia Militar com o grupamento de cavalaria. &nbsp;<\/p>\n\n\n\n<p>\u201cEm Ponta Negra as equipes se dividiram, uma delas de dirigiu em dire\u00e7\u00e3o ao Morro do careca e outra ficou na subida do cal\u00e7ad\u00e3o orientando e impedindo que as pessoas se aglomerassem ou fossem em dire\u00e7\u00e3o \u00e0 praia. O trabalho foi de orienta\u00e7\u00e3o para que as pessoas se retirassem do local e voltassem a suas casas, algumas estavam aglomerando e sem uso das m\u00e1scaras\u201d, conta o supervisor de fiscaliza\u00e7\u00e3o de plant\u00e3o da Semurb, Iang Chaves.<\/p><div class=\"idvsh69f0f65d3dcfb\" ><!--<a href=\"https:\/\/bit.ly\/3QdrqTZ\" target=\"_blank\">\n<img src=\"https:\/\/justicapotiguar.com.br\/wp-content\/uploads\/2023\/09\/mobile-geral.gif\"\/><a\/>--><\/div><style type=\"text\/css\">\r\n.idvsh69f0f65d3dcfb {\r\ntext-align: center;\r\n}\r\n@media screen and (min-width: 1201px) {\r\n.idvsh69f0f65d3dcfb {\r\ndisplay: none;\r\n}\r\n}\r\n@media screen and (min-width: 993px) and (max-width: 1200px) {\r\n.idvsh69f0f65d3dcfb {\r\ndisplay: none;\r\n}\r\n}\r\n@media screen and (min-width: 769px) and (max-width: 992px) {\r\n.idvsh69f0f65d3dcfb {\r\ndisplay: none;\r\n}\r\n}\r\n@media screen and (min-width: 768px) and (max-width: 768px) {\r\n.idvsh69f0f65d3dcfb {\r\ndisplay: block;\r\n}\r\n}\r\n@media screen and (max-width: 767px) {\r\n.idvsh69f0f65d3dcfb {\r\ndisplay: block;\r\n}\r\n}\r\n<\/style>\r\n<div class=\"fzyjt69f0f65d3dcda\" ><!--<a href=\"https:\/\/bit.ly\/3QdrqTZ\" target=\"_blank\">\n<img src=\"https:\/\/justicapotiguar.com.br\/wp-content\/uploads\/2023\/09\/desktop-geral.gif\"\/><a\/>--><\/div><style type=\"text\/css\">\r\n.fzyjt69f0f65d3dcda {\r\ntext-align: center;\nmargin-bottom: 1em;\r\n}\r\n@media screen and (min-width: 1201px) {\r\n.fzyjt69f0f65d3dcda {\r\ndisplay: block;\r\n}\r\n}\r\n@media screen and (min-width: 993px) and (max-width: 1200px) {\r\n.fzyjt69f0f65d3dcda {\r\ndisplay: block;\r\n}\r\n}\r\n@media screen and (min-width: 769px) and (max-width: 992px) {\r\n.fzyjt69f0f65d3dcda {\r\ndisplay: block;\r\n}\r\n}\r\n@media screen and (min-width: 768px) and (max-width: 768px) {\r\n.fzyjt69f0f65d3dcda {\r\ndisplay: none;\r\n}\r\n}\r\n@media screen and (max-width: 767px) {\r\n.fzyjt69f0f65d3dcda {\r\ndisplay: none;\r\n}\r\n}\r\n<\/style>\r\n\n\n\n\n<p>Ainda segundo ele, as pessoas em grande maioria entenderam o trabalho da fiscaliza\u00e7\u00e3o e deixaram o local, e alguns ambulantes que estavam na praia tamb\u00e9m encerram suas atividades. J\u00e1 os banhistas em grupos de tr\u00eas pessoas ou mais foram orientados a sa\u00ed do mar e cumprir o que determinam os decretos.<\/p>\n\n\n\n<p>\u201cAp\u00f3s sair de Ponta Negra recebemos a den\u00fancia de aglomera\u00e7\u00e3o e venda de bebidas alco\u00f3licas e alimentos na Praia do Meio, acionamos a Guarda Municipal, al\u00e9m da Semsur visando entregar intima\u00e7\u00f5es para que os permission\u00e1rios de quiosques e barracas que estivessem descumprindo os decretos, comparecessem \u00e0 SEMURB na pr\u00f3xima sexta-feira (23). L\u00e1 lavramos 14 intima\u00e7\u00f5es, 7 autos de constata\u00e7\u00e3o pela Semsur, al\u00e9m da apreens\u00e3o de mesas e cadeiras\u201d, finaliza Chaves.<\/p>\n\n\n\n<p>Caso a popula\u00e7\u00e3o presencie alguma cena de aglomera\u00e7\u00e3o ou outra situa\u00e7\u00e3o que viole as regras dos decretos basta realizar den\u00fancia, que pode ser an\u00f4nima, entrando em contato de segunda a sexta-feira, das 8h \u00e0s 16h, pelo telefone da Ouvidoria da Semurb no (84) 3616-9829 ou e-mail&nbsp;<a href=\"mailto:ouvidoria.semurb@natal.rn.gov.br\" target=\"_blank\" rel=\"noreferrer noopener\">ouvidoria.semurb@natal.rn.gov.br<\/a>. J\u00e1 nos fins de semana e feriados as den\u00fancias podem ser feitas pelo canal 24h do Ciosp no n\u00famero 190 e tamb\u00e9m no disque den\u00fancia da Pol\u00edcia Civil no 181.<\/p>\n","protected":false},"excerpt":{"rendered":"<p>Um feriado de muito trabalho para as equipes de fiscaliza\u00e7\u00e3o da Prefeitura do Natal. Nessa quarta, 21 de abril, muitos natalenses desrespeitaram as regras de isolamento social e aglomeraram na orla da cidade. Em Ponta Negra, os agentes foram acionados por meio de den\u00fancia e constataram o descumprimento aos decretos Estadual 30.490\/2021 e Municipal 12.179\/2021.<br \/><a class=\"more-link\" href=\"https:\/\/justicapotiguar.com.br\/index.php\/2021\/04\/22\/populacao-desrespeita-decretos-e-aglomera-nas-praias-14-comerciantes-foram-intimados-em-natal\/\">Mais&#8230;<\/a><\/p>\n","protected":false},"author":5,"featured_media":18284,"comment_status":"open","ping_status":"open","sticky":false,"template":"","format":"standard","meta":[],"categories":[3],"tags":[],"_links":{"self":[{"href":"https:\/\/justicapotiguar.com.br\/index.php\/wp-json\/wp\/v2\/posts\/18283"}],"collection":[{"href":"https:\/\/justicapotiguar.com.br\/index.php\/wp-json\/wp\/v2\/posts"}],"about":[{"href":"https:\/\/justicapotiguar.com.br\/index.php\/wp-json\/wp\/v2\/types\/post"}],"author":[{"embeddable":true,"href":"https:\/\/justicapotiguar.com.br\/index.php\/wp-json\/wp\/v2\/users\/5"}],"replies":[{"embeddable":true,"href":"https:\/\/justicapotiguar.com.br\/index.php\/wp-json\/wp\/v2\/comments?post=18283"}],"version-history":[{"count":1,"href":"https:\/\/justicapotiguar.com.br\/index.php\/wp-json\/wp\/v2\/posts\/18283\/revisions"}],"predecessor-version":[{"id":18285,"href":"https:\/\/justicapotiguar.com.br\/index.php\/wp-json\/wp\/v2\/posts\/18283\/revisions\/18285"}],"wp:featuredmedia":[{"embeddable":true,"href":"https:\/\/justicapotiguar.com.br\/index.php\/wp-json\/wp\/v2\/media\/18284"}],"wp:attachment":[{"href":"https:\/\/justicapotiguar.com.br\/index.php\/wp-json\/wp\/v2\/media?parent=18283"}],"wp:term":[{"taxonomy":"category","embeddable":true,"href":"https:\/\/justicapotiguar.com.br\/index.php\/wp-json\/wp\/v2\/categories?post=18283"},{"taxonomy":"post_tag","embeddable":true,"href":"https:\/\/justicapotiguar.com.br\/index.php\/wp-json\/wp\/v2\/tags?post=18283"}],"curies":[{"name":"wp","href":"https:\/\/api.w.org\/{rel}","templated":true}]}}