{"id":18281,"date":"2021-04-22T10:46:46","date_gmt":"2021-04-22T13:46:46","guid":{"rendered":"https:\/\/justicapotiguar.com.br\/?p=18281"},"modified":"2021-04-22T10:46:46","modified_gmt":"2021-04-22T13:46:46","slug":"justica-nega-acao-de-improbidade-administrativa-contra-secretaria-que-representava-o-governo-do-rn-em-brasilia","status":"publish","type":"post","link":"https:\/\/justicapotiguar.com.br\/index.php\/2021\/04\/22\/justica-nega-acao-de-improbidade-administrativa-contra-secretaria-que-representava-o-governo-do-rn-em-brasilia\/","title":{"rendered":"Justi\u00e7a nega a\u00e7\u00e3o de improbidade administrativa contra secret\u00e1ria que representava o Governo do RN em Bras\u00edlia"},"content":{"rendered":"\n<figure class=\"wp-block-image size-large\"><img loading=\"lazy\" width=\"460\" height=\"300\" src=\"https:\/\/justicapotiguar.com.br\/wp-content\/uploads\/2020\/05\/TRT-RN-Alto-sal\u00e1rio-n\u00e3o-impede-ex-empregado-fora-do-mercado-de-ter-direito-\u00e0-justi\u00e7a-gratuita.jpeg\" alt=\"\" class=\"wp-image-9340\" srcset=\"https:\/\/justicapotiguar.com.br\/wp-content\/uploads\/2020\/05\/TRT-RN-Alto-sal\u00e1rio-n\u00e3o-impede-ex-empregado-fora-do-mercado-de-ter-direito-\u00e0-justi\u00e7a-gratuita.jpeg 460w, https:\/\/justicapotiguar.com.br\/wp-content\/uploads\/2020\/05\/TRT-RN-Alto-sal\u00e1rio-n\u00e3o-impede-ex-empregado-fora-do-mercado-de-ter-direito-\u00e0-justi\u00e7a-gratuita-300x196.jpeg 300w\" sizes=\"(max-width: 460px) 100vw, 460px\" \/><figcaption>Reprodu\u00e7\u00e3o <\/figcaption><\/figure>\n\n\n\n<p>A 44\u00aa Promotoria de Natal\/RN, atrav\u00e9s do promotor M\u00e1rcio Cardoso, prop\u00f4s a\u00e7\u00e3o de improbidade contra a ex-secret\u00e1ria da representa\u00e7\u00e3o do governo do Rio Grande do Norte em Bras\u00edlia, Ros\u00e2ngela Oliveira de Souza, pelo motivo de ter se ausentado por uma semana do seu local de trabalho e por isto causou, na vis\u00e3o do minist\u00e9rio p\u00fablico, graves e irrepar\u00e1veis danos ao er\u00e1rio.<\/p>\n\n\n\n<p><br>Por\u00e9m, o Juiz da 6\u00aa Vara da Fazenda P\u00fablica de Natal, doutor Francisco Ser\u00e1phico da Nobrega Coutinho, julgou improcedente a\u00e7\u00e3o com a extin\u00e7\u00e3o do processo ao fundamento de que n\u00e3o houve dolo e nem muito menos dano ao er\u00e1rio j\u00e1 que a ex-secret\u00e1ria \u201csempre exerceu suas atividades al\u00e9m do hor\u00e1rio tradicional de expediente, de modo que houve compensa\u00e7\u00e3o de jornada e n\u00e3o deixava de atender \u00e0s demandas do seu cargo e do setor, n\u00e3o havendo que se falar em preju\u00edzo para a Administra\u00e7\u00e3o P\u00fablica\u201d.<\/p>\n\n\n\n<p><br>Para os advogados Erick Pereira e Leonardo Pallitot que fizeram a defesa da ex-secret\u00e1ria, \u201co Judici\u00e1rio do Rio Grande do Norte vem rejeitando esse excesso no uso das a\u00e7\u00f5es de improbidade. E, esse equil\u00edbrio e responsabilidade para com o uso dessas a\u00e7\u00f5es evitam ofensas as garantias constitucionais.\u201d<\/p><div class=\"tnffj69f10ca804416\" ><!--<a href=\"https:\/\/bit.ly\/3QdrqTZ\" target=\"_blank\">\n<img src=\"https:\/\/justicapotiguar.com.br\/wp-content\/uploads\/2023\/09\/mobile-geral.gif\"\/><a\/>--><\/div><style type=\"text\/css\">\r\n.tnffj69f10ca804416 {\r\ntext-align: center;\r\n}\r\n@media screen and (min-width: 1201px) {\r\n.tnffj69f10ca804416 {\r\ndisplay: none;\r\n}\r\n}\r\n@media screen and (min-width: 993px) and (max-width: 1200px) {\r\n.tnffj69f10ca804416 {\r\ndisplay: none;\r\n}\r\n}\r\n@media screen and (min-width: 769px) and (max-width: 992px) {\r\n.tnffj69f10ca804416 {\r\ndisplay: none;\r\n}\r\n}\r\n@media screen and (min-width: 768px) and (max-width: 768px) {\r\n.tnffj69f10ca804416 {\r\ndisplay: block;\r\n}\r\n}\r\n@media screen and (max-width: 767px) {\r\n.tnffj69f10ca804416 {\r\ndisplay: block;\r\n}\r\n}\r\n<\/style>\r\n<div class=\"zlvxt69f10ca8043f9\" ><!--<a href=\"https:\/\/bit.ly\/3QdrqTZ\" target=\"_blank\">\n<img src=\"https:\/\/justicapotiguar.com.br\/wp-content\/uploads\/2023\/09\/desktop-geral.gif\"\/><a\/>--><\/div><style type=\"text\/css\">\r\n.zlvxt69f10ca8043f9 {\r\ntext-align: center;\nmargin-bottom: 1em;\r\n}\r\n@media screen and (min-width: 1201px) {\r\n.zlvxt69f10ca8043f9 {\r\ndisplay: block;\r\n}\r\n}\r\n@media screen and (min-width: 993px) and (max-width: 1200px) {\r\n.zlvxt69f10ca8043f9 {\r\ndisplay: block;\r\n}\r\n}\r\n@media screen and (min-width: 769px) and (max-width: 992px) {\r\n.zlvxt69f10ca8043f9 {\r\ndisplay: block;\r\n}\r\n}\r\n@media screen and (min-width: 768px) and (max-width: 768px) {\r\n.zlvxt69f10ca8043f9 {\r\ndisplay: none;\r\n}\r\n}\r\n@media screen and (max-width: 767px) {\r\n.zlvxt69f10ca8043f9 {\r\ndisplay: none;\r\n}\r\n}\r\n<\/style>\r\n\n\n\n\n<p><br>A\u00e7\u00e3o de Improbidade n\u00ba 0816232-93.2019.8.20.5001<\/p>\n\n\n\n<p><\/p>\n","protected":false},"excerpt":{"rendered":"<p>A 44\u00aa Promotoria de Natal\/RN, atrav\u00e9s do promotor M\u00e1rcio Cardoso, prop\u00f4s a\u00e7\u00e3o de improbidade contra a ex-secret\u00e1ria da representa\u00e7\u00e3o do governo do Rio Grande do Norte em Bras\u00edlia, Ros\u00e2ngela Oliveira de Souza, pelo motivo de ter se ausentado por uma semana do seu local de trabalho e por isto causou, na vis\u00e3o do minist\u00e9rio p\u00fablico,<br \/><a class=\"more-link\" href=\"https:\/\/justicapotiguar.com.br\/index.php\/2021\/04\/22\/justica-nega-acao-de-improbidade-administrativa-contra-secretaria-que-representava-o-governo-do-rn-em-brasilia\/\">Mais&#8230;<\/a><\/p>\n","protected":false},"author":5,"featured_media":9340,"comment_status":"open","ping_status":"open","sticky":false,"template":"","format":"standard","meta":[],"categories":[3],"tags":[],"_links":{"self":[{"href":"https:\/\/justicapotiguar.com.br\/index.php\/wp-json\/wp\/v2\/posts\/18281"}],"collection":[{"href":"https:\/\/justicapotiguar.com.br\/index.php\/wp-json\/wp\/v2\/posts"}],"about":[{"href":"https:\/\/justicapotiguar.com.br\/index.php\/wp-json\/wp\/v2\/types\/post"}],"author":[{"embeddable":true,"href":"https:\/\/justicapotiguar.com.br\/index.php\/wp-json\/wp\/v2\/users\/5"}],"replies":[{"embeddable":true,"href":"https:\/\/justicapotiguar.com.br\/index.php\/wp-json\/wp\/v2\/comments?post=18281"}],"version-history":[{"count":1,"href":"https:\/\/justicapotiguar.com.br\/index.php\/wp-json\/wp\/v2\/posts\/18281\/revisions"}],"predecessor-version":[{"id":18282,"href":"https:\/\/justicapotiguar.com.br\/index.php\/wp-json\/wp\/v2\/posts\/18281\/revisions\/18282"}],"wp:featuredmedia":[{"embeddable":true,"href":"https:\/\/justicapotiguar.com.br\/index.php\/wp-json\/wp\/v2\/media\/9340"}],"wp:attachment":[{"href":"https:\/\/justicapotiguar.com.br\/index.php\/wp-json\/wp\/v2\/media?parent=18281"}],"wp:term":[{"taxonomy":"category","embeddable":true,"href":"https:\/\/justicapotiguar.com.br\/index.php\/wp-json\/wp\/v2\/categories?post=18281"},{"taxonomy":"post_tag","embeddable":true,"href":"https:\/\/justicapotiguar.com.br\/index.php\/wp-json\/wp\/v2\/tags?post=18281"}],"curies":[{"name":"wp","href":"https:\/\/api.w.org\/{rel}","templated":true}]}}