{"id":18271,"date":"2021-04-22T11:30:00","date_gmt":"2021-04-22T14:30:00","guid":{"rendered":"https:\/\/justicapotiguar.com.br\/?p=18271"},"modified":"2021-04-21T22:32:14","modified_gmt":"2021-04-22T01:32:14","slug":"desembargador-e-aposentado-compulsoriamente-pelo-cnj-quase-10-anos-apos-ser-afastado-por-venda-de-sentencas","status":"publish","type":"post","link":"https:\/\/justicapotiguar.com.br\/index.php\/2021\/04\/22\/desembargador-e-aposentado-compulsoriamente-pelo-cnj-quase-10-anos-apos-ser-afastado-por-venda-de-sentencas\/","title":{"rendered":"Desembargador \u00e9 aposentado compulsoriamente pelo CNJ quase 10 anos ap\u00f3s ser afastado por  venda de senten\u00e7as"},"content":{"rendered":"\n<figure class=\"wp-block-image size-large\"><img loading=\"lazy\" width=\"600\" height=\"400\" src=\"https:\/\/justicapotiguar.com.br\/wp-content\/uploads\/2021\/04\/amadocilton.jpg\" alt=\"\" class=\"wp-image-18272\" srcset=\"https:\/\/justicapotiguar.com.br\/wp-content\/uploads\/2021\/04\/amadocilton.jpg 600w, https:\/\/justicapotiguar.com.br\/wp-content\/uploads\/2021\/04\/amadocilton-300x200.jpg 300w\" sizes=\"(max-width: 600px) 100vw, 600px\" \/><figcaption>Reprodu\u00e7\u00e3o<\/figcaption><\/figure>\n\n\n\n<p>O desembargador afastado do Tribunal de Justi\u00e7a do Tocantins, Amado Cilton Rosa, foi condenado a aposentadoria compuls\u00f3ria pelo Conselho Nacional de Justi\u00e7a (CNJ) nesta ter\u00e7a-feira (20). A decis\u00e3o vem quase 10 anos ap\u00f3s ele ser afastado das fun\u00e7\u00f5es por suspeita de venda de senten\u00e7as. De acordo com o CNJ, mesmo aposentado Amado Cilton vai receber &#8220;proventos proporcionais&#8221;.<\/p>\n\n\n\n<p>O relator do caso foi o conselheiro Luiz Fernando Keppen. No momento em que anunciou o voto, em sess\u00e3o remota, ele disse que &#8220;h\u00e1 provas suficientes nos autos para condenar o desembargador&#8221; por corrup\u00e7\u00e3o passiva, concuss\u00e3o e peculato. &#8220;Ele nomeou parentes no gabinete como assessores e montou um n\u00facleo de venda de decis\u00f5es judiciais&#8221;, afirmou o relator. O voto foi acompanhado pelos demais conselheiros.<\/p>\n\n\n\n<p>O advogado Jo\u00e3o Daniel Rassi, que representa Amado Cilton neste processo, disse que: &#8220;O desembargador Amado tem demonstrado sua inoc\u00eancia tanto na a\u00e7\u00e3o penal em curso no STJ, quanto no procedimento administrativo do CNJ, em rela\u00e7\u00e3o ao qual ir\u00e1 recorrer da decis\u00e3o de hoje&#8221;.<\/p><div class=\"hwndl69f0f65cf045f\" ><!--<a href=\"https:\/\/bit.ly\/3QdrqTZ\" target=\"_blank\">\n<img src=\"https:\/\/justicapotiguar.com.br\/wp-content\/uploads\/2023\/09\/mobile-geral.gif\"\/><a\/>--><\/div><style type=\"text\/css\">\r\n.hwndl69f0f65cf045f {\r\ntext-align: center;\r\n}\r\n@media screen and (min-width: 1201px) {\r\n.hwndl69f0f65cf045f {\r\ndisplay: none;\r\n}\r\n}\r\n@media screen and (min-width: 993px) and (max-width: 1200px) {\r\n.hwndl69f0f65cf045f {\r\ndisplay: none;\r\n}\r\n}\r\n@media screen and (min-width: 769px) and (max-width: 992px) {\r\n.hwndl69f0f65cf045f {\r\ndisplay: none;\r\n}\r\n}\r\n@media screen and (min-width: 768px) and (max-width: 768px) {\r\n.hwndl69f0f65cf045f {\r\ndisplay: block;\r\n}\r\n}\r\n@media screen and (max-width: 767px) {\r\n.hwndl69f0f65cf045f {\r\ndisplay: block;\r\n}\r\n}\r\n<\/style>\r\n<div class=\"mcawc69f0f65cf043d\" ><!--<a href=\"https:\/\/bit.ly\/3QdrqTZ\" target=\"_blank\">\n<img src=\"https:\/\/justicapotiguar.com.br\/wp-content\/uploads\/2023\/09\/desktop-geral.gif\"\/><a\/>--><\/div><style type=\"text\/css\">\r\n.mcawc69f0f65cf043d {\r\ntext-align: center;\nmargin-bottom: 1em;\r\n}\r\n@media screen and (min-width: 1201px) {\r\n.mcawc69f0f65cf043d {\r\ndisplay: block;\r\n}\r\n}\r\n@media screen and (min-width: 993px) and (max-width: 1200px) {\r\n.mcawc69f0f65cf043d {\r\ndisplay: block;\r\n}\r\n}\r\n@media screen and (min-width: 769px) and (max-width: 992px) {\r\n.mcawc69f0f65cf043d {\r\ndisplay: block;\r\n}\r\n}\r\n@media screen and (min-width: 768px) and (max-width: 768px) {\r\n.mcawc69f0f65cf043d {\r\ndisplay: none;\r\n}\r\n}\r\n@media screen and (max-width: 767px) {\r\n.mcawc69f0f65cf043d {\r\ndisplay: none;\r\n}\r\n}\r\n<\/style>\r\n\n\n\n\n<p>Cilton foi acusado de organizar um esquema de venda de senten\u00e7as em seu gabinete. O afastamento foi no dia 9 de junho de 2011, mas ele era investigado pela Pol\u00edcia Federal desde 2010 no \u00e2mbito da\u00a0<a href=\"http:\/\/g1.globo.com\/brasil\/noticia\/2010\/12\/operacao-da-pf-investiga-corrupcao-no-tocantins.html\">Opera\u00e7\u00e3o Maet<\/a>. O inqu\u00e9rito apura ainda o envolvimento de outros desembargadores que tamb\u00e9m est\u00e3o afastados, mas a decis\u00e3o sobre os demais investigados \u00e9 independente da senten\u00e7a de Amado Cilton.<\/p>\n\n\n\n<p>G1<\/p>\n","protected":false},"excerpt":{"rendered":"<p>O desembargador afastado do Tribunal de Justi\u00e7a do Tocantins, Amado Cilton Rosa, foi condenado a aposentadoria compuls\u00f3ria pelo Conselho Nacional de Justi\u00e7a (CNJ) nesta ter\u00e7a-feira (20). A decis\u00e3o vem quase 10 anos ap\u00f3s ele ser afastado das fun\u00e7\u00f5es por suspeita de venda de senten\u00e7as. De acordo com o CNJ, mesmo aposentado Amado Cilton vai receber<br \/><a class=\"more-link\" href=\"https:\/\/justicapotiguar.com.br\/index.php\/2021\/04\/22\/desembargador-e-aposentado-compulsoriamente-pelo-cnj-quase-10-anos-apos-ser-afastado-por-venda-de-sentencas\/\">Mais&#8230;<\/a><\/p>\n","protected":false},"author":5,"featured_media":18272,"comment_status":"open","ping_status":"open","sticky":false,"template":"","format":"standard","meta":[],"categories":[3],"tags":[],"_links":{"self":[{"href":"https:\/\/justicapotiguar.com.br\/index.php\/wp-json\/wp\/v2\/posts\/18271"}],"collection":[{"href":"https:\/\/justicapotiguar.com.br\/index.php\/wp-json\/wp\/v2\/posts"}],"about":[{"href":"https:\/\/justicapotiguar.com.br\/index.php\/wp-json\/wp\/v2\/types\/post"}],"author":[{"embeddable":true,"href":"https:\/\/justicapotiguar.com.br\/index.php\/wp-json\/wp\/v2\/users\/5"}],"replies":[{"embeddable":true,"href":"https:\/\/justicapotiguar.com.br\/index.php\/wp-json\/wp\/v2\/comments?post=18271"}],"version-history":[{"count":1,"href":"https:\/\/justicapotiguar.com.br\/index.php\/wp-json\/wp\/v2\/posts\/18271\/revisions"}],"predecessor-version":[{"id":18273,"href":"https:\/\/justicapotiguar.com.br\/index.php\/wp-json\/wp\/v2\/posts\/18271\/revisions\/18273"}],"wp:featuredmedia":[{"embeddable":true,"href":"https:\/\/justicapotiguar.com.br\/index.php\/wp-json\/wp\/v2\/media\/18272"}],"wp:attachment":[{"href":"https:\/\/justicapotiguar.com.br\/index.php\/wp-json\/wp\/v2\/media?parent=18271"}],"wp:term":[{"taxonomy":"category","embeddable":true,"href":"https:\/\/justicapotiguar.com.br\/index.php\/wp-json\/wp\/v2\/categories?post=18271"},{"taxonomy":"post_tag","embeddable":true,"href":"https:\/\/justicapotiguar.com.br\/index.php\/wp-json\/wp\/v2\/tags?post=18271"}],"curies":[{"name":"wp","href":"https:\/\/api.w.org\/{rel}","templated":true}]}}