{"id":18203,"date":"2021-04-19T14:18:08","date_gmt":"2021-04-19T17:18:08","guid":{"rendered":"https:\/\/justicapotiguar.com.br\/?p=18203"},"modified":"2021-04-19T15:34:07","modified_gmt":"2021-04-19T18:34:07","slug":"trf5-tranca-acao-penal-contra-comunicador-bruno-giovanni-movida-por-denuncia-de-crime-contra-a-honra-de-juiz","status":"publish","type":"post","link":"https:\/\/justicapotiguar.com.br\/index.php\/2021\/04\/19\/trf5-tranca-acao-penal-contra-comunicador-bruno-giovanni-movida-por-denuncia-de-crime-contra-a-honra-de-juiz\/","title":{"rendered":"TRF5 tranca a\u00e7\u00e3o penal contra comunicador Bruno Giovanni movida por den\u00fancia de crime contra a honra de juiz"},"content":{"rendered":"\n<figure class=\"wp-block-image size-large\"><img loading=\"lazy\" width=\"430\" height=\"250\" src=\"https:\/\/justicapotiguar.com.br\/wp-content\/uploads\/2020\/01\/trf5.jpg\" alt=\"\" class=\"wp-image-5812\" srcset=\"https:\/\/justicapotiguar.com.br\/wp-content\/uploads\/2020\/01\/trf5.jpg 430w, https:\/\/justicapotiguar.com.br\/wp-content\/uploads\/2020\/01\/trf5-300x174.jpg 300w\" sizes=\"(max-width: 430px) 100vw, 430px\" \/><figcaption>Reprodu\u00e7\u00e3o<\/figcaption><\/figure>\n\n\n\n<p>A 4\u00aa Turma do Tribunal Regional Federal da 5\u00aa Regi\u00e3o \u00e0 unanimidade aprovou o trancamento da a\u00e7\u00e3o penal movida contra o comunicador Bruno Giovanni, pelo Minist\u00e9rio P\u00fablico Federal, por meio do procurador da Rep\u00fablica, Fernando Rocha, por supostos crimes contra a honra ao juiz eleitoral Francisco Glauber, em postagem no Blog do BG sobre a n\u00e3o diploma\u00e7\u00e3o do ent\u00e3o deputado estadual Sandro Pimentel, ap\u00f3s as elei\u00e7\u00f5es de 2018.<\/p>\n\n\n\n<p>&#8220;N\u00e3o se vislumbra na situa\u00e7\u00e3o qualquer declara\u00e7\u00e3o maliciosa, que denigra, que maltrate a honra dos agentes p\u00fablicos envolvidos na quest\u00e3o para al\u00e9m do natural contexto p\u00fablico que ela suscita. Ela tem n\u00edtido tom de cr\u00edtica pol\u00edtica, absolutamente legitima, sobretudo para aqueles do Judici\u00e1rio que exercitam a jurisdi\u00e7\u00e3o eleitoral. Faz parte do jogo&#8221;, diz o voto do relator Bruno Carra.<\/p>\n\n\n\n<p>Ainda segundo o voto seguido \u00e0 unanimidade, &#8220;A escolha do subt\u00edtulo &#8220;o misterioso caso de Sandro Pimentel&#8221; tamb\u00e9m n\u00e3o teve, ao que se percebe, e<br>ao contr\u00e1rio do entendido pelo \u00f3rg\u00e3o acusador, a inten\u00e7\u00e3o de atribuir ao Juiz Federal ofendido a irregular pr\u00e1tica de negar publicidade ao processo de Sandro Pimentel; mas, sim, a de passar para os eleitores do blog o estranhamento do autor do texto a respeito da forma como estava sendo conduzido o aludido feito eleitoral; o que, portanto, n\u00e3o destoa do regular exerc\u00edcio da liberdade de cr\u00edtica&#8221;. Por fim, foi decidido pelo trancamento da a\u00e7\u00e3o.<\/p><div class=\"ayrsu69f10ce329b91\" ><!--<a href=\"https:\/\/bit.ly\/3QdrqTZ\" target=\"_blank\">\n<img src=\"https:\/\/justicapotiguar.com.br\/wp-content\/uploads\/2023\/09\/mobile-geral.gif\"\/><a\/>--><\/div><style type=\"text\/css\">\r\n.ayrsu69f10ce329b91 {\r\ntext-align: center;\r\n}\r\n@media screen and (min-width: 1201px) {\r\n.ayrsu69f10ce329b91 {\r\ndisplay: none;\r\n}\r\n}\r\n@media screen and (min-width: 993px) and (max-width: 1200px) {\r\n.ayrsu69f10ce329b91 {\r\ndisplay: none;\r\n}\r\n}\r\n@media screen and (min-width: 769px) and (max-width: 992px) {\r\n.ayrsu69f10ce329b91 {\r\ndisplay: none;\r\n}\r\n}\r\n@media screen and (min-width: 768px) and (max-width: 768px) {\r\n.ayrsu69f10ce329b91 {\r\ndisplay: block;\r\n}\r\n}\r\n@media screen and (max-width: 767px) {\r\n.ayrsu69f10ce329b91 {\r\ndisplay: block;\r\n}\r\n}\r\n<\/style>\r\n<div class=\"fbues69f10ce329b71\" ><!--<a href=\"https:\/\/bit.ly\/3QdrqTZ\" target=\"_blank\">\n<img src=\"https:\/\/justicapotiguar.com.br\/wp-content\/uploads\/2023\/09\/desktop-geral.gif\"\/><a\/>--><\/div><style type=\"text\/css\">\r\n.fbues69f10ce329b71 {\r\ntext-align: center;\nmargin-bottom: 1em;\r\n}\r\n@media screen and (min-width: 1201px) {\r\n.fbues69f10ce329b71 {\r\ndisplay: block;\r\n}\r\n}\r\n@media screen and (min-width: 993px) and (max-width: 1200px) {\r\n.fbues69f10ce329b71 {\r\ndisplay: block;\r\n}\r\n}\r\n@media screen and (min-width: 769px) and (max-width: 992px) {\r\n.fbues69f10ce329b71 {\r\ndisplay: block;\r\n}\r\n}\r\n@media screen and (min-width: 768px) and (max-width: 768px) {\r\n.fbues69f10ce329b71 {\r\ndisplay: none;\r\n}\r\n}\r\n@media screen and (max-width: 767px) {\r\n.fbues69f10ce329b71 {\r\ndisplay: none;\r\n}\r\n}\r\n<\/style>\r\n\n\n\n\n<p>A defesa foi patrocinada pelos advogados Andr\u00e9 Castro e Altair Rocha Filho.<\/p>\n\n\n\n<div class=\"wp-block-file\"><a href=\"https:\/\/justicapotiguar.com.br\/wp-content\/uploads\/2021\/04\/HC-BG-0802547-66.2021.4.05.0000.pdf\">HC-BG-0802547-66.2021.4.05.0000<\/a><a href=\"https:\/\/justicapotiguar.com.br\/wp-content\/uploads\/2021\/04\/HC-BG-0802547-66.2021.4.05.0000.pdf\" class=\"wp-block-file__button\" download>Baixar<\/a><\/div>\n\n\n\n<p><\/p>\n","protected":false},"excerpt":{"rendered":"<p>A 4\u00aa Turma do Tribunal Regional Federal da 5\u00aa Regi\u00e3o \u00e0 unanimidade aprovou o trancamento da a\u00e7\u00e3o penal movida contra o comunicador Bruno Giovanni, pelo Minist\u00e9rio P\u00fablico Federal, por meio do procurador da Rep\u00fablica, Fernando Rocha, por supostos crimes contra a honra ao juiz eleitoral Francisco Glauber, em postagem no Blog do BG sobre a<br \/><a class=\"more-link\" href=\"https:\/\/justicapotiguar.com.br\/index.php\/2021\/04\/19\/trf5-tranca-acao-penal-contra-comunicador-bruno-giovanni-movida-por-denuncia-de-crime-contra-a-honra-de-juiz\/\">Mais&#8230;<\/a><\/p>\n","protected":false},"author":5,"featured_media":5812,"comment_status":"open","ping_status":"open","sticky":false,"template":"","format":"standard","meta":[],"categories":[3],"tags":[],"_links":{"self":[{"href":"https:\/\/justicapotiguar.com.br\/index.php\/wp-json\/wp\/v2\/posts\/18203"}],"collection":[{"href":"https:\/\/justicapotiguar.com.br\/index.php\/wp-json\/wp\/v2\/posts"}],"about":[{"href":"https:\/\/justicapotiguar.com.br\/index.php\/wp-json\/wp\/v2\/types\/post"}],"author":[{"embeddable":true,"href":"https:\/\/justicapotiguar.com.br\/index.php\/wp-json\/wp\/v2\/users\/5"}],"replies":[{"embeddable":true,"href":"https:\/\/justicapotiguar.com.br\/index.php\/wp-json\/wp\/v2\/comments?post=18203"}],"version-history":[{"count":5,"href":"https:\/\/justicapotiguar.com.br\/index.php\/wp-json\/wp\/v2\/posts\/18203\/revisions"}],"predecessor-version":[{"id":18213,"href":"https:\/\/justicapotiguar.com.br\/index.php\/wp-json\/wp\/v2\/posts\/18203\/revisions\/18213"}],"wp:featuredmedia":[{"embeddable":true,"href":"https:\/\/justicapotiguar.com.br\/index.php\/wp-json\/wp\/v2\/media\/5812"}],"wp:attachment":[{"href":"https:\/\/justicapotiguar.com.br\/index.php\/wp-json\/wp\/v2\/media?parent=18203"}],"wp:term":[{"taxonomy":"category","embeddable":true,"href":"https:\/\/justicapotiguar.com.br\/index.php\/wp-json\/wp\/v2\/categories?post=18203"},{"taxonomy":"post_tag","embeddable":true,"href":"https:\/\/justicapotiguar.com.br\/index.php\/wp-json\/wp\/v2\/tags?post=18203"}],"curies":[{"name":"wp","href":"https:\/\/api.w.org\/{rel}","templated":true}]}}