{"id":18102,"date":"2021-04-15T08:31:36","date_gmt":"2021-04-15T11:31:36","guid":{"rendered":"https:\/\/justicapotiguar.com.br\/?p=18102"},"modified":"2021-04-14T22:38:35","modified_gmt":"2021-04-15T01:38:35","slug":"stf-decide-que-cabe-ao-plenario-julgar-condenacoes-de-lula","status":"publish","type":"post","link":"https:\/\/justicapotiguar.com.br\/index.php\/2021\/04\/15\/stf-decide-que-cabe-ao-plenario-julgar-condenacoes-de-lula\/","title":{"rendered":"STF decide que cabe ao plen\u00e1rio julgar condena\u00e7\u00f5es de Lula"},"content":{"rendered":"\n<p>Na tarde desta quarta-feira, 14, o plen\u00e1rio do STF deu in\u00edcio ao julgamento das anula\u00e7\u00f5es das condena\u00e7\u00f5es de&nbsp;<strong>Lula<\/strong>&nbsp;a partir da&nbsp;<a href=\"https:\/\/www.migalhas.com.br\/quentes\/341380\/fachin-anula-as-condenacoes-de-lula-na-lava-jato\" target=\"_blank\" rel=\"noreferrer noopener\">decis\u00e3o monocr\u00e1tica<\/a>&nbsp;de Edson Fachin.<\/p>\n\n\n\n<p>Hoje, os ministros decidiram que cabe ao plen\u00e1rio do Supremo, e n\u00e3o da 2\u00aa turma, o julgamento da compet\u00eancia de Curitiba nas decis\u00f5es sobre o ex-presidente. Por maioria, os ministros reiteraram dispositivo do regimento interno do STF, que d\u00e1 poder ao relator para afetar o caso de forma monocr\u00e1tica ao plen\u00e1rio. O debate continuar\u00e1 amanh\u00e3, quinta-feira, 15.<\/p>\n\n\n\n<figure class=\"wp-block-image\"><img src=\"https:\/\/img2.migalhas.uol.com.br\/_MEDPROC_\/https__img1.migalhas.uol.com.br__SL__gf_base__SL__empresas__SL__MIGA__SL__imagens__SL__2021__SL__04__SL__14__SL__94bc2790-9bff-4dbf-9530-18aef053aaa1.jpg._PROC_CP75.jpg\" alt=\"(Imagem: Marlene Bergamo\/Folhapress)\" title=\"(Imagem: Marlene Bergamo\/Folhapress)\"\/><\/figure>\n\n\n\n<p>(Imagem: Marlene Bergamo\/Folhapress)<\/p>\n\n\n\n<p><strong>Recursos<\/strong><\/p><div class=\"txncu69f13ac1bfde6\" ><!--<a href=\"https:\/\/bit.ly\/3QdrqTZ\" target=\"_blank\">\n<img src=\"https:\/\/justicapotiguar.com.br\/wp-content\/uploads\/2023\/09\/mobile-geral.gif\"\/><a\/>--><\/div><style type=\"text\/css\">\r\n.txncu69f13ac1bfde6 {\r\ntext-align: center;\r\n}\r\n@media screen and (min-width: 1201px) {\r\n.txncu69f13ac1bfde6 {\r\ndisplay: none;\r\n}\r\n}\r\n@media screen and (min-width: 993px) and (max-width: 1200px) {\r\n.txncu69f13ac1bfde6 {\r\ndisplay: none;\r\n}\r\n}\r\n@media screen and (min-width: 769px) and (max-width: 992px) {\r\n.txncu69f13ac1bfde6 {\r\ndisplay: none;\r\n}\r\n}\r\n@media screen and (min-width: 768px) and (max-width: 768px) {\r\n.txncu69f13ac1bfde6 {\r\ndisplay: block;\r\n}\r\n}\r\n@media screen and (max-width: 767px) {\r\n.txncu69f13ac1bfde6 {\r\ndisplay: block;\r\n}\r\n}\r\n<\/style>\r\n<div class=\"lwmmg69f13ac1bfdcf\" ><!--<a href=\"https:\/\/bit.ly\/3QdrqTZ\" target=\"_blank\">\n<img src=\"https:\/\/justicapotiguar.com.br\/wp-content\/uploads\/2023\/09\/desktop-geral.gif\"\/><a\/>--><\/div><style type=\"text\/css\">\r\n.lwmmg69f13ac1bfdcf {\r\ntext-align: center;\nmargin-bottom: 1em;\r\n}\r\n@media screen and (min-width: 1201px) {\r\n.lwmmg69f13ac1bfdcf {\r\ndisplay: block;\r\n}\r\n}\r\n@media screen and (min-width: 993px) and (max-width: 1200px) {\r\n.lwmmg69f13ac1bfdcf {\r\ndisplay: block;\r\n}\r\n}\r\n@media screen and (min-width: 769px) and (max-width: 992px) {\r\n.lwmmg69f13ac1bfdcf {\r\ndisplay: block;\r\n}\r\n}\r\n@media screen and (min-width: 768px) and (max-width: 768px) {\r\n.lwmmg69f13ac1bfdcf {\r\ndisplay: none;\r\n}\r\n}\r\n@media screen and (max-width: 767px) {\r\n.lwmmg69f13ac1bfdcf {\r\ndisplay: none;\r\n}\r\n}\r\n<\/style>\r\n\n\n\n\n<p>O caso de Lula no STF est\u00e1 disposto em tr\u00eas recursos:<\/p>\n\n\n\n<ul><li>Recurso da PGR: restabelecimento da compet\u00eancia de Curitiba;<\/li><li>Recuso da defesa de Lula: extens\u00e3o dos efeitos da decis\u00e3o de Fachin aos outros casos que envolvem o ex-presidente;<\/li><li><em>Recuso da defesa de Lula: ju\u00edzo natural &#8211; quem deve julgar o caso, se o plen\u00e1rio ou a 2\u00aa turma.<\/em><\/li><\/ul>\n\n\n\n<p>Na sess\u00e3o de hoje, os ministros analisaram este \u00faltimo recurso, sobre a afeta\u00e7\u00e3o do caso ao plen\u00e1rio. A defesa diz que, no \u00e2mbito deste HC, h\u00e1 um aparte que j\u00e1 foi objeto de julgamento pela 2\u00aa turma, qual seja, a\u00a0<a rel=\"noreferrer noopener\" href=\"https:\/\/www.migalhas.com.br\/quentes\/342251\/2-turma-do-stf-reconhece-parcialidade-de-moro-em-decisoes-sobre-lula\" target=\"_blank\">suspei\u00e7\u00e3o<\/a>\u00a0do ex-juiz Moro. Assim, para os advogados, o caso n\u00e3o poderia ser remetido ao plen\u00e1rio.\u00a0<\/p>\n\n\n\n<p>Migalhas<\/p>\n","protected":false},"excerpt":{"rendered":"<p>Na tarde desta quarta-feira, 14, o plen\u00e1rio do STF deu in\u00edcio ao julgamento das anula\u00e7\u00f5es das condena\u00e7\u00f5es de&nbsp;Lula&nbsp;a partir da&nbsp;decis\u00e3o monocr\u00e1tica&nbsp;de Edson Fachin. Hoje, os ministros decidiram que cabe ao plen\u00e1rio do Supremo, e n\u00e3o da 2\u00aa turma, o julgamento da compet\u00eancia de Curitiba nas decis\u00f5es sobre o ex-presidente. Por maioria, os ministros reiteraram dispositivo<br \/><a class=\"more-link\" href=\"https:\/\/justicapotiguar.com.br\/index.php\/2021\/04\/15\/stf-decide-que-cabe-ao-plenario-julgar-condenacoes-de-lula\/\">Mais&#8230;<\/a><\/p>\n","protected":false},"author":5,"featured_media":6150,"comment_status":"open","ping_status":"open","sticky":false,"template":"","format":"standard","meta":[],"categories":[3],"tags":[],"_links":{"self":[{"href":"https:\/\/justicapotiguar.com.br\/index.php\/wp-json\/wp\/v2\/posts\/18102"}],"collection":[{"href":"https:\/\/justicapotiguar.com.br\/index.php\/wp-json\/wp\/v2\/posts"}],"about":[{"href":"https:\/\/justicapotiguar.com.br\/index.php\/wp-json\/wp\/v2\/types\/post"}],"author":[{"embeddable":true,"href":"https:\/\/justicapotiguar.com.br\/index.php\/wp-json\/wp\/v2\/users\/5"}],"replies":[{"embeddable":true,"href":"https:\/\/justicapotiguar.com.br\/index.php\/wp-json\/wp\/v2\/comments?post=18102"}],"version-history":[{"count":1,"href":"https:\/\/justicapotiguar.com.br\/index.php\/wp-json\/wp\/v2\/posts\/18102\/revisions"}],"predecessor-version":[{"id":18103,"href":"https:\/\/justicapotiguar.com.br\/index.php\/wp-json\/wp\/v2\/posts\/18102\/revisions\/18103"}],"wp:featuredmedia":[{"embeddable":true,"href":"https:\/\/justicapotiguar.com.br\/index.php\/wp-json\/wp\/v2\/media\/6150"}],"wp:attachment":[{"href":"https:\/\/justicapotiguar.com.br\/index.php\/wp-json\/wp\/v2\/media?parent=18102"}],"wp:term":[{"taxonomy":"category","embeddable":true,"href":"https:\/\/justicapotiguar.com.br\/index.php\/wp-json\/wp\/v2\/categories?post=18102"},{"taxonomy":"post_tag","embeddable":true,"href":"https:\/\/justicapotiguar.com.br\/index.php\/wp-json\/wp\/v2\/tags?post=18102"}],"curies":[{"name":"wp","href":"https:\/\/api.w.org\/{rel}","templated":true}]}}