{"id":1809,"date":"2019-09-04T15:46:54","date_gmt":"2019-09-04T18:46:54","guid":{"rendered":"https:\/\/justicapotiguar.com.br\/?p=1809"},"modified":"2019-09-04T21:22:01","modified_gmt":"2019-09-05T00:22:01","slug":"motorista-de-uber-nao-tem-vinculo-empregaticio-com-aplicativo-diz-stj","status":"publish","type":"post","link":"https:\/\/justicapotiguar.com.br\/index.php\/2019\/09\/04\/motorista-de-uber-nao-tem-vinculo-empregaticio-com-aplicativo-diz-stj\/","title":{"rendered":"Motorista de Uber n\u00e3o tem v\u00ednculo empregat\u00edcio com aplicativo, diz STJ"},"content":{"rendered":"\n<figure class=\"wp-block-image\"><img loading=\"lazy\" width=\"652\" height=\"408\" src=\"https:\/\/justicapotiguar.com.br\/wp-content\/uploads\/2019\/08\/uber.jpg\" alt=\"\" class=\"wp-image-1194\" srcset=\"https:\/\/justicapotiguar.com.br\/wp-content\/uploads\/2019\/08\/uber.jpg 652w, https:\/\/justicapotiguar.com.br\/wp-content\/uploads\/2019\/08\/uber-300x188.jpg 300w\" sizes=\"(max-width: 652px) 100vw, 652px\" \/><figcaption>Foto: Divulga\u00e7\u00e3o<\/figcaption><\/figure>\n\n\n\n<p>O Superior Tribunal de Justi\u00e7a (STJ) decidiu que&nbsp;os motoristas de Uber n\u00e3o t\u00eam v\u00ednculo empregat\u00edcio e, por isso, n\u00e3o podem reivindicar direitos na Justi\u00e7a trabalhista. A decis\u00e3o, publicada&nbsp;hoje&nbsp;(4), foi tomada na semana passada, por unanimidade, pelos dez&nbsp;ministros que comp\u00f5em a&nbsp;Segunda&nbsp;Se\u00e7\u00e3o da Corte.<\/p>\n\n\n\n<p>O entendimento foi alcan\u00e7ado no julgamento de um conflito de compet\u00eancia, em que coube ao STJ definir qual ramo da Justi\u00e7a deveria julgar um pedido de indeniza\u00e7\u00e3o feito por um motorista ap\u00f3s o Uber bloque\u00e1-lo por m\u00e1-conduta.<\/p>\n\n\n\n<p>O motorista processou o aplicativo na Justi\u00e7a de Minas Gerais, alegando danos materiais por&nbsp;ter&nbsp;ficado impossibilitado de trabalhar. Contudo, por entender tratar-se de um conflito trabalhista, o ju\u00edzo estadual enviou o caso para a Justi\u00e7a do Trabalho, que tampouco reconheceu ser competente para julg\u00e1-lo.<\/p><div class=\"adxqe69ed9d41a1028\" ><!--<a href=\"https:\/\/bit.ly\/3QdrqTZ\" target=\"_blank\">\n<img src=\"https:\/\/justicapotiguar.com.br\/wp-content\/uploads\/2023\/09\/mobile-geral.gif\"\/><a\/>--><\/div><style type=\"text\/css\">\r\n.adxqe69ed9d41a1028 {\r\ntext-align: center;\r\n}\r\n@media screen and (min-width: 1201px) {\r\n.adxqe69ed9d41a1028 {\r\ndisplay: none;\r\n}\r\n}\r\n@media screen and (min-width: 993px) and (max-width: 1200px) {\r\n.adxqe69ed9d41a1028 {\r\ndisplay: none;\r\n}\r\n}\r\n@media screen and (min-width: 769px) and (max-width: 992px) {\r\n.adxqe69ed9d41a1028 {\r\ndisplay: none;\r\n}\r\n}\r\n@media screen and (min-width: 768px) and (max-width: 768px) {\r\n.adxqe69ed9d41a1028 {\r\ndisplay: block;\r\n}\r\n}\r\n@media screen and (max-width: 767px) {\r\n.adxqe69ed9d41a1028 {\r\ndisplay: block;\r\n}\r\n}\r\n<\/style>\r\n<div class=\"bqrpt69ed9d41a100c\" ><!--<a href=\"https:\/\/bit.ly\/3QdrqTZ\" target=\"_blank\">\n<img src=\"https:\/\/justicapotiguar.com.br\/wp-content\/uploads\/2023\/09\/desktop-geral.gif\"\/><a\/>--><\/div><style type=\"text\/css\">\r\n.bqrpt69ed9d41a100c {\r\ntext-align: center;\nmargin-bottom: 1em;\r\n}\r\n@media screen and (min-width: 1201px) {\r\n.bqrpt69ed9d41a100c {\r\ndisplay: block;\r\n}\r\n}\r\n@media screen and (min-width: 993px) and (max-width: 1200px) {\r\n.bqrpt69ed9d41a100c {\r\ndisplay: block;\r\n}\r\n}\r\n@media screen and (min-width: 769px) and (max-width: 992px) {\r\n.bqrpt69ed9d41a100c {\r\ndisplay: block;\r\n}\r\n}\r\n@media screen and (min-width: 768px) and (max-width: 768px) {\r\n.bqrpt69ed9d41a100c {\r\ndisplay: none;\r\n}\r\n}\r\n@media screen and (max-width: 767px) {\r\n.bqrpt69ed9d41a100c {\r\ndisplay: none;\r\n}\r\n}\r\n<\/style>\r\n\n\n\n\n<p>Ao definir a compet\u00eancia da Justi\u00e7a comum para analisar o processo, o relator no STJ, ministro Moura Ribeiro, afirmou que os \u201cmotoristas de aplicativo n\u00e3o mant\u00eam rela\u00e7\u00e3o hier\u00e1rquica com a empresa Uber, porque seus servi\u00e7os s\u00e3o prestados de forma eventual, sem hor\u00e1rios pr\u00e9-estabelecidos, e n\u00e3o recebem sal\u00e1rio fixo, o que descaracteriza o v\u00ednculo empregat\u00edcio entre as partes\u201d.<\/p>\n\n\n\n<p>Para o ministro, o motorista de aplicativo \u00e9 um trabalhador aut\u00f4nomo. \u201cAfastada a rela\u00e7\u00e3o de emprego, tem-se que o sistema de transporte privado individual, a partir de provedores de rede de compartilhamento, det\u00e9m natureza de cunho civil\u201d, afirmou. Ele foi acompanhado por todos os demais ministros da\u00a0Segunda\u00a0Se\u00e7\u00e3o do STJ.<\/p>\n\n\n\n<p><strong>Ag\u00eancia Brasil<\/strong><\/p>\n","protected":false},"excerpt":{"rendered":"<p>A decis\u00e3o, publicada hoje (4), foi tomada na semana passada, por unanimidade, pelos dez ministros que comp\u00f5em a Segunda Se\u00e7\u00e3o da Corte.<br \/><a class=\"more-link\" href=\"https:\/\/justicapotiguar.com.br\/index.php\/2019\/09\/04\/motorista-de-uber-nao-tem-vinculo-empregaticio-com-aplicativo-diz-stj\/\">Mais&#8230;<\/a><\/p>\n","protected":false},"author":5,"featured_media":1194,"comment_status":"open","ping_status":"open","sticky":false,"template":"","format":"standard","meta":[],"categories":[3],"tags":[],"_links":{"self":[{"href":"https:\/\/justicapotiguar.com.br\/index.php\/wp-json\/wp\/v2\/posts\/1809"}],"collection":[{"href":"https:\/\/justicapotiguar.com.br\/index.php\/wp-json\/wp\/v2\/posts"}],"about":[{"href":"https:\/\/justicapotiguar.com.br\/index.php\/wp-json\/wp\/v2\/types\/post"}],"author":[{"embeddable":true,"href":"https:\/\/justicapotiguar.com.br\/index.php\/wp-json\/wp\/v2\/users\/5"}],"replies":[{"embeddable":true,"href":"https:\/\/justicapotiguar.com.br\/index.php\/wp-json\/wp\/v2\/comments?post=1809"}],"version-history":[{"count":1,"href":"https:\/\/justicapotiguar.com.br\/index.php\/wp-json\/wp\/v2\/posts\/1809\/revisions"}],"predecessor-version":[{"id":1810,"href":"https:\/\/justicapotiguar.com.br\/index.php\/wp-json\/wp\/v2\/posts\/1809\/revisions\/1810"}],"wp:featuredmedia":[{"embeddable":true,"href":"https:\/\/justicapotiguar.com.br\/index.php\/wp-json\/wp\/v2\/media\/1194"}],"wp:attachment":[{"href":"https:\/\/justicapotiguar.com.br\/index.php\/wp-json\/wp\/v2\/media?parent=1809"}],"wp:term":[{"taxonomy":"category","embeddable":true,"href":"https:\/\/justicapotiguar.com.br\/index.php\/wp-json\/wp\/v2\/categories?post=1809"},{"taxonomy":"post_tag","embeddable":true,"href":"https:\/\/justicapotiguar.com.br\/index.php\/wp-json\/wp\/v2\/tags?post=1809"}],"curies":[{"name":"wp","href":"https:\/\/api.w.org\/{rel}","templated":true}]}}