{"id":18085,"date":"2021-04-14T14:39:46","date_gmt":"2021-04-14T17:39:46","guid":{"rendered":"https:\/\/justicapotiguar.com.br\/?p=18085"},"modified":"2021-04-14T14:51:25","modified_gmt":"2021-04-14T17:51:25","slug":"tj-divulga-nomes-de-advogados-que-concorrem-a-vaga-no-tre-rn-confira","status":"publish","type":"post","link":"https:\/\/justicapotiguar.com.br\/index.php\/2021\/04\/14\/tj-divulga-nomes-de-advogados-que-concorrem-a-vaga-no-tre-rn-confira\/","title":{"rendered":"TJ divulga nomes de advogados que concorrem \u00e0 vaga no TRE-RN; confira"},"content":{"rendered":"\n<figure class=\"wp-block-image size-large\"><img loading=\"lazy\" width=\"602\" height=\"400\" src=\"https:\/\/justicapotiguar.com.br\/wp-content\/uploads\/2020\/03\/TRE-RN.jpg\" alt=\"\" class=\"wp-image-7252\" srcset=\"https:\/\/justicapotiguar.com.br\/wp-content\/uploads\/2020\/03\/TRE-RN.jpg 602w, https:\/\/justicapotiguar.com.br\/wp-content\/uploads\/2020\/03\/TRE-RN-300x199.jpg 300w\" sizes=\"(max-width: 602px) 100vw, 602px\" \/><figcaption>Reprodu\u00e7\u00e3o<\/figcaption><\/figure>\n\n\n\n<p>O Tribunal de Justi\u00e7a do RN divulgou nesta quarta-feira, 14, os nomes dos advogados que se inscreveram para a vaga de membro do Tribunal Regional Eleitoral, bi\u00eanio 2021-2023.<\/p><div class=\"bvoti69f13ac240610\" ><!--<a href=\"https:\/\/bit.ly\/3QdrqTZ\" target=\"_blank\">\n<img src=\"https:\/\/justicapotiguar.com.br\/wp-content\/uploads\/2023\/09\/mobile-geral.gif\"\/><a\/>--><\/div><style type=\"text\/css\">\r\n.bvoti69f13ac240610 {\r\ntext-align: center;\r\n}\r\n@media screen and (min-width: 1201px) {\r\n.bvoti69f13ac240610 {\r\ndisplay: none;\r\n}\r\n}\r\n@media screen and (min-width: 993px) and (max-width: 1200px) {\r\n.bvoti69f13ac240610 {\r\ndisplay: none;\r\n}\r\n}\r\n@media screen and (min-width: 769px) and (max-width: 992px) {\r\n.bvoti69f13ac240610 {\r\ndisplay: none;\r\n}\r\n}\r\n@media screen and (min-width: 768px) and (max-width: 768px) {\r\n.bvoti69f13ac240610 {\r\ndisplay: block;\r\n}\r\n}\r\n@media screen and (max-width: 767px) {\r\n.bvoti69f13ac240610 {\r\ndisplay: block;\r\n}\r\n}\r\n<\/style>\r\n<div class=\"nmegf69f13ac2405f5\" ><!--<a href=\"https:\/\/bit.ly\/3QdrqTZ\" target=\"_blank\">\n<img src=\"https:\/\/justicapotiguar.com.br\/wp-content\/uploads\/2023\/09\/desktop-geral.gif\"\/><a\/>--><\/div><style type=\"text\/css\">\r\n.nmegf69f13ac2405f5 {\r\ntext-align: center;\nmargin-bottom: 1em;\r\n}\r\n@media screen and (min-width: 1201px) {\r\n.nmegf69f13ac2405f5 {\r\ndisplay: block;\r\n}\r\n}\r\n@media screen and (min-width: 993px) and (max-width: 1200px) {\r\n.nmegf69f13ac2405f5 {\r\ndisplay: block;\r\n}\r\n}\r\n@media screen and (min-width: 769px) and (max-width: 992px) {\r\n.nmegf69f13ac2405f5 {\r\ndisplay: block;\r\n}\r\n}\r\n@media screen and (min-width: 768px) and (max-width: 768px) {\r\n.nmegf69f13ac2405f5 {\r\ndisplay: none;\r\n}\r\n}\r\n@media screen and (max-width: 767px) {\r\n.nmegf69f13ac2405f5 {\r\ndisplay: none;\r\n}\r\n}\r\n<\/style>\r\n\n\n\n\n<p>Os nomes inscritos s\u00e3o: Adriana Magalh\u00e3es (atual ocupante da vaga), Felipe Maciel,\u00a0 J\u00falio C\u00e9sar, Daniel Mariz Maia, Paulo Henrique, Romy Christine. Ser\u00e1 formada uma Lista Tr\u00edplice para em seguida escolha do nome do novo membro que dever\u00e1 assumir vaga na Corte a partir de junho.<\/p>\n","protected":false},"excerpt":{"rendered":"<p>O Tribunal de Justi\u00e7a do RN divulgou nesta quarta-feira, 14, os nomes dos advogados que se inscreveram para a vaga de membro do Tribunal Regional Eleitoral, bi\u00eanio 2021-2023. Os nomes inscritos s\u00e3o: Adriana Magalh\u00e3es (atual ocupante da vaga), Felipe Maciel,\u00a0 J\u00falio C\u00e9sar, Daniel Mariz Maia, Paulo Henrique, Romy Christine. Ser\u00e1 formada uma Lista Tr\u00edplice para<br \/><a class=\"more-link\" href=\"https:\/\/justicapotiguar.com.br\/index.php\/2021\/04\/14\/tj-divulga-nomes-de-advogados-que-concorrem-a-vaga-no-tre-rn-confira\/\">Mais&#8230;<\/a><\/p>\n","protected":false},"author":5,"featured_media":524,"comment_status":"open","ping_status":"open","sticky":false,"template":"","format":"standard","meta":[],"categories":[3],"tags":[],"_links":{"self":[{"href":"https:\/\/justicapotiguar.com.br\/index.php\/wp-json\/wp\/v2\/posts\/18085"}],"collection":[{"href":"https:\/\/justicapotiguar.com.br\/index.php\/wp-json\/wp\/v2\/posts"}],"about":[{"href":"https:\/\/justicapotiguar.com.br\/index.php\/wp-json\/wp\/v2\/types\/post"}],"author":[{"embeddable":true,"href":"https:\/\/justicapotiguar.com.br\/index.php\/wp-json\/wp\/v2\/users\/5"}],"replies":[{"embeddable":true,"href":"https:\/\/justicapotiguar.com.br\/index.php\/wp-json\/wp\/v2\/comments?post=18085"}],"version-history":[{"count":2,"href":"https:\/\/justicapotiguar.com.br\/index.php\/wp-json\/wp\/v2\/posts\/18085\/revisions"}],"predecessor-version":[{"id":18090,"href":"https:\/\/justicapotiguar.com.br\/index.php\/wp-json\/wp\/v2\/posts\/18085\/revisions\/18090"}],"wp:featuredmedia":[{"embeddable":true,"href":"https:\/\/justicapotiguar.com.br\/index.php\/wp-json\/wp\/v2\/media\/524"}],"wp:attachment":[{"href":"https:\/\/justicapotiguar.com.br\/index.php\/wp-json\/wp\/v2\/media?parent=18085"}],"wp:term":[{"taxonomy":"category","embeddable":true,"href":"https:\/\/justicapotiguar.com.br\/index.php\/wp-json\/wp\/v2\/categories?post=18085"},{"taxonomy":"post_tag","embeddable":true,"href":"https:\/\/justicapotiguar.com.br\/index.php\/wp-json\/wp\/v2\/tags?post=18085"}],"curies":[{"name":"wp","href":"https:\/\/api.w.org\/{rel}","templated":true}]}}