{"id":1806,"date":"2019-09-04T20:20:37","date_gmt":"2019-09-04T23:20:37","guid":{"rendered":"https:\/\/justicapotiguar.com.br\/?p=1806"},"modified":"2019-09-04T15:38:44","modified_gmt":"2019-09-04T18:38:44","slug":"trt-rn-tre-rn-e-justica-federal-assinam-acordo-de-cooperacao","status":"publish","type":"post","link":"https:\/\/justicapotiguar.com.br\/index.php\/2019\/09\/04\/trt-rn-tre-rn-e-justica-federal-assinam-acordo-de-cooperacao\/","title":{"rendered":"TRT-RN, TRE-RN e Justi\u00e7a Federal assinam Acordo de Coopera\u00e7\u00e3o"},"content":{"rendered":"\n<p>O presidente do Tribunal Regional do Trabalho da 21\u00aa Regi\u00e3o (TRT-RN), desembargador Bento Herculano Duarte Neto, assinou, na tarde desta ter\u00e7a-feira (3), na sede do Tribunal Regional Eleitoral do Rio Grande do Norte (TRE-RN), um Acordo de Coopera\u00e7\u00e3o T\u00e9cnica com a Justi\u00e7a Eleitoral e a Justi\u00e7a Federal do estado.<\/p>\n\n\n\n<p>Tamb\u00e9m assinaram o documento, o presidente do TRE-RN, desembargador Glauber R\u00eago, e o vice-diretor do Foro JFRN, juiz Jos\u00e9 Carlos Dantas Teixeira de Souza.<\/p>\n\n\n\n<figure class=\"wp-block-image\"><img src=\"https:\/\/mail.google.com\/mail\/u\/0?ui=2&amp;ik=46136d5545&amp;attid=0.0.2&amp;permmsgid=msg-f:1643766564447675974&amp;th=16cfd4fb37916646&amp;view=fimg&amp;sz=s0-l75-ft&amp;attbid=ANGjdJ_zpJ5o9-7QzgnLbjxZeAY1OgH1tjjNW8rGAtZ9tJg6FUxQmi7QsPM7LRtZtL-44R8OXJKu74YDAeuYUGd2bu4xmQ9qEHbIjWtOj0B-J2dMyHipXfH76FqVG1Q&amp;disp=emb&amp;realattid=ii_k05j64eu1\" alt=\"Conv\u00eanio (2).jpg\"\/><figcaption>Foto: Divulga\u00e7\u00e3o\/TRE<\/figcaption><\/figure>\n\n\n\n<p>Com o acordo, as institui\u00e7\u00f5es ter\u00e3o a possibilidade de realizar um interc\u00e2mbio de conhecimento, de informa\u00e7\u00f5es e de tecnologias relacionadas \u00e0 educa\u00e7\u00e3o corporativa, al\u00e9m do compartilhamento de espa\u00e7os f\u00edsicos e de equipamentos para a\u00e7\u00f5es de capacita\u00e7\u00e3o.<\/p>\n\n\n\n<p>Para o desembargador presidente do TRT-RN, a parceria entre os \u00f3rg\u00e3os \u00e9 um importante instrumento na busca por efici\u00eancia e prote\u00e7\u00e3o ao interesse p\u00fablico.<\/p><div class=\"mwyfr69edaa286dbe9\" ><!--<a href=\"https:\/\/bit.ly\/3QdrqTZ\" target=\"_blank\">\n<img src=\"https:\/\/justicapotiguar.com.br\/wp-content\/uploads\/2023\/09\/mobile-geral.gif\"\/><a\/>--><\/div><style type=\"text\/css\">\r\n.mwyfr69edaa286dbe9 {\r\ntext-align: center;\r\n}\r\n@media screen and (min-width: 1201px) {\r\n.mwyfr69edaa286dbe9 {\r\ndisplay: none;\r\n}\r\n}\r\n@media screen and (min-width: 993px) and (max-width: 1200px) {\r\n.mwyfr69edaa286dbe9 {\r\ndisplay: none;\r\n}\r\n}\r\n@media screen and (min-width: 769px) and (max-width: 992px) {\r\n.mwyfr69edaa286dbe9 {\r\ndisplay: none;\r\n}\r\n}\r\n@media screen and (min-width: 768px) and (max-width: 768px) {\r\n.mwyfr69edaa286dbe9 {\r\ndisplay: block;\r\n}\r\n}\r\n@media screen and (max-width: 767px) {\r\n.mwyfr69edaa286dbe9 {\r\ndisplay: block;\r\n}\r\n}\r\n<\/style>\r\n<div class=\"jgxva69edaa286dbcf\" ><!--<a href=\"https:\/\/bit.ly\/3QdrqTZ\" target=\"_blank\">\n<img src=\"https:\/\/justicapotiguar.com.br\/wp-content\/uploads\/2023\/09\/desktop-geral.gif\"\/><a\/>--><\/div><style type=\"text\/css\">\r\n.jgxva69edaa286dbcf {\r\ntext-align: center;\nmargin-bottom: 1em;\r\n}\r\n@media screen and (min-width: 1201px) {\r\n.jgxva69edaa286dbcf {\r\ndisplay: block;\r\n}\r\n}\r\n@media screen and (min-width: 993px) and (max-width: 1200px) {\r\n.jgxva69edaa286dbcf {\r\ndisplay: block;\r\n}\r\n}\r\n@media screen and (min-width: 769px) and (max-width: 992px) {\r\n.jgxva69edaa286dbcf {\r\ndisplay: block;\r\n}\r\n}\r\n@media screen and (min-width: 768px) and (max-width: 768px) {\r\n.jgxva69edaa286dbcf {\r\ndisplay: none;\r\n}\r\n}\r\n@media screen and (max-width: 767px) {\r\n.jgxva69edaa286dbcf {\r\ndisplay: none;\r\n}\r\n}\r\n<\/style>\r\n\n\n\n\n<p>&nbsp;\u201cDesde que entramos na magistratura, verificamos que as amarras decorrentes da estrutura p\u00fablica s\u00e3o muito grandes e isso incomoda, porque algo que poderia ser resolvido de maneira muito mais econ\u00f4mica, acaba n\u00e3o seguindo a solu\u00e7\u00e3o mais adequada\u201d, avaliou Bento Herculano Duarte Neto.&nbsp;<\/p>\n\n\n\n<p>O presidente do TRE-RN ressaltou a satisfa\u00e7\u00e3o pela parceria. \u201cEssa \u00e9 uma iniciativa bastante eficiente, pois permitir\u00e1 que fa\u00e7amos a aquisi\u00e7\u00e3o do que for comum \u00e0s tr\u00eas institui\u00e7\u00f5es, garantindo a redu\u00e7\u00e3o de procedimentos e custos\u201d, destacou o desembargador Glauber R\u00eago.<\/p>\n\n\n\n<p>Com vig\u00eancia de 60 meses, o acordo possibilitar\u00e1 meios para a execu\u00e7\u00e3o de a\u00e7\u00f5es estrat\u00e9gicas de educa\u00e7\u00e3o corporativa, visando \u00e0 amplia\u00e7\u00e3o de oportunidades de capacita\u00e7\u00e3o, \u00e0 especializa\u00e7\u00e3o t\u00e9cnica de recursos humanos, ao interc\u00e2mbio de conhecimento, ao desenvolvimento institucional e da gest\u00e3o p\u00fablica, al\u00e9m da racionaliza\u00e7\u00e3o de investimentos em a\u00e7\u00f5es de forma\u00e7\u00e3o.<br><\/p>\n","protected":false},"excerpt":{"rendered":"<p>Com o acordo, as institui\u00e7\u00f5es ter\u00e3o a possibilidade de realizar um interc\u00e2mbio de conhecimento<br \/><a class=\"more-link\" href=\"https:\/\/justicapotiguar.com.br\/index.php\/2019\/09\/04\/trt-rn-tre-rn-e-justica-federal-assinam-acordo-de-cooperacao\/\">Mais&#8230;<\/a><\/p>\n","protected":false},"author":5,"featured_media":1807,"comment_status":"open","ping_status":"open","sticky":false,"template":"","format":"standard","meta":[],"categories":[3],"tags":[],"_links":{"self":[{"href":"https:\/\/justicapotiguar.com.br\/index.php\/wp-json\/wp\/v2\/posts\/1806"}],"collection":[{"href":"https:\/\/justicapotiguar.com.br\/index.php\/wp-json\/wp\/v2\/posts"}],"about":[{"href":"https:\/\/justicapotiguar.com.br\/index.php\/wp-json\/wp\/v2\/types\/post"}],"author":[{"embeddable":true,"href":"https:\/\/justicapotiguar.com.br\/index.php\/wp-json\/wp\/v2\/users\/5"}],"replies":[{"embeddable":true,"href":"https:\/\/justicapotiguar.com.br\/index.php\/wp-json\/wp\/v2\/comments?post=1806"}],"version-history":[{"count":1,"href":"https:\/\/justicapotiguar.com.br\/index.php\/wp-json\/wp\/v2\/posts\/1806\/revisions"}],"predecessor-version":[{"id":1808,"href":"https:\/\/justicapotiguar.com.br\/index.php\/wp-json\/wp\/v2\/posts\/1806\/revisions\/1808"}],"wp:featuredmedia":[{"embeddable":true,"href":"https:\/\/justicapotiguar.com.br\/index.php\/wp-json\/wp\/v2\/media\/1807"}],"wp:attachment":[{"href":"https:\/\/justicapotiguar.com.br\/index.php\/wp-json\/wp\/v2\/media?parent=1806"}],"wp:term":[{"taxonomy":"category","embeddable":true,"href":"https:\/\/justicapotiguar.com.br\/index.php\/wp-json\/wp\/v2\/categories?post=1806"},{"taxonomy":"post_tag","embeddable":true,"href":"https:\/\/justicapotiguar.com.br\/index.php\/wp-json\/wp\/v2\/tags?post=1806"}],"curies":[{"name":"wp","href":"https:\/\/api.w.org\/{rel}","templated":true}]}}