{"id":1792,"date":"2019-09-04T17:25:14","date_gmt":"2019-09-04T20:25:14","guid":{"rendered":"https:\/\/justicapotiguar.com.br\/?p=1792"},"modified":"2019-09-04T15:38:26","modified_gmt":"2019-09-04T18:38:26","slug":"oab-e-instituicoes-debatem-melhorias-no-exame-de-ordem-e-no-ensino-juridico","status":"publish","type":"post","link":"https:\/\/justicapotiguar.com.br\/index.php\/2019\/09\/04\/oab-e-instituicoes-debatem-melhorias-no-exame-de-ordem-e-no-ensino-juridico\/","title":{"rendered":"OAB e institui\u00e7\u00f5es debatem melhorias no Exame de Ordem e no ensino jur\u00eddico"},"content":{"rendered":"\n<figure class=\"wp-block-image\"><img loading=\"lazy\" width=\"525\" height=\"350\" src=\"https:\/\/justicapotiguar.com.br\/wp-content\/uploads\/2019\/09\/6cb15617-ffa6-4329-86f5-954bb5d264d6.jpeg\" alt=\"\" class=\"wp-image-1793\" srcset=\"https:\/\/justicapotiguar.com.br\/wp-content\/uploads\/2019\/09\/6cb15617-ffa6-4329-86f5-954bb5d264d6.jpeg 525w, https:\/\/justicapotiguar.com.br\/wp-content\/uploads\/2019\/09\/6cb15617-ffa6-4329-86f5-954bb5d264d6-300x200.jpeg 300w\" sizes=\"(max-width: 525px) 100vw, 525px\" \/><figcaption>Foto: Divulga\u00e7\u00e3o\/OAB<\/figcaption><\/figure>\n\n\n\n<p>A OAB nacional realizou um evento, nesta ter\u00e7a-feira (3), para debater a import\u00e2ncia do Exame de Ordem para a sociedade e tamb\u00e9m ouvir as institui\u00e7\u00f5es de ensino superior em busca de melhorias para a avalia\u00e7\u00e3o dos bachar\u00e9is em Direito. O \u201cDi\u00e1logo da OAB com as Institui\u00e7\u00f5es de Ensino Jur\u00eddico\u201d foi organizado pela Coordena\u00e7\u00e3o Nacional do Exame de Ordem Unificado e contou com a participa\u00e7\u00e3o de especialistas da OAB e representantes de institui\u00e7\u00f5es de ensino superior de todo o Brasil. O vice-presidente da OAB Nacional, Luiz Viana, e o diretor-tesoureiro, Jos\u00e9 Ara\u00fajo de Noronha, tamb\u00e9m participaram da abertura do semin\u00e1rio.<\/p>\n\n\n\n<p>Os debates ressaltaram dados e informa\u00e7\u00f5es relativos ao Exame de Ordem, destacando estat\u00edsticas de aprova\u00e7\u00e3o e reprova\u00e7\u00e3o e a import\u00e2ncia das novas diretrizes curriculares do curso de Direito, que entram em vigor de forma obrigat\u00f3ria a partir de 2021. A OAB refor\u00e7ou tamb\u00e9m a necessidade de um freio nas autoriza\u00e7\u00f5es para abertura de novos cursos jur\u00eddicos no Brasil. A ideia \u00e9 medir e aprimorar a qualidade dos cursos j\u00e1 existentes antes de permitir a entrada de novas faculdades de Direito no mercado de ensino no Brasil.<br><\/p>\n\n\n\n<p>O secret\u00e1rio-geral da OAB e coordenador nacional do Exame de Ordem, Jos\u00e9 Alberto Simonetti, afirmou que o evento permitiu um aprimoramento no debate da entidade a partir de um contato direto com os representantes das faculdades de Direito. \u201cRecebemos muitas sugest\u00f5es para melhorias e para pensar altera\u00e7\u00f5es no Exame de Ordem, sendo fundamental esse di\u00e1logo com as institui\u00e7\u00f5es de ensino. O ponto principal \u00e9 que todos se mostraram preocupados com os \u00edndices de qualidade e pensam em estrat\u00e9gias para melhorar o ensino jur\u00eddico no Brasil. Vale ressaltar que n\u00e3o existem mudan\u00e7as a serem implementadas de imediato. Todo esse processo se dar\u00e1 no tempo necess\u00e1rio\u201d, avaliou Simonetti.<br><\/p><div class=\"sjccx69edd24b270b8\" ><!--<a href=\"https:\/\/bit.ly\/3QdrqTZ\" target=\"_blank\">\n<img src=\"https:\/\/justicapotiguar.com.br\/wp-content\/uploads\/2023\/09\/mobile-geral.gif\"\/><a\/>--><\/div><style type=\"text\/css\">\r\n.sjccx69edd24b270b8 {\r\ntext-align: center;\r\n}\r\n@media screen and (min-width: 1201px) {\r\n.sjccx69edd24b270b8 {\r\ndisplay: none;\r\n}\r\n}\r\n@media screen and (min-width: 993px) and (max-width: 1200px) {\r\n.sjccx69edd24b270b8 {\r\ndisplay: none;\r\n}\r\n}\r\n@media screen and (min-width: 769px) and (max-width: 992px) {\r\n.sjccx69edd24b270b8 {\r\ndisplay: none;\r\n}\r\n}\r\n@media screen and (min-width: 768px) and (max-width: 768px) {\r\n.sjccx69edd24b270b8 {\r\ndisplay: block;\r\n}\r\n}\r\n@media screen and (max-width: 767px) {\r\n.sjccx69edd24b270b8 {\r\ndisplay: block;\r\n}\r\n}\r\n<\/style>\r\n<div class=\"svfgv69edd24b2709e\" ><!--<a href=\"https:\/\/bit.ly\/3QdrqTZ\" target=\"_blank\">\n<img src=\"https:\/\/justicapotiguar.com.br\/wp-content\/uploads\/2023\/09\/desktop-geral.gif\"\/><a\/>--><\/div><style type=\"text\/css\">\r\n.svfgv69edd24b2709e {\r\ntext-align: center;\nmargin-bottom: 1em;\r\n}\r\n@media screen and (min-width: 1201px) {\r\n.svfgv69edd24b2709e {\r\ndisplay: block;\r\n}\r\n}\r\n@media screen and (min-width: 993px) and (max-width: 1200px) {\r\n.svfgv69edd24b2709e {\r\ndisplay: block;\r\n}\r\n}\r\n@media screen and (min-width: 769px) and (max-width: 992px) {\r\n.svfgv69edd24b2709e {\r\ndisplay: block;\r\n}\r\n}\r\n@media screen and (min-width: 768px) and (max-width: 768px) {\r\n.svfgv69edd24b2709e {\r\ndisplay: none;\r\n}\r\n}\r\n@media screen and (max-width: 767px) {\r\n.svfgv69edd24b2709e {\r\ndisplay: none;\r\n}\r\n}\r\n<\/style>\r\n\n\n\n\n<p>A Conselheira Federal e membro da Coordena\u00e7\u00e3o Nacional do Exame, Raquel C\u00e2ndido, destacou a transpar\u00eancia na divulga\u00e7\u00e3o das informa\u00e7\u00f5es e dos dados relativos ao Exame, permitindo que as institui\u00e7\u00f5es de ensino e toda a sociedade possam debater maneiras de aperfei\u00e7oamento. \u201c\u00c9 um evento em que nos colocamos \u00e0 disposi\u00e7\u00e3o para ouvir as institui\u00e7\u00f5es e endere\u00e7ar tudo que for poss\u00edvel no sentido de melhorar o Exame. Temos agora um site espec\u00edfico, onde se concentram todas as informa\u00e7\u00f5es com acesso liberado para candidatos e institui\u00e7\u00f5es. A ideia \u00e9 que isso seja aprimorado cada vez mais no interesse de todos\u201d, afirmou.<br><\/p>\n\n\n\n<p>O presidente da OAB-AM, Marco Aur\u00e9lio de Lima Choy, apresentou as estat\u00edsticas do Exame de Ordem. \u201cA coordena\u00e7\u00e3o e a comiss\u00e3o do Exame de Ordem est\u00e3o trabalhando com muita transpar\u00eancia na divulga\u00e7\u00e3o desses n\u00fameros. A ideia \u00e9 que a forma\u00e7\u00e3o de um curso jur\u00eddico de qualidade seja uma constru\u00e7\u00e3o coletiva, responsabilidade da OAB e das institui\u00e7\u00f5es de ensino, e o primeiro passo para isso j\u00e1 est\u00e1 sendo feito, com o compartilhamento dessas informa\u00e7\u00f5es e dados\u201d, disse.<br><\/p>\n\n\n\n<p>J\u00e1 o presidente da Comiss\u00e3o Nacional de Educa\u00e7\u00e3o Jur\u00eddica, Marisvaldo Cortez, destacou as a\u00e7\u00f5es da OAB junto ao Minist\u00e9rio da Educa\u00e7\u00e3o, na defesa de uma morat\u00f3ria na autoriza\u00e7\u00e3o para novos cursos de Direito no Brasil. \u201cS\u00e3o 1.692 cursos autorizados no Brasil e n\u00e3o h\u00e1 capacidade log\u00edstica e nem profissional para poder acomodar todo mundo. Ent\u00e3o, temos que buscar a qualidade do ensino jur\u00eddico para uma melhor qualifica\u00e7\u00e3o do profissional que vai enfrentar o mercado. Essa \u00e9 a nossa grande luta e a nossa grande bandeira. \u00c9 nesse sentido que queremos sensibilizar o MEC para que n\u00e3o se abram mais cursos e que sejam revistos aqueles que est\u00e3o abertos sem nenhuma qualidade\u201d, afirmou.<\/p>\n","protected":false},"excerpt":{"rendered":"<p>A OAB refor\u00e7ou tamb\u00e9m a necessidade de um freio nas autoriza\u00e7\u00f5es para abertura de novos cursos jur\u00eddicos no Brasil.<br \/><a class=\"more-link\" href=\"https:\/\/justicapotiguar.com.br\/index.php\/2019\/09\/04\/oab-e-instituicoes-debatem-melhorias-no-exame-de-ordem-e-no-ensino-juridico\/\">Mais&#8230;<\/a><\/p>\n","protected":false},"author":5,"featured_media":1793,"comment_status":"open","ping_status":"open","sticky":false,"template":"","format":"standard","meta":[],"categories":[3],"tags":[],"_links":{"self":[{"href":"https:\/\/justicapotiguar.com.br\/index.php\/wp-json\/wp\/v2\/posts\/1792"}],"collection":[{"href":"https:\/\/justicapotiguar.com.br\/index.php\/wp-json\/wp\/v2\/posts"}],"about":[{"href":"https:\/\/justicapotiguar.com.br\/index.php\/wp-json\/wp\/v2\/types\/post"}],"author":[{"embeddable":true,"href":"https:\/\/justicapotiguar.com.br\/index.php\/wp-json\/wp\/v2\/users\/5"}],"replies":[{"embeddable":true,"href":"https:\/\/justicapotiguar.com.br\/index.php\/wp-json\/wp\/v2\/comments?post=1792"}],"version-history":[{"count":1,"href":"https:\/\/justicapotiguar.com.br\/index.php\/wp-json\/wp\/v2\/posts\/1792\/revisions"}],"predecessor-version":[{"id":1794,"href":"https:\/\/justicapotiguar.com.br\/index.php\/wp-json\/wp\/v2\/posts\/1792\/revisions\/1794"}],"wp:featuredmedia":[{"embeddable":true,"href":"https:\/\/justicapotiguar.com.br\/index.php\/wp-json\/wp\/v2\/media\/1793"}],"wp:attachment":[{"href":"https:\/\/justicapotiguar.com.br\/index.php\/wp-json\/wp\/v2\/media?parent=1792"}],"wp:term":[{"taxonomy":"category","embeddable":true,"href":"https:\/\/justicapotiguar.com.br\/index.php\/wp-json\/wp\/v2\/categories?post=1792"},{"taxonomy":"post_tag","embeddable":true,"href":"https:\/\/justicapotiguar.com.br\/index.php\/wp-json\/wp\/v2\/tags?post=1792"}],"curies":[{"name":"wp","href":"https:\/\/api.w.org\/{rel}","templated":true}]}}