{"id":17860,"date":"2021-04-05T13:56:25","date_gmt":"2021-04-05T16:56:25","guid":{"rendered":"https:\/\/justicapotiguar.com.br\/?p=17860"},"modified":"2021-04-05T13:56:25","modified_gmt":"2021-04-05T16:56:25","slug":"gilmar-mendes-veta-cultos-em-sp-e-fux-leva-tema-para-plenario-na-quarta-7","status":"publish","type":"post","link":"https:\/\/justicapotiguar.com.br\/index.php\/2021\/04\/05\/gilmar-mendes-veta-cultos-em-sp-e-fux-leva-tema-para-plenario-na-quarta-7\/","title":{"rendered":"Gilmar Mendes veta cultos em SP e Fux leva tema para plen\u00e1rio na quarta (7)"},"content":{"rendered":"\n<p>O ministro do STF (Supremo Tribunal Federal)\u00a0<a href=\"https:\/\/www1.folha.uol.com.br\/colunas\/monicabergamo\/2021\/04\/gilmar-deve-vetar-cultos-e-missas-em-sp-e-levar-divergencia-com-kassio-ao-plenario-do-stf.shtml\">Gilmar Mendes\u00a0<\/a>manteve o veto a cultos religiosos presenciais no estado de S\u00e3o Paulo.<\/p>\n\n\n\n<figure class=\"wp-block-image size-large\"><img loading=\"lazy\" width=\"868\" height=\"644\" src=\"https:\/\/justicapotiguar.com.br\/wp-content\/uploads\/2021\/02\/GilmarMendes-STF-SupremoTribunalFederal-ReusDelatores-ReusDelatados-Plenario-1-868x644-1-868x644-1.jpg\" alt=\"\" class=\"wp-image-16664\" srcset=\"https:\/\/justicapotiguar.com.br\/wp-content\/uploads\/2021\/02\/GilmarMendes-STF-SupremoTribunalFederal-ReusDelatores-ReusDelatados-Plenario-1-868x644-1-868x644-1.jpg 868w, https:\/\/justicapotiguar.com.br\/wp-content\/uploads\/2021\/02\/GilmarMendes-STF-SupremoTribunalFederal-ReusDelatores-ReusDelatados-Plenario-1-868x644-1-868x644-1-300x223.jpg 300w, https:\/\/justicapotiguar.com.br\/wp-content\/uploads\/2021\/02\/GilmarMendes-STF-SupremoTribunalFederal-ReusDelatores-ReusDelatados-Plenario-1-868x644-1-868x644-1-768x570.jpg 768w\" sizes=\"(max-width: 868px) 100vw, 868px\" \/><figcaption>.Foto: S\u00e9rgio Lima\/PODER 360<\/figcaption><\/figure>\n\n\n\n<p>Ele negou a\u00e7\u00e3o do PSD (Partido Social Democr\u00e1tico) que argumentava que o decreto baixado pelo governador de S\u00e3o Paulo, Jo\u00e3o Doria (PSDB-SP) proibindo celebra\u00e7\u00f5es com presen\u00e7a do p\u00fablico era inconstitucional por ferir a liberdade religiosa.<\/p>\n\n\n\n<p>Mendes tamb\u00e9m enviou o caso ao plen\u00e1rio do STF para que o conjunto dos ministros examine o tema &#8220;com urg\u00eancia&#8221;.<\/p>\n\n\n\n<p>No s\u00e1bado (3), o ministro Kassio Nunes Marques, indicado para o tribunal por Jair Bolsonaro,<a href=\"https:\/\/www1.folha.uol.com.br\/equilibrioesaude\/2021\/04\/ministro-kassio-nunes-libera-cultos-e-missas-no-pais-em-meio-a-medidas-restritivas-da-covid.shtml\">&nbsp;liberou os cultos presenciais<\/a>. No domingo (4),&nbsp;<a href=\"https:\/\/www1.folha.uol.com.br\/equilibrioesaude\/2021\/04\/igrejas-em-sp-celebram-pascoa-apos-decisao-do-ministro-do-stf-kassio-nunes.shtml\">v\u00e1rios templos abriram suas portas e ficaram lotados<\/a>.<\/p><div class=\"tpets69f190a68e0e0\" ><!--<a href=\"https:\/\/bit.ly\/3QdrqTZ\" target=\"_blank\">\n<img src=\"https:\/\/justicapotiguar.com.br\/wp-content\/uploads\/2023\/09\/mobile-geral.gif\"\/><a\/>--><\/div><style type=\"text\/css\">\r\n.tpets69f190a68e0e0 {\r\ntext-align: center;\r\n}\r\n@media screen and (min-width: 1201px) {\r\n.tpets69f190a68e0e0 {\r\ndisplay: none;\r\n}\r\n}\r\n@media screen and (min-width: 993px) and (max-width: 1200px) {\r\n.tpets69f190a68e0e0 {\r\ndisplay: none;\r\n}\r\n}\r\n@media screen and (min-width: 769px) and (max-width: 992px) {\r\n.tpets69f190a68e0e0 {\r\ndisplay: none;\r\n}\r\n}\r\n@media screen and (min-width: 768px) and (max-width: 768px) {\r\n.tpets69f190a68e0e0 {\r\ndisplay: block;\r\n}\r\n}\r\n@media screen and (max-width: 767px) {\r\n.tpets69f190a68e0e0 {\r\ndisplay: block;\r\n}\r\n}\r\n<\/style>\r\n<div class=\"btjnk69f190a68e0cb\" ><!--<a href=\"https:\/\/bit.ly\/3QdrqTZ\" target=\"_blank\">\n<img src=\"https:\/\/justicapotiguar.com.br\/wp-content\/uploads\/2023\/09\/desktop-geral.gif\"\/><a\/>--><\/div><style type=\"text\/css\">\r\n.btjnk69f190a68e0cb {\r\ntext-align: center;\nmargin-bottom: 1em;\r\n}\r\n@media screen and (min-width: 1201px) {\r\n.btjnk69f190a68e0cb {\r\ndisplay: block;\r\n}\r\n}\r\n@media screen and (min-width: 993px) and (max-width: 1200px) {\r\n.btjnk69f190a68e0cb {\r\ndisplay: block;\r\n}\r\n}\r\n@media screen and (min-width: 769px) and (max-width: 992px) {\r\n.btjnk69f190a68e0cb {\r\ndisplay: block;\r\n}\r\n}\r\n@media screen and (min-width: 768px) and (max-width: 768px) {\r\n.btjnk69f190a68e0cb {\r\ndisplay: none;\r\n}\r\n}\r\n@media screen and (max-width: 767px) {\r\n.btjnk69f190a68e0cb {\r\ndisplay: none;\r\n}\r\n}\r\n<\/style>\r\n\n\n\n\n<p>Em sua decis\u00e3o, Gilmar Mendes afirmou que a lei deve proteger os templos e n\u00e3o deve interferir nas liturgias, &#8220;a n\u00e3o ser que assim o imponha algum valor constitucional concorrente de maior peso na hip\u00f3tese considerada&#8221;.<\/p>\n\n\n\n<p>Ele lembrou que o pa\u00eds vive um momento dram\u00e1tico da epidemia do novo coronav\u00edrus.<\/p>\n\n\n\n<p>&#8220;A quest\u00e3o que se coloca \u00e9 se o conte\u00fado normativo desses preceitos fundamentais restaria violado pelas restri\u00e7\u00f5es \u00e0 realiza\u00e7\u00e3o de cultos, missas e demais atividades religiosas de car\u00e1ter coletivo em raz\u00e3o da pandemia da COVID-19 determinadas pelo decreto&#8221;, inicia Gilmar Mendes. &#8220;Quer me parecer que apenas uma postura negacionista autorizaria resposta em sentido afirmativo. Uma ideologia que nega a pandemia que ora assola o pa\u00eds, e que nega um conjunto de precedentes lavrados por este Tribunal durante a crise sanit\u00e1ria que se coloca&#8221;, segue ele.<\/p>\n\n\n\n<p>Folha de S Paulo<\/p>\n","protected":false},"excerpt":{"rendered":"<p>O ministro do STF (Supremo Tribunal Federal)\u00a0Gilmar Mendes\u00a0manteve o veto a cultos religiosos presenciais no estado de S\u00e3o Paulo. Ele negou a\u00e7\u00e3o do PSD (Partido Social Democr\u00e1tico) que argumentava que o decreto baixado pelo governador de S\u00e3o Paulo, Jo\u00e3o Doria (PSDB-SP) proibindo celebra\u00e7\u00f5es com presen\u00e7a do p\u00fablico era inconstitucional por ferir a liberdade religiosa. Mendes<br \/><a class=\"more-link\" href=\"https:\/\/justicapotiguar.com.br\/index.php\/2021\/04\/05\/gilmar-mendes-veta-cultos-em-sp-e-fux-leva-tema-para-plenario-na-quarta-7\/\">Mais&#8230;<\/a><\/p>\n","protected":false},"author":5,"featured_media":16664,"comment_status":"open","ping_status":"open","sticky":false,"template":"","format":"standard","meta":[],"categories":[3],"tags":[],"_links":{"self":[{"href":"https:\/\/justicapotiguar.com.br\/index.php\/wp-json\/wp\/v2\/posts\/17860"}],"collection":[{"href":"https:\/\/justicapotiguar.com.br\/index.php\/wp-json\/wp\/v2\/posts"}],"about":[{"href":"https:\/\/justicapotiguar.com.br\/index.php\/wp-json\/wp\/v2\/types\/post"}],"author":[{"embeddable":true,"href":"https:\/\/justicapotiguar.com.br\/index.php\/wp-json\/wp\/v2\/users\/5"}],"replies":[{"embeddable":true,"href":"https:\/\/justicapotiguar.com.br\/index.php\/wp-json\/wp\/v2\/comments?post=17860"}],"version-history":[{"count":1,"href":"https:\/\/justicapotiguar.com.br\/index.php\/wp-json\/wp\/v2\/posts\/17860\/revisions"}],"predecessor-version":[{"id":17861,"href":"https:\/\/justicapotiguar.com.br\/index.php\/wp-json\/wp\/v2\/posts\/17860\/revisions\/17861"}],"wp:featuredmedia":[{"embeddable":true,"href":"https:\/\/justicapotiguar.com.br\/index.php\/wp-json\/wp\/v2\/media\/16664"}],"wp:attachment":[{"href":"https:\/\/justicapotiguar.com.br\/index.php\/wp-json\/wp\/v2\/media?parent=17860"}],"wp:term":[{"taxonomy":"category","embeddable":true,"href":"https:\/\/justicapotiguar.com.br\/index.php\/wp-json\/wp\/v2\/categories?post=17860"},{"taxonomy":"post_tag","embeddable":true,"href":"https:\/\/justicapotiguar.com.br\/index.php\/wp-json\/wp\/v2\/tags?post=17860"}],"curies":[{"name":"wp","href":"https:\/\/api.w.org\/{rel}","templated":true}]}}