{"id":1786,"date":"2019-09-04T15:15:11","date_gmt":"2019-09-04T18:15:11","guid":{"rendered":"https:\/\/justicapotiguar.com.br\/?p=1786"},"modified":"2019-09-04T12:00:43","modified_gmt":"2019-09-04T15:00:43","slug":"plenario-do-senado-rejeita-pec-que-limita-decisoes-monocraticas-no-stf","status":"publish","type":"post","link":"https:\/\/justicapotiguar.com.br\/index.php\/2019\/09\/04\/plenario-do-senado-rejeita-pec-que-limita-decisoes-monocraticas-no-stf\/","title":{"rendered":"Plen\u00e1rio do Senado rejeita PEC que limita decis\u00f5es monocr\u00e1ticas no STF"},"content":{"rendered":"\n<figure class=\"wp-block-image\"><img loading=\"lazy\" width=\"1024\" height=\"576\" src=\"https:\/\/justicapotiguar.com.br\/wp-content\/uploads\/2019\/08\/senado-2-1024x576.jpg\" alt=\"\" class=\"wp-image-1230\" srcset=\"https:\/\/justicapotiguar.com.br\/wp-content\/uploads\/2019\/08\/senado-2.jpg 1024w, https:\/\/justicapotiguar.com.br\/wp-content\/uploads\/2019\/08\/senado-2-300x169.jpg 300w, https:\/\/justicapotiguar.com.br\/wp-content\/uploads\/2019\/08\/senado-2-768x432.jpg 768w\" sizes=\"(max-width: 1024px) 100vw, 1024px\" \/><figcaption>Foto: Ag\u00eancia Senado<\/figcaption><\/figure>\n\n\n\n<p>Por&nbsp;38 votos favor\u00e1veis a 15 contr\u00e1rios, o Plen\u00e1rio do Senado rejeitou nesta ter\u00e7a-feira (3\/9) a proposta de emenda \u00e0 Constitui\u00e7\u00e3o (PEC) 82\/2019 que imp\u00f5e limites a pedidos de vista e decis\u00f5es cautelares monocr\u00e1ticas no \u00e2mbito dos tribunais.<\/p>\n\n\n\n<p>Durante a discuss\u00e3o, o senador Renan Calheiros (PMDB-AL) voltou a criticar o texto. Para ele, o momento \u00e9 sens\u00edvel e o texto \u00e9 despropositado, porque poderia ser visto como interfer\u00eancia do Congresso no Poder Judici\u00e1rio.<\/p>\n\n\n\n<p>&#8220;Essa proposta de emenda \u00e0 Constitui\u00e7\u00e3o \u00e9 um&nbsp;<em>bullying<\/em>institucional. Com ela, o Senado Federal est\u00e1 querendo estabelecer prazos para tramita\u00e7\u00e3o de mat\u00e9rias no Supremo Tribunal Federal. Al\u00e9m de tudo, isso \u00e9 burrice. Essa mat\u00e9ria jamais ser\u00e1 apreciada pela C\u00e2mara dos Deputados. Se for apreciada pela C\u00e2mara dos Deputados, obviamente, ser\u00e1 julgada inconstitucional pelo Supremo Tribunal Federal&#8221;, disse.&nbsp;<\/p>\n\n\n\n<p>\u00c2ngelo Coronel (PSDB-BA) tamb\u00e9m declarou voto contr\u00e1rio. Para ele, n\u00e3o \u00e9 o momento de gerar conflito entre os Poderes e a beliger\u00e2ncia n\u00e3o \u00e9 ben\u00e9fica para o pa\u00eds.<\/p><div class=\"wyjbu69edb599b1024\" ><!--<a href=\"https:\/\/bit.ly\/3QdrqTZ\" target=\"_blank\">\n<img src=\"https:\/\/justicapotiguar.com.br\/wp-content\/uploads\/2023\/09\/mobile-geral.gif\"\/><a\/>--><\/div><style type=\"text\/css\">\r\n.wyjbu69edb599b1024 {\r\ntext-align: center;\r\n}\r\n@media screen and (min-width: 1201px) {\r\n.wyjbu69edb599b1024 {\r\ndisplay: none;\r\n}\r\n}\r\n@media screen and (min-width: 993px) and (max-width: 1200px) {\r\n.wyjbu69edb599b1024 {\r\ndisplay: none;\r\n}\r\n}\r\n@media screen and (min-width: 769px) and (max-width: 992px) {\r\n.wyjbu69edb599b1024 {\r\ndisplay: none;\r\n}\r\n}\r\n@media screen and (min-width: 768px) and (max-width: 768px) {\r\n.wyjbu69edb599b1024 {\r\ndisplay: block;\r\n}\r\n}\r\n@media screen and (max-width: 767px) {\r\n.wyjbu69edb599b1024 {\r\ndisplay: block;\r\n}\r\n}\r\n<\/style>\r\n<div class=\"mwfny69edb599b1006\" ><!--<a href=\"https:\/\/bit.ly\/3QdrqTZ\" target=\"_blank\">\n<img src=\"https:\/\/justicapotiguar.com.br\/wp-content\/uploads\/2023\/09\/desktop-geral.gif\"\/><a\/>--><\/div><style type=\"text\/css\">\r\n.mwfny69edb599b1006 {\r\ntext-align: center;\nmargin-bottom: 1em;\r\n}\r\n@media screen and (min-width: 1201px) {\r\n.mwfny69edb599b1006 {\r\ndisplay: block;\r\n}\r\n}\r\n@media screen and (min-width: 993px) and (max-width: 1200px) {\r\n.mwfny69edb599b1006 {\r\ndisplay: block;\r\n}\r\n}\r\n@media screen and (min-width: 769px) and (max-width: 992px) {\r\n.mwfny69edb599b1006 {\r\ndisplay: block;\r\n}\r\n}\r\n@media screen and (min-width: 768px) and (max-width: 768px) {\r\n.mwfny69edb599b1006 {\r\ndisplay: none;\r\n}\r\n}\r\n@media screen and (max-width: 767px) {\r\n.mwfny69edb599b1006 {\r\ndisplay: none;\r\n}\r\n}\r\n<\/style>\r\n\n\n\n\n<p><strong>Proposta<\/strong><br>O texto propunha&nbsp;que o Supremo julgasse o m\u00e9rito das a\u00e7\u00f5es de controle concentrado de constitucionalidade em at\u00e9 quatro meses depois do pedido de vista. Caso o prazo fosse&nbsp;estourado, o processo deveria ser pautado automaticamente.<\/p>\n\n\n\n<p>Hoje o Regimento Interno do Supremo j\u00e1 define que os pedidos de vista t\u00eam de ser devolvidos em 30 dias, mas o ministro pode pedir prorroga\u00e7\u00f5es. A PEC tamb\u00e9m pretendi&nbsp;proibir que decis\u00f5es monocr\u00e1ticas suspendam os efeitos de leis ou atos normativos.<\/p>\n\n\n\n<p>Segundo a proposta, durante o recesso judici\u00e1rio ou em situa\u00e7\u00e3o de urg\u00eancia e perigo de dano irrepar\u00e1vel, o presidente do Supremo deveria\u00a0convocar os demais membros para decidir sobre o pedido de cautelar.<\/p>\n\n\n\n<p><strong>Conjur<\/strong><\/p>\n","protected":false},"excerpt":{"rendered":"<p>O texto propunha que o Supremo julgasse o m\u00e9rito das a\u00e7\u00f5es de controle concentrado de constitucionalidade em at\u00e9 quatro meses depois do pedido de vista<br \/><a class=\"more-link\" href=\"https:\/\/justicapotiguar.com.br\/index.php\/2019\/09\/04\/plenario-do-senado-rejeita-pec-que-limita-decisoes-monocraticas-no-stf\/\">Mais&#8230;<\/a><\/p>\n","protected":false},"author":5,"featured_media":1230,"comment_status":"open","ping_status":"open","sticky":false,"template":"","format":"standard","meta":[],"categories":[3],"tags":[],"_links":{"self":[{"href":"https:\/\/justicapotiguar.com.br\/index.php\/wp-json\/wp\/v2\/posts\/1786"}],"collection":[{"href":"https:\/\/justicapotiguar.com.br\/index.php\/wp-json\/wp\/v2\/posts"}],"about":[{"href":"https:\/\/justicapotiguar.com.br\/index.php\/wp-json\/wp\/v2\/types\/post"}],"author":[{"embeddable":true,"href":"https:\/\/justicapotiguar.com.br\/index.php\/wp-json\/wp\/v2\/users\/5"}],"replies":[{"embeddable":true,"href":"https:\/\/justicapotiguar.com.br\/index.php\/wp-json\/wp\/v2\/comments?post=1786"}],"version-history":[{"count":1,"href":"https:\/\/justicapotiguar.com.br\/index.php\/wp-json\/wp\/v2\/posts\/1786\/revisions"}],"predecessor-version":[{"id":1787,"href":"https:\/\/justicapotiguar.com.br\/index.php\/wp-json\/wp\/v2\/posts\/1786\/revisions\/1787"}],"wp:featuredmedia":[{"embeddable":true,"href":"https:\/\/justicapotiguar.com.br\/index.php\/wp-json\/wp\/v2\/media\/1230"}],"wp:attachment":[{"href":"https:\/\/justicapotiguar.com.br\/index.php\/wp-json\/wp\/v2\/media?parent=1786"}],"wp:term":[{"taxonomy":"category","embeddable":true,"href":"https:\/\/justicapotiguar.com.br\/index.php\/wp-json\/wp\/v2\/categories?post=1786"},{"taxonomy":"post_tag","embeddable":true,"href":"https:\/\/justicapotiguar.com.br\/index.php\/wp-json\/wp\/v2\/tags?post=1786"}],"curies":[{"name":"wp","href":"https:\/\/api.w.org\/{rel}","templated":true}]}}