{"id":17855,"date":"2021-04-05T13:08:09","date_gmt":"2021-04-05T16:08:09","guid":{"rendered":"https:\/\/justicapotiguar.com.br\/?p=17855"},"modified":"2021-04-05T13:08:09","modified_gmt":"2021-04-05T16:08:09","slug":"mpf-ajuiza-acao-para-que-a-uniao-apresente-plano-nacional-de-comunicacao-para-enfrentamento-da-covid-19","status":"publish","type":"post","link":"https:\/\/justicapotiguar.com.br\/index.php\/2021\/04\/05\/mpf-ajuiza-acao-para-que-a-uniao-apresente-plano-nacional-de-comunicacao-para-enfrentamento-da-covid-19\/","title":{"rendered":"MPF aju\u00edza a\u00e7\u00e3o para que a Uni\u00e3o apresente Plano Nacional de Comunica\u00e7\u00e3o para enfrentamento da Covid-19"},"content":{"rendered":"\n<figure class=\"wp-block-image size-large\"><img loading=\"lazy\" width=\"1024\" height=\"682\" src=\"https:\/\/justicapotiguar.com.br\/wp-content\/uploads\/2020\/05\/covid-19-site-1024x682.jpeg\" alt=\"\" class=\"wp-image-9269\" srcset=\"https:\/\/justicapotiguar.com.br\/wp-content\/uploads\/2020\/05\/covid-19-site-1024x682.jpeg 1024w, https:\/\/justicapotiguar.com.br\/wp-content\/uploads\/2020\/05\/covid-19-site-300x200.jpeg 300w, https:\/\/justicapotiguar.com.br\/wp-content\/uploads\/2020\/05\/covid-19-site-768x512.jpeg 768w, https:\/\/justicapotiguar.com.br\/wp-content\/uploads\/2020\/05\/covid-19-site.jpeg 1280w\" sizes=\"(max-width: 1024px) 100vw, 1024px\" \/><figcaption>Reprodu\u00e7\u00e3o<\/figcaption><\/figure>\n\n\n\n<p><br>O Minist\u00e9rio P\u00fablico Federal (MPF) ajuizou a\u00e7\u00e3o civil p\u00fablica (ACP) para obrigar a Uni\u00e3o a apresentar Plano Nacional de Comunica\u00e7\u00e3o para enfrentamento da Covid-19, iniciando sua implementa\u00e7\u00e3o no prazo de dez dias. O plano deve, entre outras medidas, contemplar a divulga\u00e7\u00e3o di\u00e1ria de informa\u00e7\u00f5es atualizadas sobre a situa\u00e7\u00e3o de risco referente a pandemia de Covid-19 e as correspondentes orienta\u00e7\u00f5es de sa\u00fade para o p\u00fablico em geral.<\/p>\n\n\n\n<p>As informa\u00e7\u00f5es devem ser simples e claras e tratar da import\u00e2ncia do distanciamento social, do uso de m\u00e1scaras e o seu uso adequado, da proibi\u00e7\u00e3o de aglomera\u00e7\u00f5es, do isolamento domiciliar, por 14 dias, de casos suspeitos e confirmados, da necessidade de ventila\u00e7\u00e3o dos ambientes, da higiene das m\u00e3os, do cumprimento das regras locais sobre medidas de conten\u00e7\u00e3o e preven\u00e7\u00e3o da transmiss\u00e3o comunit\u00e1ria, e da seguran\u00e7a e import\u00e2ncia da vacina\u00e7\u00e3o e respeito \u00e0s regras sobre grupos priorit\u00e1rios, buscando o refor\u00e7o das medidas de preven\u00e7\u00e3o e o engajamento comunit\u00e1rio.<\/p>\n\n\n\n<p>Assim, a divulga\u00e7\u00e3o das informa\u00e7\u00f5es deve ser realizada por meio da elabora\u00e7\u00e3o e veicula\u00e7\u00e3o de materiais informativos\/educativos, em todos os meios de comunica\u00e7\u00e3o e canais utilizados pelo governo federal e nas suas campanhas, nos meios tradicionais (r\u00e1dio, TV, jornais, revistas) e digitais (redes sociais, internet). Ainda, a Uni\u00e3o dever\u00e1 promover coletivas de imprensa com o porta-voz respons\u00e1vel, em frequ\u00eancia de ao menos tr\u00eas vezes por semana, para garantir a interlocu\u00e7\u00e3o com os ve\u00edculos de comunica\u00e7\u00e3o e obter o maior alcance poss\u00edvel na popula\u00e7\u00e3o.<\/p>\n\n\n\n<p>Os pedidos baseiam-se nas diretrizes do Regulamento Sanit\u00e1rio Internacional, assinado pelo Brasil, nas diretrizes da OMS\/OPAs para comunica\u00e7\u00e3o de riscos em pandemias, na Portaria n\u00ba 1565, de 18 de junho de 2020, do Minist\u00e9rio da Sa\u00fade e, ainda, em decis\u00f5es do TCU sobre a necessidade de melhoria na capacidade de comunica\u00e7\u00e3o do MS no cen\u00e1rio da pandemia.<\/p>\n\n\n\n<p>No entendimento dos procuradores signat\u00e1rios da ACP, a medida \u00e9 urgente e necess\u00e1ria uma vez que o Brasil vive o pior momento desde o in\u00edcio da pandemia de Covid-19, tendo superado a marca de 300 mil mortes, com o pior cen\u00e1rio no que se refere \u00e0s taxas de ocupa\u00e7\u00e3o de leitos de UTI Covid-19 para adultos em v\u00e1rios estados e capitais, severa escassez de oxig\u00eanio e medicamentos para intuba\u00e7\u00e3o e esgotamento do sistema de sa\u00fade nacional.<\/p><div class=\"nhbry69f1906e80592\" ><!--<a href=\"https:\/\/bit.ly\/3QdrqTZ\" target=\"_blank\">\n<img src=\"https:\/\/justicapotiguar.com.br\/wp-content\/uploads\/2023\/09\/mobile-geral.gif\"\/><a\/>--><\/div><style type=\"text\/css\">\r\n.nhbry69f1906e80592 {\r\ntext-align: center;\r\n}\r\n@media screen and (min-width: 1201px) {\r\n.nhbry69f1906e80592 {\r\ndisplay: none;\r\n}\r\n}\r\n@media screen and (min-width: 993px) and (max-width: 1200px) {\r\n.nhbry69f1906e80592 {\r\ndisplay: none;\r\n}\r\n}\r\n@media screen and (min-width: 769px) and (max-width: 992px) {\r\n.nhbry69f1906e80592 {\r\ndisplay: none;\r\n}\r\n}\r\n@media screen and (min-width: 768px) and (max-width: 768px) {\r\n.nhbry69f1906e80592 {\r\ndisplay: block;\r\n}\r\n}\r\n@media screen and (max-width: 767px) {\r\n.nhbry69f1906e80592 {\r\ndisplay: block;\r\n}\r\n}\r\n<\/style>\r\n<div class=\"ohntw69f1906e80567\" ><!--<a href=\"https:\/\/bit.ly\/3QdrqTZ\" target=\"_blank\">\n<img src=\"https:\/\/justicapotiguar.com.br\/wp-content\/uploads\/2023\/09\/desktop-geral.gif\"\/><a\/>--><\/div><style type=\"text\/css\">\r\n.ohntw69f1906e80567 {\r\ntext-align: center;\nmargin-bottom: 1em;\r\n}\r\n@media screen and (min-width: 1201px) {\r\n.ohntw69f1906e80567 {\r\ndisplay: block;\r\n}\r\n}\r\n@media screen and (min-width: 993px) and (max-width: 1200px) {\r\n.ohntw69f1906e80567 {\r\ndisplay: block;\r\n}\r\n}\r\n@media screen and (min-width: 769px) and (max-width: 992px) {\r\n.ohntw69f1906e80567 {\r\ndisplay: block;\r\n}\r\n}\r\n@media screen and (min-width: 768px) and (max-width: 768px) {\r\n.ohntw69f1906e80567 {\r\ndisplay: none;\r\n}\r\n}\r\n@media screen and (max-width: 767px) {\r\n.ohntw69f1906e80567 {\r\ndisplay: none;\r\n}\r\n}\r\n<\/style>\r\n\n\n\n\n<p>\u201cEssa situa\u00e7\u00e3o, aliada aos baixos \u00edndices de isolamento social observados em todo o pa\u00eds refor\u00e7am a imprescindibilidade de ado\u00e7\u00e3o urgente de a\u00e7\u00f5es de comunica\u00e7\u00e3o voltadas \u00e0 conscientiza\u00e7\u00e3o da popula\u00e7\u00e3o sobre a necessidade de uma mudan\u00e7a de h\u00e1bitos condizente com o aprofundamento da pandemia, o que deve ser executado, tamb\u00e9m, atrav\u00e9s de uma pol\u00edtica p\u00fablica nacional de comunica\u00e7\u00e3o em sa\u00fade p\u00fablica que oriente a popula\u00e7\u00e3o como um todo\u201d \u2013 destacam os procuradores da Rep\u00fablica signat\u00e1rios da inicial.<\/p>\n\n\n\n<p>Enquanto n\u00e3o controlada a pandemia, \u00e9 imprescind\u00edvel a ado\u00e7\u00e3o de medidas n\u00e3o farmacol\u00f3gicas estrat\u00e9gicas que t\u00eam se mostrado eficazes no retardamento da velocidade de propaga\u00e7\u00e3o da doen\u00e7a, com mitiga\u00e7\u00e3o dos impactos sobre o sistema de sa\u00fade e o n\u00famero de \u00f3bitos, n\u00e3o apenas decorrentes da Covid-19 ou de sua associa\u00e7\u00e3o a comorbidades, mas da incapacidade de adequado atendimento m\u00e9dico-hospitalar.<\/p>\n\n\n\n<p>A ACP foi assinada por membros do Minist\u00e9rio P\u00fablico Federal dos estados do Rio Grande do Sul, Acre, Alagoas, Amap\u00e1, Amazonas, Bahia, Cear\u00e1, Distrito Federal, Esp\u00edrito Santo, Maranh\u00e3o, Mato Grosso, Mato Grosso do Sul, Minas Gerais, Par\u00e1, Para\u00edba, Paran\u00e1, Pernambuco, Rio de Janeiro, Rio Grande do Norte, Rond\u00f4nia, Roraima, Santa Catarina, S\u00e3o Paulo, Sergipe e Tocantins.<\/p>\n\n\n\n<p><a>Leia aqui a \u00edntegra da ACP<\/a><\/p>\n","protected":false},"excerpt":{"rendered":"<p>O Minist\u00e9rio P\u00fablico Federal (MPF) ajuizou a\u00e7\u00e3o civil p\u00fablica (ACP) para obrigar a Uni\u00e3o a apresentar Plano Nacional de Comunica\u00e7\u00e3o para enfrentamento da Covid-19, iniciando sua implementa\u00e7\u00e3o no prazo de dez dias. O plano deve, entre outras medidas, contemplar a divulga\u00e7\u00e3o di\u00e1ria de informa\u00e7\u00f5es atualizadas sobre a situa\u00e7\u00e3o de risco referente a pandemia de Covid-19<br \/><a class=\"more-link\" href=\"https:\/\/justicapotiguar.com.br\/index.php\/2021\/04\/05\/mpf-ajuiza-acao-para-que-a-uniao-apresente-plano-nacional-de-comunicacao-para-enfrentamento-da-covid-19\/\">Mais&#8230;<\/a><\/p>\n","protected":false},"author":5,"featured_media":9269,"comment_status":"open","ping_status":"open","sticky":false,"template":"","format":"standard","meta":[],"categories":[3],"tags":[],"_links":{"self":[{"href":"https:\/\/justicapotiguar.com.br\/index.php\/wp-json\/wp\/v2\/posts\/17855"}],"collection":[{"href":"https:\/\/justicapotiguar.com.br\/index.php\/wp-json\/wp\/v2\/posts"}],"about":[{"href":"https:\/\/justicapotiguar.com.br\/index.php\/wp-json\/wp\/v2\/types\/post"}],"author":[{"embeddable":true,"href":"https:\/\/justicapotiguar.com.br\/index.php\/wp-json\/wp\/v2\/users\/5"}],"replies":[{"embeddable":true,"href":"https:\/\/justicapotiguar.com.br\/index.php\/wp-json\/wp\/v2\/comments?post=17855"}],"version-history":[{"count":1,"href":"https:\/\/justicapotiguar.com.br\/index.php\/wp-json\/wp\/v2\/posts\/17855\/revisions"}],"predecessor-version":[{"id":17856,"href":"https:\/\/justicapotiguar.com.br\/index.php\/wp-json\/wp\/v2\/posts\/17855\/revisions\/17856"}],"wp:featuredmedia":[{"embeddable":true,"href":"https:\/\/justicapotiguar.com.br\/index.php\/wp-json\/wp\/v2\/media\/9269"}],"wp:attachment":[{"href":"https:\/\/justicapotiguar.com.br\/index.php\/wp-json\/wp\/v2\/media?parent=17855"}],"wp:term":[{"taxonomy":"category","embeddable":true,"href":"https:\/\/justicapotiguar.com.br\/index.php\/wp-json\/wp\/v2\/categories?post=17855"},{"taxonomy":"post_tag","embeddable":true,"href":"https:\/\/justicapotiguar.com.br\/index.php\/wp-json\/wp\/v2\/tags?post=17855"}],"curies":[{"name":"wp","href":"https:\/\/api.w.org\/{rel}","templated":true}]}}