{"id":17853,"date":"2021-04-05T11:29:49","date_gmt":"2021-04-05T14:29:49","guid":{"rendered":"https:\/\/justicapotiguar.com.br\/?p=17853"},"modified":"2021-04-05T11:29:49","modified_gmt":"2021-04-05T14:29:49","slug":"precatorios-juiz-nega-pedido-de-suspensao-de-pagamentos-pelo-estado","status":"publish","type":"post","link":"https:\/\/justicapotiguar.com.br\/index.php\/2021\/04\/05\/precatorios-juiz-nega-pedido-de-suspensao-de-pagamentos-pelo-estado\/","title":{"rendered":"Precat\u00f3rios: juiz nega pedido de suspens\u00e3o de pagamentos pelo Estado"},"content":{"rendered":"\n<figure class=\"wp-block-image size-large\"><img loading=\"lazy\" width=\"1024\" height=\"682\" src=\"https:\/\/justicapotiguar.com.br\/wp-content\/uploads\/2019\/09\/Blace-1024x682.jpg\" alt=\"\" class=\"wp-image-2299\" srcset=\"https:\/\/justicapotiguar.com.br\/wp-content\/uploads\/2019\/09\/Blace-1024x682.jpg 1024w, https:\/\/justicapotiguar.com.br\/wp-content\/uploads\/2019\/09\/Blace-300x200.jpg 300w, https:\/\/justicapotiguar.com.br\/wp-content\/uploads\/2019\/09\/Blace-768x512.jpg 768w, https:\/\/justicapotiguar.com.br\/wp-content\/uploads\/2019\/09\/Blace.jpg 1280w\" sizes=\"(max-width: 1024px) 100vw, 1024px\" \/><figcaption>Reprodu\u00e7\u00e3o<\/figcaption><\/figure>\n\n\n\n<p>O juiz Bruno Lacerda, respons\u00e1vel pela Divis\u00e3o de Precat\u00f3rios do Tribunal de Justi\u00e7a, negou pedido formulado pelo Estado do Rio Grande do Norte para suspens\u00e3o dos pagamentos dos aportes mensais devidos pelo ente p\u00fablico para o pagamento dessas obriga\u00e7\u00f5es constitucionais. O magistrado manteve o plano de pagamentos anteriormente homologado e j\u00e1 adequado \u00e0s novas regras trazidas pela Emenda Constitucional n\u00ba 109\/2021, com a redu\u00e7\u00e3o do percentual correspondente de 3,26% da receita corrente l\u00edquida para o percentual de 1,5%. Com a altera\u00e7\u00e3o normativa, o valor anual devido pelo Estado para o pagamento de precat\u00f3rios em 2021 caiu de R$ 312,6 milh\u00f5es para R$ 143,7 milh\u00f5es.<\/p>\n\n\n\n<p>O Estado baseou o seu pedido no cen\u00e1rio de agravamento da pandemia da Covid-19 e no novo prazo final do regime especial de pagamento de precat\u00f3rios, alterado para dezembro de 2029, por meio da Emenda Constitucional n\u00ba 109\/2021. Segundo o m, os pagamentos seriam suspensos at\u00e9 a apresenta\u00e7\u00e3o de novo plano de pagamento, assim como seriam suspensos os repasses dos valores oriundos dos dep\u00f3sitos judiciais.<\/p>\n\n\n\n<p>Ao analisar o pedido, o juiz Bruno Lacerda explica que os entes devedores inseridos no regimento especial de pagamento previsto pela EC 99\/2017 podem realizar aportes mensais vari\u00e1veis, desde que, ao final do exerc\u00edcio, tenha sido observado o patamar m\u00ednimo de, no caso do Estado do Rio Grande do Norte, 1,5% da sua receita corrente l\u00edquida. Al\u00e9m do percentual m\u00ednimo, o montante deve ser suficiente ao abatimento proporcional do saldo de precat\u00f3rios necess\u00e1rio \u00e0 quita\u00e7\u00e3o de toda a d\u00edvida at\u00e9 o final do exerc\u00edcio de 2029.<\/p>\n\n\n\n<p>\u201cAssim, \u00e9 poss\u00edvel que os valores sejam vari\u00e1veis entre um m\u00eas e outro ou, ainda, que sejam zerados em algum m\u00eas, desde que haja a apresenta\u00e7\u00e3o de um plano de pagamento que demonstre a forma pela qual o valor do exerc\u00edcio anual ser\u00e1 adimplido\u201d, ressalta o juiz.<\/p><div class=\"blhzp69f190a6193bd\" ><!--<a href=\"https:\/\/bit.ly\/3QdrqTZ\" target=\"_blank\">\n<img src=\"https:\/\/justicapotiguar.com.br\/wp-content\/uploads\/2023\/09\/mobile-geral.gif\"\/><a\/>--><\/div><style type=\"text\/css\">\r\n.blhzp69f190a6193bd {\r\ntext-align: center;\r\n}\r\n@media screen and (min-width: 1201px) {\r\n.blhzp69f190a6193bd {\r\ndisplay: none;\r\n}\r\n}\r\n@media screen and (min-width: 993px) and (max-width: 1200px) {\r\n.blhzp69f190a6193bd {\r\ndisplay: none;\r\n}\r\n}\r\n@media screen and (min-width: 769px) and (max-width: 992px) {\r\n.blhzp69f190a6193bd {\r\ndisplay: none;\r\n}\r\n}\r\n@media screen and (min-width: 768px) and (max-width: 768px) {\r\n.blhzp69f190a6193bd {\r\ndisplay: block;\r\n}\r\n}\r\n@media screen and (max-width: 767px) {\r\n.blhzp69f190a6193bd {\r\ndisplay: block;\r\n}\r\n}\r\n<\/style>\r\n<div class=\"qmntn69f190a6193aa\" ><!--<a href=\"https:\/\/bit.ly\/3QdrqTZ\" target=\"_blank\">\n<img src=\"https:\/\/justicapotiguar.com.br\/wp-content\/uploads\/2023\/09\/desktop-geral.gif\"\/><a\/>--><\/div><style type=\"text\/css\">\r\n.qmntn69f190a6193aa {\r\ntext-align: center;\nmargin-bottom: 1em;\r\n}\r\n@media screen and (min-width: 1201px) {\r\n.qmntn69f190a6193aa {\r\ndisplay: block;\r\n}\r\n}\r\n@media screen and (min-width: 993px) and (max-width: 1200px) {\r\n.qmntn69f190a6193aa {\r\ndisplay: block;\r\n}\r\n}\r\n@media screen and (min-width: 769px) and (max-width: 992px) {\r\n.qmntn69f190a6193aa {\r\ndisplay: block;\r\n}\r\n}\r\n@media screen and (min-width: 768px) and (max-width: 768px) {\r\n.qmntn69f190a6193aa {\r\ndisplay: none;\r\n}\r\n}\r\n@media screen and (max-width: 767px) {\r\n.qmntn69f190a6193aa {\r\ndisplay: none;\r\n}\r\n}\r\n<\/style>\r\n\n\n\n\n<p>Sobre a aprova\u00e7\u00e3o da chamada de \u201cPEC Emergencial\u201d, o respons\u00e1vel pela Divis\u00e3o de Precat\u00f3rios considera que o legislador entendeu como suficiente ao combate dos efeitos econ\u00f4micos causados pela pandemia, o alargamento do prazo para quita\u00e7\u00e3o do regime especial de pagamento de precat\u00f3rios, \u201cn\u00e3o fazendo qualquer refer\u00eancia \u00e0 possibilidade de suspens\u00e3o ou interrup\u00e7\u00e3o do pagamento na forma estabelecida no artigo 101, do ADCT\u201d.<\/p>\n\n\n\n<p>Bruno Lacerda lembra ainda que o regime especial de pagamento de precat\u00f3rios j\u00e1 se constitui em uma morat\u00f3ria ao pagamento de tais requisi\u00e7\u00f5es, permitindo que os valores que deveriam ter sido pagos em cada or\u00e7amento financeiro possam, agora, ser quitados at\u00e9 dezembro de 2029.<\/p>\n\n\n\n<p>Ainda, o coordenador aponta que n\u00e3o \u00e9 poss\u00edvel ao Estado alegar que houve imprevisibilidade, pois o plano homologado pelo TJRN foi apresentado em setembro de 2020, quando a situa\u00e7\u00e3o de pandemia j\u00e1 era grav\u00edssima.<\/p>\n\n\n\n<p>\u201cPortanto, n\u00e3o h\u00e1 condi\u00e7\u00f5es de ser acatado o pleito de suspens\u00e3o, por falta dos requisitos previstos na Constitui\u00e7\u00e3o Federal e Resolu\u00e7\u00e3o 303\/2019-CNJ\u201d, decidiu, e manteve o plano homologado, inclusive com os percentuais a serem quitados em cada m\u00eas do ano.<\/p>\n","protected":false},"excerpt":{"rendered":"<p>O juiz Bruno Lacerda, respons\u00e1vel pela Divis\u00e3o de Precat\u00f3rios do Tribunal de Justi\u00e7a, negou pedido formulado pelo Estado do Rio Grande do Norte para suspens\u00e3o dos pagamentos dos aportes mensais devidos pelo ente p\u00fablico para o pagamento dessas obriga\u00e7\u00f5es constitucionais. O magistrado manteve o plano de pagamentos anteriormente homologado e j\u00e1 adequado \u00e0s novas regras<br \/><a class=\"more-link\" href=\"https:\/\/justicapotiguar.com.br\/index.php\/2021\/04\/05\/precatorios-juiz-nega-pedido-de-suspensao-de-pagamentos-pelo-estado\/\">Mais&#8230;<\/a><\/p>\n","protected":false},"author":5,"featured_media":13482,"comment_status":"open","ping_status":"open","sticky":false,"template":"","format":"standard","meta":[],"categories":[3],"tags":[],"_links":{"self":[{"href":"https:\/\/justicapotiguar.com.br\/index.php\/wp-json\/wp\/v2\/posts\/17853"}],"collection":[{"href":"https:\/\/justicapotiguar.com.br\/index.php\/wp-json\/wp\/v2\/posts"}],"about":[{"href":"https:\/\/justicapotiguar.com.br\/index.php\/wp-json\/wp\/v2\/types\/post"}],"author":[{"embeddable":true,"href":"https:\/\/justicapotiguar.com.br\/index.php\/wp-json\/wp\/v2\/users\/5"}],"replies":[{"embeddable":true,"href":"https:\/\/justicapotiguar.com.br\/index.php\/wp-json\/wp\/v2\/comments?post=17853"}],"version-history":[{"count":1,"href":"https:\/\/justicapotiguar.com.br\/index.php\/wp-json\/wp\/v2\/posts\/17853\/revisions"}],"predecessor-version":[{"id":17854,"href":"https:\/\/justicapotiguar.com.br\/index.php\/wp-json\/wp\/v2\/posts\/17853\/revisions\/17854"}],"wp:featuredmedia":[{"embeddable":true,"href":"https:\/\/justicapotiguar.com.br\/index.php\/wp-json\/wp\/v2\/media\/13482"}],"wp:attachment":[{"href":"https:\/\/justicapotiguar.com.br\/index.php\/wp-json\/wp\/v2\/media?parent=17853"}],"wp:term":[{"taxonomy":"category","embeddable":true,"href":"https:\/\/justicapotiguar.com.br\/index.php\/wp-json\/wp\/v2\/categories?post=17853"},{"taxonomy":"post_tag","embeddable":true,"href":"https:\/\/justicapotiguar.com.br\/index.php\/wp-json\/wp\/v2\/tags?post=17853"}],"curies":[{"name":"wp","href":"https:\/\/api.w.org\/{rel}","templated":true}]}}