{"id":17849,"date":"2021-04-05T08:26:41","date_gmt":"2021-04-05T11:26:41","guid":{"rendered":"https:\/\/justicapotiguar.com.br\/?p=17849"},"modified":"2021-04-05T08:26:41","modified_gmt":"2021-04-05T11:26:41","slug":"advocacia-pode-se-inscrever-para-vaga-de-membro-titular-do-tre-rn-entre-7-e-13-de-abril","status":"publish","type":"post","link":"https:\/\/justicapotiguar.com.br\/index.php\/2021\/04\/05\/advocacia-pode-se-inscrever-para-vaga-de-membro-titular-do-tre-rn-entre-7-e-13-de-abril\/","title":{"rendered":"Advocacia pode se inscrever para vaga de membro titular do TRE\/RN entre 7 e 13 de abril"},"content":{"rendered":"\n<figure class=\"wp-block-image size-large\"><img loading=\"lazy\" width=\"602\" height=\"400\" src=\"https:\/\/justicapotiguar.com.br\/wp-content\/uploads\/2020\/03\/TRE-RN.jpg\" alt=\"\" class=\"wp-image-7252\" srcset=\"https:\/\/justicapotiguar.com.br\/wp-content\/uploads\/2020\/03\/TRE-RN.jpg 602w, https:\/\/justicapotiguar.com.br\/wp-content\/uploads\/2020\/03\/TRE-RN-300x199.jpg 300w\" sizes=\"(max-width: 602px) 100vw, 602px\" \/><figcaption>Reprodu\u00e7\u00e3o<\/figcaption><\/figure>\n\n\n\n<p>O presidente do Tribunal de Justi\u00e7a do RN, desembargador Vivaldo Pinheiro, tornou p\u00fablico a abertura de inscri\u00e7\u00f5es, no per\u00edodo de 7 a 13 de abril, para advogados e advogadas interessados em concorrer \u00e0 forma\u00e7\u00e3o de lista tr\u00edplice, destinada a uma vaga no Tribunal Regional Eleitoral (TRE\/RN) como membro titular, classe de jurista, em raz\u00e3o do t\u00e9rmino do primeiro bi\u00eanio da advogada Adriana Cavalcante Magalh\u00e3es Faustino como membro titular daquela Corte Eleitoral, no pr\u00f3ximo dia 3 de junho.<\/p>\n\n\n\n<p>De acordo com o Edital n\u00ba 18\/2021, o requerimento de inscri\u00e7\u00e3o dever\u00e1 ser dirigido ao presidente do TJRN e protocolado na Secretaria Geral do Tribunal (localizada na Pra\u00e7a Sete de Setembro, s\/n, Centro, Natal), entre os dias 7 e 13 de abril, instru\u00eddo, obrigatoriamente, com a documenta\u00e7\u00e3o exigida no artigo 4\u00ba da Resolu\u00e7\u00e3o n. 23.517\/2017 do TSE.<\/p><div class=\"alobm69f190c7b88b7\" ><!--<a href=\"https:\/\/bit.ly\/3QdrqTZ\" target=\"_blank\">\n<img src=\"https:\/\/justicapotiguar.com.br\/wp-content\/uploads\/2023\/09\/mobile-geral.gif\"\/><a\/>--><\/div><style type=\"text\/css\">\r\n.alobm69f190c7b88b7 {\r\ntext-align: center;\r\n}\r\n@media screen and (min-width: 1201px) {\r\n.alobm69f190c7b88b7 {\r\ndisplay: none;\r\n}\r\n}\r\n@media screen and (min-width: 993px) and (max-width: 1200px) {\r\n.alobm69f190c7b88b7 {\r\ndisplay: none;\r\n}\r\n}\r\n@media screen and (min-width: 769px) and (max-width: 992px) {\r\n.alobm69f190c7b88b7 {\r\ndisplay: none;\r\n}\r\n}\r\n@media screen and (min-width: 768px) and (max-width: 768px) {\r\n.alobm69f190c7b88b7 {\r\ndisplay: block;\r\n}\r\n}\r\n@media screen and (max-width: 767px) {\r\n.alobm69f190c7b88b7 {\r\ndisplay: block;\r\n}\r\n}\r\n<\/style>\r\n<div class=\"fmgwj69f190c7b889b\" ><!--<a href=\"https:\/\/bit.ly\/3QdrqTZ\" target=\"_blank\">\n<img src=\"https:\/\/justicapotiguar.com.br\/wp-content\/uploads\/2023\/09\/desktop-geral.gif\"\/><a\/>--><\/div><style type=\"text\/css\">\r\n.fmgwj69f190c7b889b {\r\ntext-align: center;\nmargin-bottom: 1em;\r\n}\r\n@media screen and (min-width: 1201px) {\r\n.fmgwj69f190c7b889b {\r\ndisplay: block;\r\n}\r\n}\r\n@media screen and (min-width: 993px) and (max-width: 1200px) {\r\n.fmgwj69f190c7b889b {\r\ndisplay: block;\r\n}\r\n}\r\n@media screen and (min-width: 769px) and (max-width: 992px) {\r\n.fmgwj69f190c7b889b {\r\ndisplay: block;\r\n}\r\n}\r\n@media screen and (min-width: 768px) and (max-width: 768px) {\r\n.fmgwj69f190c7b889b {\r\ndisplay: none;\r\n}\r\n}\r\n@media screen and (max-width: 767px) {\r\n.fmgwj69f190c7b889b {\r\ndisplay: none;\r\n}\r\n}\r\n<\/style>\r\n\n\n\n\n<p>Veja&nbsp;<a href=\"http:\/\/www.tjrn.jus.br\/images\/vaga_oab_tre.pdf\">AQUI<\/a>&nbsp;o edital e a documenta\u00e7\u00e3o necess\u00e1ria<\/p>\n","protected":false},"excerpt":{"rendered":"<p>O presidente do Tribunal de Justi\u00e7a do RN, desembargador Vivaldo Pinheiro, tornou p\u00fablico a abertura de inscri\u00e7\u00f5es, no per\u00edodo de 7 a 13 de abril, para advogados e advogadas interessados em concorrer \u00e0 forma\u00e7\u00e3o de lista tr\u00edplice, destinada a uma vaga no Tribunal Regional Eleitoral (TRE\/RN) como membro titular, classe de jurista, em raz\u00e3o do<br \/><a class=\"more-link\" href=\"https:\/\/justicapotiguar.com.br\/index.php\/2021\/04\/05\/advocacia-pode-se-inscrever-para-vaga-de-membro-titular-do-tre-rn-entre-7-e-13-de-abril\/\">Mais&#8230;<\/a><\/p>\n","protected":false},"author":5,"featured_media":7252,"comment_status":"open","ping_status":"open","sticky":false,"template":"","format":"standard","meta":[],"categories":[3],"tags":[],"_links":{"self":[{"href":"https:\/\/justicapotiguar.com.br\/index.php\/wp-json\/wp\/v2\/posts\/17849"}],"collection":[{"href":"https:\/\/justicapotiguar.com.br\/index.php\/wp-json\/wp\/v2\/posts"}],"about":[{"href":"https:\/\/justicapotiguar.com.br\/index.php\/wp-json\/wp\/v2\/types\/post"}],"author":[{"embeddable":true,"href":"https:\/\/justicapotiguar.com.br\/index.php\/wp-json\/wp\/v2\/users\/5"}],"replies":[{"embeddable":true,"href":"https:\/\/justicapotiguar.com.br\/index.php\/wp-json\/wp\/v2\/comments?post=17849"}],"version-history":[{"count":1,"href":"https:\/\/justicapotiguar.com.br\/index.php\/wp-json\/wp\/v2\/posts\/17849\/revisions"}],"predecessor-version":[{"id":17850,"href":"https:\/\/justicapotiguar.com.br\/index.php\/wp-json\/wp\/v2\/posts\/17849\/revisions\/17850"}],"wp:featuredmedia":[{"embeddable":true,"href":"https:\/\/justicapotiguar.com.br\/index.php\/wp-json\/wp\/v2\/media\/7252"}],"wp:attachment":[{"href":"https:\/\/justicapotiguar.com.br\/index.php\/wp-json\/wp\/v2\/media?parent=17849"}],"wp:term":[{"taxonomy":"category","embeddable":true,"href":"https:\/\/justicapotiguar.com.br\/index.php\/wp-json\/wp\/v2\/categories?post=17849"},{"taxonomy":"post_tag","embeddable":true,"href":"https:\/\/justicapotiguar.com.br\/index.php\/wp-json\/wp\/v2\/tags?post=17849"}],"curies":[{"name":"wp","href":"https:\/\/api.w.org\/{rel}","templated":true}]}}