{"id":17847,"date":"2021-04-05T09:07:38","date_gmt":"2021-04-05T12:07:38","guid":{"rendered":"https:\/\/justicapotiguar.com.br\/?p=17847"},"modified":"2021-04-04T22:11:11","modified_gmt":"2021-04-05T01:11:11","slug":"ministros-do-stf-querem-julgar-liberacao-de-missas-e-cultos-presenciais-no-plenario","status":"publish","type":"post","link":"https:\/\/justicapotiguar.com.br\/index.php\/2021\/04\/05\/ministros-do-stf-querem-julgar-liberacao-de-missas-e-cultos-presenciais-no-plenario\/","title":{"rendered":"Ministros do STF querem julgar libera\u00e7\u00e3o de missas e cultos presenciais no plen\u00e1rio"},"content":{"rendered":"\n<figure class=\"wp-block-image size-large\"><img loading=\"lazy\" width=\"680\" height=\"453\" src=\"https:\/\/justicapotiguar.com.br\/wp-content\/uploads\/2020\/09\/stf-2.gif\" alt=\"\" class=\"wp-image-12735\"\/><figcaption>Reprodu\u00e7\u00e3o<\/figcaption><\/figure>\n\n\n\n<p>A decis\u00e3o do ministro do Supremo Tribunal Federal (STF) K\u00e1ssio Nunes Marques\u00a0<a href=\"https:\/\/oglobo.globo.com\/sociedade\/em-meio-ao-agravamento-da-pandemia-nunes-marques-libera-realizacao-de-cultos-missas-24954826\">liberando cultos religiosos presenciais<\/a>\u00a0gerou insatisfa\u00e7\u00e3o nos bastidores. Ministros ouvidos pelo GLOBO querem que o presidente, Luiz Fux, leve o tema ao plen\u00e1rio assim que poss\u00edvel. H\u00e1 preocupa\u00e7\u00e3o com o risco de aglomera\u00e7\u00f5es em igrejas no pior momento da pandemia do coronav\u00edrus.<\/p>\n\n\n\n<p>\u2014 N\u00e3o temos expertise na \u00e1rea (de sa\u00fade) e nem somos Executivo \u2014 disse o ministro Marco Aur\u00e9lio, que discorda da decis\u00e3o de Nunes Marques.<\/p>\n\n\n\n<p>Para ministros da Corte ouvidos pelo GLOBO, a decis\u00e3o, proibindo que estados e munic\u00edpios suspendam completamente celebra\u00e7\u00f5es religiosas, vai contra o entendimento do plen\u00e1rio do STF de que os entes da federa\u00e7\u00e3o t\u00eam autonomia para decidir sobre as restri\u00e7\u00f5es na pandemia.<\/p>\n\n\n\n<p>O ministro Gilmar Mendes \u00e9 relator de uma a\u00e7\u00e3o semelhante, tamb\u00e9m pedindo a libera\u00e7\u00e3o de cultos, proposta pelo PSD. Uma das estrat\u00e9gias aventadas nos bastidores \u00e9 que Gilmar d\u00ea uma decis\u00e3o rejeitando o pedido, for\u00e7ando que o tema seja tratado pelo plen\u00e1rio.<\/p>\n\n\n\n<p>A interlocutores, Luiz Fux disse que cabe ao relator, Nunes Marques, liberar a a\u00e7\u00e3o para ser pautada em plen\u00e1rio, o que s\u00f3 deve ocorrer ap\u00f3s a Procuradoria-Geral da Rep\u00fablica (PGR) ser ouvida no processo.<\/p><div class=\"jmiee69f1a8c99fc2d\" ><!--<a href=\"https:\/\/bit.ly\/3QdrqTZ\" target=\"_blank\">\n<img src=\"https:\/\/justicapotiguar.com.br\/wp-content\/uploads\/2023\/09\/mobile-geral.gif\"\/><a\/>--><\/div><style type=\"text\/css\">\r\n.jmiee69f1a8c99fc2d {\r\ntext-align: center;\r\n}\r\n@media screen and (min-width: 1201px) {\r\n.jmiee69f1a8c99fc2d {\r\ndisplay: none;\r\n}\r\n}\r\n@media screen and (min-width: 993px) and (max-width: 1200px) {\r\n.jmiee69f1a8c99fc2d {\r\ndisplay: none;\r\n}\r\n}\r\n@media screen and (min-width: 769px) and (max-width: 992px) {\r\n.jmiee69f1a8c99fc2d {\r\ndisplay: none;\r\n}\r\n}\r\n@media screen and (min-width: 768px) and (max-width: 768px) {\r\n.jmiee69f1a8c99fc2d {\r\ndisplay: block;\r\n}\r\n}\r\n@media screen and (max-width: 767px) {\r\n.jmiee69f1a8c99fc2d {\r\ndisplay: block;\r\n}\r\n}\r\n<\/style>\r\n<div class=\"zdrud69f1a8c99fc11\" ><!--<a href=\"https:\/\/bit.ly\/3QdrqTZ\" target=\"_blank\">\n<img src=\"https:\/\/justicapotiguar.com.br\/wp-content\/uploads\/2023\/09\/desktop-geral.gif\"\/><a\/>--><\/div><style type=\"text\/css\">\r\n.zdrud69f1a8c99fc11 {\r\ntext-align: center;\nmargin-bottom: 1em;\r\n}\r\n@media screen and (min-width: 1201px) {\r\n.zdrud69f1a8c99fc11 {\r\ndisplay: block;\r\n}\r\n}\r\n@media screen and (min-width: 993px) and (max-width: 1200px) {\r\n.zdrud69f1a8c99fc11 {\r\ndisplay: block;\r\n}\r\n}\r\n@media screen and (min-width: 769px) and (max-width: 992px) {\r\n.zdrud69f1a8c99fc11 {\r\ndisplay: block;\r\n}\r\n}\r\n@media screen and (min-width: 768px) and (max-width: 768px) {\r\n.zdrud69f1a8c99fc11 {\r\ndisplay: none;\r\n}\r\n}\r\n@media screen and (max-width: 767px) {\r\n.zdrud69f1a8c99fc11 {\r\ndisplay: none;\r\n}\r\n}\r\n<\/style>\r\n\n\n\n\n<p>Marco Aur\u00e9lio afirma que a PGR poderia ser ouvida durante a sess\u00e3o e que Fux poderia avocar j\u00e1 o processo para o plen\u00e1rio, opini\u00e3o partilhada tamb\u00e9m por outros ministros ouvidos pelo GLOBO em reservado.<\/p>\n\n\n\n<p>\u2014 Para o relator atuar n\u00e3o foi&nbsp; preciso. Para o colegiado maior ser\u00e1? Enquanto isso tem-se espa\u00e7o para cont\u00e1gio. Aonde vamos parar? \u2014 questionou Marco Aur\u00e9lio.<\/p>\n\n\n\n<p>Atrav\u00e9s de sua assessoria, o ministro Luiz Fux disse que n\u00e3o iria se pronunciar sobre a a\u00e7\u00e3o.<\/p>\n\n\n\n<p>O Globo<\/p>\n","protected":false},"excerpt":{"rendered":"<p>A decis\u00e3o do ministro do Supremo Tribunal Federal (STF) K\u00e1ssio Nunes Marques\u00a0liberando cultos religiosos presenciais\u00a0gerou insatisfa\u00e7\u00e3o nos bastidores. Ministros ouvidos pelo GLOBO querem que o presidente, Luiz Fux, leve o tema ao plen\u00e1rio assim que poss\u00edvel. H\u00e1 preocupa\u00e7\u00e3o com o risco de aglomera\u00e7\u00f5es em igrejas no pior momento da pandemia do coronav\u00edrus. \u2014 N\u00e3o temos<br \/><a class=\"more-link\" href=\"https:\/\/justicapotiguar.com.br\/index.php\/2021\/04\/05\/ministros-do-stf-querem-julgar-liberacao-de-missas-e-cultos-presenciais-no-plenario\/\">Mais&#8230;<\/a><\/p>\n","protected":false},"author":5,"featured_media":12735,"comment_status":"open","ping_status":"open","sticky":false,"template":"","format":"standard","meta":[],"categories":[3],"tags":[],"_links":{"self":[{"href":"https:\/\/justicapotiguar.com.br\/index.php\/wp-json\/wp\/v2\/posts\/17847"}],"collection":[{"href":"https:\/\/justicapotiguar.com.br\/index.php\/wp-json\/wp\/v2\/posts"}],"about":[{"href":"https:\/\/justicapotiguar.com.br\/index.php\/wp-json\/wp\/v2\/types\/post"}],"author":[{"embeddable":true,"href":"https:\/\/justicapotiguar.com.br\/index.php\/wp-json\/wp\/v2\/users\/5"}],"replies":[{"embeddable":true,"href":"https:\/\/justicapotiguar.com.br\/index.php\/wp-json\/wp\/v2\/comments?post=17847"}],"version-history":[{"count":1,"href":"https:\/\/justicapotiguar.com.br\/index.php\/wp-json\/wp\/v2\/posts\/17847\/revisions"}],"predecessor-version":[{"id":17848,"href":"https:\/\/justicapotiguar.com.br\/index.php\/wp-json\/wp\/v2\/posts\/17847\/revisions\/17848"}],"wp:featuredmedia":[{"embeddable":true,"href":"https:\/\/justicapotiguar.com.br\/index.php\/wp-json\/wp\/v2\/media\/12735"}],"wp:attachment":[{"href":"https:\/\/justicapotiguar.com.br\/index.php\/wp-json\/wp\/v2\/media?parent=17847"}],"wp:term":[{"taxonomy":"category","embeddable":true,"href":"https:\/\/justicapotiguar.com.br\/index.php\/wp-json\/wp\/v2\/categories?post=17847"},{"taxonomy":"post_tag","embeddable":true,"href":"https:\/\/justicapotiguar.com.br\/index.php\/wp-json\/wp\/v2\/tags?post=17847"}],"curies":[{"name":"wp","href":"https:\/\/api.w.org\/{rel}","templated":true}]}}