{"id":17845,"date":"2021-04-05T09:29:02","date_gmt":"2021-04-05T12:29:02","guid":{"rendered":"https:\/\/justicapotiguar.com.br\/?p=17845"},"modified":"2021-04-05T08:24:39","modified_gmt":"2021-04-05T11:24:39","slug":"mp-recorre-de-decisao-de-juiz-que-concedeu-liberdade-ao-proprio-filho","status":"publish","type":"post","link":"https:\/\/justicapotiguar.com.br\/index.php\/2021\/04\/05\/mp-recorre-de-decisao-de-juiz-que-concedeu-liberdade-ao-proprio-filho\/","title":{"rendered":"MP recorre de decis\u00e3o de juiz que concedeu liberdade ao pr\u00f3prio filho"},"content":{"rendered":"\n<p>O promotor de Justi\u00e7a Danilo Carlos Ramos Henriques, da 4\u00aa Promotoria de Justi\u00e7a de Floriano, ingressou com recurso contra a decis\u00e3o do juiz de Direito da 1\u00aa Vara da Comarca de Floriano, No\u00e9 Pacheco de Carvalho. No \u00faltimo dia 29 de mar\u00e7o,<a href=\"https:\/\/g1.globo.com\/pi\/piaui\/noticia\/2021\/03\/30\/juiz-manda-soltar-o-proprio-filho-preso-por-dirigir-embriagado-e-provocar-acidente-no-sul-do-piaui.ghtml\">&nbsp;ele concedeu liberdade provis\u00f3ria ao pr\u00f3prio filho<\/a>, autuado em flagrante ap\u00f3s se envolver em um acidente e por embriaguez ao volante no dia 28.<\/p>\n\n\n\n<figure class=\"wp-block-image size-large\"><img loading=\"lazy\" width=\"1016\" height=\"598\" src=\"https:\/\/justicapotiguar.com.br\/wp-content\/uploads\/2020\/03\/pris\u00e3o.jpg\" alt=\"\" class=\"wp-image-8055\" srcset=\"https:\/\/justicapotiguar.com.br\/wp-content\/uploads\/2020\/03\/pris\u00e3o.jpg 1016w, https:\/\/justicapotiguar.com.br\/wp-content\/uploads\/2020\/03\/pris\u00e3o-300x177.jpg 300w, https:\/\/justicapotiguar.com.br\/wp-content\/uploads\/2020\/03\/pris\u00e3o-768x452.jpg 768w\" sizes=\"(max-width: 1016px) 100vw, 1016px\" \/><figcaption>Reprodu\u00e7\u00e3o<\/figcaption><\/figure>\n\n\n\n<p>&#8220;O Minist\u00e9rio P\u00fablico ainda ajuizou A\u00e7\u00e3o Cautelar Inominada perante o Tribunal de Justi\u00e7a do Piau\u00ed, com pedido liminar, a fim de suspender os efeitos da decis\u00e3o&#8221;, informou o Minist\u00e9rio P\u00fablico do Piau\u00ed.<\/p><div class=\"qoqia69f1a8c89db20\" ><!--<a href=\"https:\/\/bit.ly\/3QdrqTZ\" target=\"_blank\">\n<img src=\"https:\/\/justicapotiguar.com.br\/wp-content\/uploads\/2023\/09\/mobile-geral.gif\"\/><a\/>--><\/div><style type=\"text\/css\">\r\n.qoqia69f1a8c89db20 {\r\ntext-align: center;\r\n}\r\n@media screen and (min-width: 1201px) {\r\n.qoqia69f1a8c89db20 {\r\ndisplay: none;\r\n}\r\n}\r\n@media screen and (min-width: 993px) and (max-width: 1200px) {\r\n.qoqia69f1a8c89db20 {\r\ndisplay: none;\r\n}\r\n}\r\n@media screen and (min-width: 769px) and (max-width: 992px) {\r\n.qoqia69f1a8c89db20 {\r\ndisplay: none;\r\n}\r\n}\r\n@media screen and (min-width: 768px) and (max-width: 768px) {\r\n.qoqia69f1a8c89db20 {\r\ndisplay: block;\r\n}\r\n}\r\n@media screen and (max-width: 767px) {\r\n.qoqia69f1a8c89db20 {\r\ndisplay: block;\r\n}\r\n}\r\n<\/style>\r\n<div class=\"genpw69f1a8c89db0e\" ><!--<a href=\"https:\/\/bit.ly\/3QdrqTZ\" target=\"_blank\">\n<img src=\"https:\/\/justicapotiguar.com.br\/wp-content\/uploads\/2023\/09\/desktop-geral.gif\"\/><a\/>--><\/div><style type=\"text\/css\">\r\n.genpw69f1a8c89db0e {\r\ntext-align: center;\nmargin-bottom: 1em;\r\n}\r\n@media screen and (min-width: 1201px) {\r\n.genpw69f1a8c89db0e {\r\ndisplay: block;\r\n}\r\n}\r\n@media screen and (min-width: 993px) and (max-width: 1200px) {\r\n.genpw69f1a8c89db0e {\r\ndisplay: block;\r\n}\r\n}\r\n@media screen and (min-width: 769px) and (max-width: 992px) {\r\n.genpw69f1a8c89db0e {\r\ndisplay: block;\r\n}\r\n}\r\n@media screen and (min-width: 768px) and (max-width: 768px) {\r\n.genpw69f1a8c89db0e {\r\ndisplay: none;\r\n}\r\n}\r\n@media screen and (max-width: 767px) {\r\n.genpw69f1a8c89db0e {\r\ndisplay: none;\r\n}\r\n}\r\n<\/style>\r\n\n\n\n\n<h4>Corregedoria do TJ apura<\/h4>\n\n\n\n<p>Al\u00e9m do recurso, a Corregedoria Geral de Justi\u00e7a j\u00e1 havia informado que determinou\u00a0abertura de procedimento para apurar \u201ceventuais irregularidades\u201d\u00a0na decis\u00e3o do magistrado No\u00e9 Pacheco de Carvalho.<\/p>\n\n\n\n<p>G1<\/p>\n","protected":false},"excerpt":{"rendered":"<p>O promotor de Justi\u00e7a Danilo Carlos Ramos Henriques, da 4\u00aa Promotoria de Justi\u00e7a de Floriano, ingressou com recurso contra a decis\u00e3o do juiz de Direito da 1\u00aa Vara da Comarca de Floriano, No\u00e9 Pacheco de Carvalho. No \u00faltimo dia 29 de mar\u00e7o,&nbsp;ele concedeu liberdade provis\u00f3ria ao pr\u00f3prio filho, autuado em flagrante ap\u00f3s se envolver em<br \/><a class=\"more-link\" href=\"https:\/\/justicapotiguar.com.br\/index.php\/2021\/04\/05\/mp-recorre-de-decisao-de-juiz-que-concedeu-liberdade-ao-proprio-filho\/\">Mais&#8230;<\/a><\/p>\n","protected":false},"author":5,"featured_media":8055,"comment_status":"open","ping_status":"open","sticky":false,"template":"","format":"standard","meta":[],"categories":[3],"tags":[],"_links":{"self":[{"href":"https:\/\/justicapotiguar.com.br\/index.php\/wp-json\/wp\/v2\/posts\/17845"}],"collection":[{"href":"https:\/\/justicapotiguar.com.br\/index.php\/wp-json\/wp\/v2\/posts"}],"about":[{"href":"https:\/\/justicapotiguar.com.br\/index.php\/wp-json\/wp\/v2\/types\/post"}],"author":[{"embeddable":true,"href":"https:\/\/justicapotiguar.com.br\/index.php\/wp-json\/wp\/v2\/users\/5"}],"replies":[{"embeddable":true,"href":"https:\/\/justicapotiguar.com.br\/index.php\/wp-json\/wp\/v2\/comments?post=17845"}],"version-history":[{"count":1,"href":"https:\/\/justicapotiguar.com.br\/index.php\/wp-json\/wp\/v2\/posts\/17845\/revisions"}],"predecessor-version":[{"id":17846,"href":"https:\/\/justicapotiguar.com.br\/index.php\/wp-json\/wp\/v2\/posts\/17845\/revisions\/17846"}],"wp:featuredmedia":[{"embeddable":true,"href":"https:\/\/justicapotiguar.com.br\/index.php\/wp-json\/wp\/v2\/media\/8055"}],"wp:attachment":[{"href":"https:\/\/justicapotiguar.com.br\/index.php\/wp-json\/wp\/v2\/media?parent=17845"}],"wp:term":[{"taxonomy":"category","embeddable":true,"href":"https:\/\/justicapotiguar.com.br\/index.php\/wp-json\/wp\/v2\/categories?post=17845"},{"taxonomy":"post_tag","embeddable":true,"href":"https:\/\/justicapotiguar.com.br\/index.php\/wp-json\/wp\/v2\/tags?post=17845"}],"curies":[{"name":"wp","href":"https:\/\/api.w.org\/{rel}","templated":true}]}}