{"id":1779,"date":"2019-09-04T13:45:31","date_gmt":"2019-09-04T16:45:31","guid":{"rendered":"https:\/\/justicapotiguar.com.br\/?p=1779"},"modified":"2019-09-04T12:00:21","modified_gmt":"2019-09-04T15:00:21","slug":"oab-rn-presta-apoio-em-processos-de-advogados-potiguares-no-trf-5","status":"publish","type":"post","link":"https:\/\/justicapotiguar.com.br\/index.php\/2019\/09\/04\/oab-rn-presta-apoio-em-processos-de-advogados-potiguares-no-trf-5\/","title":{"rendered":"OAB\/RN presta apoio em processos de advogados potiguares no TRF-5"},"content":{"rendered":"\n<figure class=\"wp-block-image\"><img loading=\"lazy\" width=\"930\" height=\"522\" src=\"https:\/\/justicapotiguar.com.br\/wp-content\/uploads\/2019\/09\/oabaq.jpg\" alt=\"\" class=\"wp-image-1780\" srcset=\"https:\/\/justicapotiguar.com.br\/wp-content\/uploads\/2019\/09\/oabaq.jpg 930w, https:\/\/justicapotiguar.com.br\/wp-content\/uploads\/2019\/09\/oabaq-300x168.jpg 300w, https:\/\/justicapotiguar.com.br\/wp-content\/uploads\/2019\/09\/oabaq-768x431.jpg 768w\" sizes=\"(max-width: 930px) 100vw, 930px\" \/><figcaption>Foto: Divulga\u00e7\u00e3o-OAB<\/figcaption><\/figure>\n\n\n\n<p>O presidente da Ordem dos Advogados do Brasil no Rio Grande do Norte, Aldo Medeiros, esteve no Tribunal Regional Federal \u2013 5\u00aa Regi\u00e3o, em Recife, nesta ter\u00e7a-feira (3). O objetivo foi verificar e despachar processos que envolvem advogados potiguares sob a acusa\u00e7\u00e3o de terem supostamente cometido atos il\u00edcitos apenas por emitirem pareceres jur\u00eddicos em licita\u00e7\u00f5es p\u00fablicas.<\/p><div class=\"einph69ede685a9f66\" ><!--<a href=\"https:\/\/bit.ly\/3QdrqTZ\" target=\"_blank\">\n<img src=\"https:\/\/justicapotiguar.com.br\/wp-content\/uploads\/2023\/09\/mobile-geral.gif\"\/><a\/>--><\/div><style type=\"text\/css\">\r\n.einph69ede685a9f66 {\r\ntext-align: center;\r\n}\r\n@media screen and (min-width: 1201px) {\r\n.einph69ede685a9f66 {\r\ndisplay: none;\r\n}\r\n}\r\n@media screen and (min-width: 993px) and (max-width: 1200px) {\r\n.einph69ede685a9f66 {\r\ndisplay: none;\r\n}\r\n}\r\n@media screen and (min-width: 769px) and (max-width: 992px) {\r\n.einph69ede685a9f66 {\r\ndisplay: none;\r\n}\r\n}\r\n@media screen and (min-width: 768px) and (max-width: 768px) {\r\n.einph69ede685a9f66 {\r\ndisplay: block;\r\n}\r\n}\r\n@media screen and (max-width: 767px) {\r\n.einph69ede685a9f66 {\r\ndisplay: block;\r\n}\r\n}\r\n<\/style>\r\n<div class=\"snjpd69ede685a9f4c\" ><!--<a href=\"https:\/\/bit.ly\/3QdrqTZ\" target=\"_blank\">\n<img src=\"https:\/\/justicapotiguar.com.br\/wp-content\/uploads\/2023\/09\/desktop-geral.gif\"\/><a\/>--><\/div><style type=\"text\/css\">\r\n.snjpd69ede685a9f4c {\r\ntext-align: center;\nmargin-bottom: 1em;\r\n}\r\n@media screen and (min-width: 1201px) {\r\n.snjpd69ede685a9f4c {\r\ndisplay: block;\r\n}\r\n}\r\n@media screen and (min-width: 993px) and (max-width: 1200px) {\r\n.snjpd69ede685a9f4c {\r\ndisplay: block;\r\n}\r\n}\r\n@media screen and (min-width: 769px) and (max-width: 992px) {\r\n.snjpd69ede685a9f4c {\r\ndisplay: block;\r\n}\r\n}\r\n@media screen and (min-width: 768px) and (max-width: 768px) {\r\n.snjpd69ede685a9f4c {\r\ndisplay: none;\r\n}\r\n}\r\n@media screen and (max-width: 767px) {\r\n.snjpd69ede685a9f4c {\r\ndisplay: none;\r\n}\r\n}\r\n<\/style>\r\n\n\n\n\n<p>\u201cEntendemos que os advogados p\u00fablicos n\u00e3o podem ser penalizados apenas por estarem cumprindo o seu of\u00edcio. \u00c9 algo que fere as prerrogativas profissionais e a OAB\/RN est\u00e1 atenta e solid\u00e1ria no apoio para evitar injusti\u00e7as em casos assim\u201d, afirma o presidente Aldo Medeiros.<\/p>\n","protected":false},"excerpt":{"rendered":"<p>O objetivo foi verificar e despachar processos que envolvem advogados potiguares sob a acusa\u00e7\u00e3o de terem supostamente cometido atos il\u00edcitos<br \/><a class=\"more-link\" href=\"https:\/\/justicapotiguar.com.br\/index.php\/2019\/09\/04\/oab-rn-presta-apoio-em-processos-de-advogados-potiguares-no-trf-5\/\">Mais&#8230;<\/a><\/p>\n","protected":false},"author":5,"featured_media":1780,"comment_status":"open","ping_status":"open","sticky":false,"template":"","format":"standard","meta":[],"categories":[3],"tags":[],"_links":{"self":[{"href":"https:\/\/justicapotiguar.com.br\/index.php\/wp-json\/wp\/v2\/posts\/1779"}],"collection":[{"href":"https:\/\/justicapotiguar.com.br\/index.php\/wp-json\/wp\/v2\/posts"}],"about":[{"href":"https:\/\/justicapotiguar.com.br\/index.php\/wp-json\/wp\/v2\/types\/post"}],"author":[{"embeddable":true,"href":"https:\/\/justicapotiguar.com.br\/index.php\/wp-json\/wp\/v2\/users\/5"}],"replies":[{"embeddable":true,"href":"https:\/\/justicapotiguar.com.br\/index.php\/wp-json\/wp\/v2\/comments?post=1779"}],"version-history":[{"count":1,"href":"https:\/\/justicapotiguar.com.br\/index.php\/wp-json\/wp\/v2\/posts\/1779\/revisions"}],"predecessor-version":[{"id":1781,"href":"https:\/\/justicapotiguar.com.br\/index.php\/wp-json\/wp\/v2\/posts\/1779\/revisions\/1781"}],"wp:featuredmedia":[{"embeddable":true,"href":"https:\/\/justicapotiguar.com.br\/index.php\/wp-json\/wp\/v2\/media\/1780"}],"wp:attachment":[{"href":"https:\/\/justicapotiguar.com.br\/index.php\/wp-json\/wp\/v2\/media?parent=1779"}],"wp:term":[{"taxonomy":"category","embeddable":true,"href":"https:\/\/justicapotiguar.com.br\/index.php\/wp-json\/wp\/v2\/categories?post=1779"},{"taxonomy":"post_tag","embeddable":true,"href":"https:\/\/justicapotiguar.com.br\/index.php\/wp-json\/wp\/v2\/tags?post=1779"}],"curies":[{"name":"wp","href":"https:\/\/api.w.org\/{rel}","templated":true}]}}