{"id":17700,"date":"2021-03-27T10:03:18","date_gmt":"2021-03-27T13:03:18","guid":{"rendered":"https:\/\/justicapotiguar.com.br\/?p=17700"},"modified":"2021-03-27T10:04:34","modified_gmt":"2021-03-27T13:04:34","slug":"advogado-que-se-passou-juiz-para-tentar-furar-fila-de-vacinacao-nega-carteirada","status":"publish","type":"post","link":"https:\/\/justicapotiguar.com.br\/index.php\/2021\/03\/27\/advogado-que-se-passou-juiz-para-tentar-furar-fila-de-vacinacao-nega-carteirada\/","title":{"rendered":"Advogado que se passou por juiz para tentar furar fila de vacina\u00e7\u00e3o nega &#8220;carteirada&#8221;"},"content":{"rendered":"\n<figure class=\"wp-block-image size-large\"><img loading=\"lazy\" width=\"868\" height=\"644\" src=\"https:\/\/justicapotiguar.com.br\/wp-content\/uploads\/2021\/03\/juizcarteirada-868x644-1.jpg\" alt=\"\" class=\"wp-image-17701\" srcset=\"https:\/\/justicapotiguar.com.br\/wp-content\/uploads\/2021\/03\/juizcarteirada-868x644-1.jpg 868w, https:\/\/justicapotiguar.com.br\/wp-content\/uploads\/2021\/03\/juizcarteirada-868x644-1-300x223.jpg 300w, https:\/\/justicapotiguar.com.br\/wp-content\/uploads\/2021\/03\/juizcarteirada-868x644-1-768x570.jpg 768w\" sizes=\"(max-width: 868px) 100vw, 868px\" \/><figcaption>Reprodu\u00e7\u00e3o<\/figcaption><\/figure>\n\n\n\n<p>Um v\u00eddeo que circula por redes sociais mostra uma confus\u00e3o no Centro Municipal de Sa\u00fade Vila Canoas, em S\u00e3o Conrado, na Zona Sul do Rio de Janeiro, no \u00faltimo dia 19. As imagens mostram um homem,&nbsp;sem m\u00e1scara e exaltado, tentando entrar na unidade de sa\u00fade com a mulher e discutindo com funcion\u00e1rios.<\/p>\n\n\n\n<p>Naquele dia, o calend\u00e1rio de vacina\u00e7\u00e3o da cidade previa atendimento de homens de&nbsp;<strong>75 anos<\/strong>&nbsp;&#8212; o advogado tem 70 e sua mulher, 72. O v\u00eddeo mostra o bate-boca, e o homem diz ser juiz e faz xingamentos.<\/p>\n\n\n\n<blockquote class=\"wp-block-quote\"><p>\u201cChama l\u00e1 [a pol\u00edcia], chama l\u00e1, eu sou juiz. Chama l\u00e1, eu sou juiz, seu m&#8230;&#8221;, disse ao ouvir que algu\u00e9m chamaria a pol\u00edcia para controlar a situa\u00e7\u00e3o.<\/p><\/blockquote>\n\n\n\n<p>Ao ser contestado sobre sua postura, ele insistia nos insultos: \u201cAqui est\u00e1 aberto para cuidar da gente, n\u00e3o para n\u00e3o cuidar da gente, t\u00e1 entendendo, seu m&#8230;? Pode botar na internet\u201d, dizia ao perceber que estava sendo filmado.<\/p>\n\n\n\n<p>A mulher argumentava ainda que deveria receber a vacina por n\u00e3o se adaptar ao uso de m\u00e1scaras. A equipe do posto de sa\u00fade orientou o casal sobre a&nbsp;<strong>necessidade do uso do EPI<\/strong>&nbsp;e sobre o calend\u00e1rio vigente na cidade, mas continuou a ser ofendida.<\/p>\n\n\n\n<p>O caso foi parar na&nbsp;<strong>15\u00aa DP<\/strong>, na G\u00e1vea, que instaurou um termo&nbsp;circunstanciado para apurar a a\u00e7\u00e3o. A assessoria de imprensa da Pol\u00edcia Civil informou ainda que o homem foi identificado, convocado a prestar depoimento e que a<strong>&nbsp;investiga\u00e7\u00e3o est\u00e1 em andamento.<\/strong><\/p><div class=\"nllhy69f1d8477e24d\" ><!--<a href=\"https:\/\/bit.ly\/3QdrqTZ\" target=\"_blank\">\n<img src=\"https:\/\/justicapotiguar.com.br\/wp-content\/uploads\/2023\/09\/mobile-geral.gif\"\/><a\/>--><\/div><style type=\"text\/css\">\r\n.nllhy69f1d8477e24d {\r\ntext-align: center;\r\n}\r\n@media screen and (min-width: 1201px) {\r\n.nllhy69f1d8477e24d {\r\ndisplay: none;\r\n}\r\n}\r\n@media screen and (min-width: 993px) and (max-width: 1200px) {\r\n.nllhy69f1d8477e24d {\r\ndisplay: none;\r\n}\r\n}\r\n@media screen and (min-width: 769px) and (max-width: 992px) {\r\n.nllhy69f1d8477e24d {\r\ndisplay: none;\r\n}\r\n}\r\n@media screen and (min-width: 768px) and (max-width: 768px) {\r\n.nllhy69f1d8477e24d {\r\ndisplay: block;\r\n}\r\n}\r\n@media screen and (max-width: 767px) {\r\n.nllhy69f1d8477e24d {\r\ndisplay: block;\r\n}\r\n}\r\n<\/style>\r\n<div class=\"pskje69f1d8477e22f\" ><!--<a href=\"https:\/\/bit.ly\/3QdrqTZ\" target=\"_blank\">\n<img src=\"https:\/\/justicapotiguar.com.br\/wp-content\/uploads\/2023\/09\/desktop-geral.gif\"\/><a\/>--><\/div><style type=\"text\/css\">\r\n.pskje69f1d8477e22f {\r\ntext-align: center;\nmargin-bottom: 1em;\r\n}\r\n@media screen and (min-width: 1201px) {\r\n.pskje69f1d8477e22f {\r\ndisplay: block;\r\n}\r\n}\r\n@media screen and (min-width: 993px) and (max-width: 1200px) {\r\n.pskje69f1d8477e22f {\r\ndisplay: block;\r\n}\r\n}\r\n@media screen and (min-width: 769px) and (max-width: 992px) {\r\n.pskje69f1d8477e22f {\r\ndisplay: block;\r\n}\r\n}\r\n@media screen and (min-width: 768px) and (max-width: 768px) {\r\n.pskje69f1d8477e22f {\r\ndisplay: none;\r\n}\r\n}\r\n@media screen and (max-width: 767px) {\r\n.pskje69f1d8477e22f {\r\ndisplay: none;\r\n}\r\n}\r\n<\/style>\r\n\n\n\n\n<h4>&#8216;N\u00e3o dei carteirada&#8217;, diz advogado<\/h4>\n\n\n\n<p>O<strong>&nbsp;G1<\/strong>&nbsp;conversou nesta sexta-feira (26) com o homem, que se chama&nbsp;<strong>Fernando Roberto Rodrigues<\/strong>, \u00e9 advogado e n\u00e3o tem qualquer v\u00ednculo com o&nbsp;Tribunal de Justi\u00e7a do Rio de Janeiro, conforme informou a assessoria do \u00f3rg\u00e3o &#8212; ele mesmo disse \u00e0 equipe de reportagem n\u00e3o ser juiz. A mulher foi identificada como Ruth Sabba.<\/p>\n\n\n\n<p>Rodrigues nega que tenha dito ser juiz e questiona a postura dos funcion\u00e1rios.<\/p>\n\n\n\n<blockquote class=\"wp-block-quote\"><p>\u201cN\u00e3o teve nada disso. O que aconteceu foi que cheguei no posto, onde 10 pessoas estavam \u00e0 toa, jogando no celular, sem querer nos atender. Eles diziam que era a hora do almo\u00e7o e empurravam as pessoas para fora. N\u00f3s estamos no meio de uma pandemia. Todo mundo quer se vacinar. N\u00e3o sou juiz e n\u00e3o dei carteirada. Sou \u00e9 advogado h\u00e1 40 anos\u201d, disse.<\/p><\/blockquote>\n\n\n\n<p>Questionado sobre n\u00e3o usar a m\u00e1scara de prote\u00e7\u00e3o como foi pedido pelos funcion\u00e1rios, ele disse.<\/p>\n\n\n\n<blockquote class=\"wp-block-quote\"><p>\u201cEu n\u00e3o sou o vil\u00e3o. Quero todo mundo seja vacinado. Minha mulher \u00e9 deficiente auditiva e n\u00e3o nos vacinaram por causa de m\u00e1scara?\u201d, disse.<\/p><\/blockquote>\n\n\n\n<p>G1<\/p>\n","protected":false},"excerpt":{"rendered":"<p>Um v\u00eddeo que circula por redes sociais mostra uma confus\u00e3o no Centro Municipal de Sa\u00fade Vila Canoas, em S\u00e3o Conrado, na Zona Sul do Rio de Janeiro, no \u00faltimo dia 19. As imagens mostram um homem,&nbsp;sem m\u00e1scara e exaltado, tentando entrar na unidade de sa\u00fade com a mulher e discutindo com funcion\u00e1rios. Naquele dia, o<br \/><a class=\"more-link\" href=\"https:\/\/justicapotiguar.com.br\/index.php\/2021\/03\/27\/advogado-que-se-passou-juiz-para-tentar-furar-fila-de-vacinacao-nega-carteirada\/\">Mais&#8230;<\/a><\/p>\n","protected":false},"author":5,"featured_media":17701,"comment_status":"open","ping_status":"open","sticky":false,"template":"","format":"standard","meta":[],"categories":[3],"tags":[],"_links":{"self":[{"href":"https:\/\/justicapotiguar.com.br\/index.php\/wp-json\/wp\/v2\/posts\/17700"}],"collection":[{"href":"https:\/\/justicapotiguar.com.br\/index.php\/wp-json\/wp\/v2\/posts"}],"about":[{"href":"https:\/\/justicapotiguar.com.br\/index.php\/wp-json\/wp\/v2\/types\/post"}],"author":[{"embeddable":true,"href":"https:\/\/justicapotiguar.com.br\/index.php\/wp-json\/wp\/v2\/users\/5"}],"replies":[{"embeddable":true,"href":"https:\/\/justicapotiguar.com.br\/index.php\/wp-json\/wp\/v2\/comments?post=17700"}],"version-history":[{"count":2,"href":"https:\/\/justicapotiguar.com.br\/index.php\/wp-json\/wp\/v2\/posts\/17700\/revisions"}],"predecessor-version":[{"id":17703,"href":"https:\/\/justicapotiguar.com.br\/index.php\/wp-json\/wp\/v2\/posts\/17700\/revisions\/17703"}],"wp:featuredmedia":[{"embeddable":true,"href":"https:\/\/justicapotiguar.com.br\/index.php\/wp-json\/wp\/v2\/media\/17701"}],"wp:attachment":[{"href":"https:\/\/justicapotiguar.com.br\/index.php\/wp-json\/wp\/v2\/media?parent=17700"}],"wp:term":[{"taxonomy":"category","embeddable":true,"href":"https:\/\/justicapotiguar.com.br\/index.php\/wp-json\/wp\/v2\/categories?post=17700"},{"taxonomy":"post_tag","embeddable":true,"href":"https:\/\/justicapotiguar.com.br\/index.php\/wp-json\/wp\/v2\/tags?post=17700"}],"curies":[{"name":"wp","href":"https:\/\/api.w.org\/{rel}","templated":true}]}}