{"id":17479,"date":"2021-03-18T17:57:25","date_gmt":"2021-03-18T20:57:25","guid":{"rendered":"https:\/\/justicapotiguar.com.br\/?p=17479"},"modified":"2021-03-18T17:57:25","modified_gmt":"2021-03-18T20:57:25","slug":"oab-elabora-projeto-para-garantir-defesa-e-prerrogativas-da-advocacia","status":"publish","type":"post","link":"https:\/\/justicapotiguar.com.br\/index.php\/2021\/03\/18\/oab-elabora-projeto-para-garantir-defesa-e-prerrogativas-da-advocacia\/","title":{"rendered":"OAB elabora projeto para garantir defesa e prerrogativas da advocacia"},"content":{"rendered":"\n<p>O Conselho Pleno da OAB aprovou, nesta ter\u00e7a-feira, 16, a proposi\u00e7\u00e3o de um&nbsp;<a href=\"https:\/\/www.migalhas.com.br\/arquivos\/2021\/3\/3ab2a3a203cbef_anteprojeto.pdf\" target=\"_blank\" rel=\"noreferrer noopener\">anteprojeto de lei<\/a>&nbsp;com 24 propostas que alteram parte da legisla\u00e7\u00e3o processual penal, a fim de conferir a garantia de maior amplitude ao direito de defesa e \u00e0s prerrogativas da advocacia. O projeto \u00e9 de&nbsp;<a href=\"https:\/\/www.migalhas.com.br\/arquivos\/2021\/3\/e2177fb68e932f_pedido-oab.pdf\" target=\"_blank\" rel=\"noreferrer noopener\">autoria conjunta<\/a>&nbsp;do secret\u00e1rio-geral da OAB Nacional,&nbsp;<strong>Jos\u00e9 Alberto Simonetti Cabral<\/strong>, e do conselheiro Federal&nbsp;<strong>Ulisses Rabaneda<\/strong>\/MT.<\/p>\n\n\n\n<p>Simonetti lembra que&nbsp;<em>&#8220;o objetivo \u00e9 buscar um equil\u00edbrio mais efetivo entre as for\u00e7as dos atores processuais, observando o princ\u00edpio da paridade de armas, bem como restabelecer, pela via legislativa, direitos aviltados pela jurisprud\u00eancia defensiva dos tribunais&#8221;.<\/em><\/p>\n\n\n\n<figure class=\"wp-block-image\"><img src=\"https:\/\/img2.migalhas.uol.com.br\/_MEDPROC_\/https__img1.migalhas.uol.com.br__SL__gf_base__SL__empresas__SL__MIGA__SL__imagens__SL__2021__SL__03__SL__18__SL__57ce570f-4c36-475d-9e49-4022eac48c33.jpg._PROC_CP75.jpg\" alt=\"(Imagem: Montagem Migalhas)\" title=\"(Imagem: Montagem Migalhas)\"\/><\/figure>\n\n\n\n<p>(Imagem: Montagem Migalhas)<\/p>\n\n\n\n<p>A&nbsp;<a href=\"https:\/\/www.migalhas.com.br\/arquivos\/2021\/3\/c304db1d0d060f_voto-relatora.pdf\" target=\"_blank\" rel=\"noreferrer noopener\">relatora<\/a>&nbsp;da mat\u00e9ria no pleno, conselheira Federal Ad\u00e9lia Pessoa\/SE, entende que&nbsp;<em>&#8220;mesmo com v\u00e1rios pacotes de altera\u00e7\u00e3o na legisla\u00e7\u00e3o processual penal j\u00e1 tendo sido aprovados &#8211; como os que criam tipos penais, aprimoram meios de obten\u00e7\u00e3o de provas, aumentam penas e enrijecem a execu\u00e7\u00e3o penal &#8211; outros de igual ou maior import\u00e2ncia n\u00e3o est\u00e3o em debate com a mesma prioridade, tais como as necess\u00e1rias melhorias quanto \u00e0s garantias processuais do cidad\u00e3o em Ju\u00edzo e as prerrogativas da advocacia&#8221;.<\/em><\/p>\n\n\n\n<p>O conselheiro Ulisses Rabaneda apresentou a justificativa do projeto:<\/p>\n\n\n\n<p><em>&#8220;Precisamos sim de um pacote de direito de defesa. Temos visto uma s\u00e9rie de altera\u00e7\u00f5es legislativas com o objetivo de recrudescer a legisla\u00e7\u00e3o penal e processual penal &#8211; o que muitas vezes \u00e9 necess\u00e1rio e louv\u00e1vel &#8211; contudo sem que se dedique o mesmo olhar \u00e0s garantias de defesa.&#8221;<\/em><\/p>\n\n\n\n<p>As propostas \u00e0 legisla\u00e7\u00e3o processual penal aprovadas pelo Conselho Pleno, mas que ainda podem sofrer altera\u00e7\u00f5es antes de o anteprojeto de lei ser enviado ao Congresso Nacional, s\u00e3o as seguintes:<\/p>\n\n\n\n<p>a. Defesa e acusa\u00e7\u00e3o no mesmo plano topogr\u00e1fico nas sess\u00f5es de julgamento e salas de audi\u00eancia;<\/p>\n\n\n\n<p>b. Exclus\u00e3o da multa ao advogado que &#8220;abandonar o processo&#8221;, remetendo as provid\u00eancias cab\u00edveis \u00e0 OAB, \u00f3rg\u00e3o que tem compet\u00eancia para avaliar a \u00e9tica e disciplina da advocacia;<\/p>\n\n\n\n<p>c. Mudan\u00e7a no prazo dos embargos de declara\u00e7\u00e3o de 2 para 5 dias, remetendo as hip\u00f3teses de cabimento ao CPC\/15;<\/p>\n\n\n\n<p>d. Aumento do prazo da defesa nas a\u00e7\u00f5es penais de procedimento sum\u00e1rio, ordin\u00e1rio, procedimento do J\u00fari, de compet\u00eancia dos Tribunais e da lei de drogas de 10 dias corridos para 15 dias \u00fateis;<\/p>\n\n\n\n<p>e. Possibilidade de o juiz aumentar o prazo de defesa em at\u00e9 o dobro nos crimes complexos;<\/p>\n\n\n\n<p>f. Possibilidade de o juiz, na fase de absolvi\u00e7\u00e3o sum\u00e1ria, reconsiderar o recebimento da den\u00fancia, o que \u00e9 admitido pelos Tribunais Superiores, mas, diante da aus\u00eancia de clara previs\u00e3o legal, tem-se tornado ato meramente discricion\u00e1rio do juiz;<\/p>\n\n\n\n<p>g. Obriga\u00e7\u00e3o de intimar o r\u00e9u, preso ou solto, da senten\u00e7a condenat\u00f3ria, j\u00e1 que hoje a obrigatoriedade de intima\u00e7\u00e3o \u00e9 apenas ao r\u00e9u preso;<\/p>\n\n\n\n<p>h. Aumento de 2 para 8 dias o prazo para oferecer as raz\u00f5es de recurso em sentido estrito, para igualar com o prazo de raz\u00f5es da apela\u00e7\u00e3o, que tamb\u00e9m s\u00e3o de 8 dias;<\/p>\n\n\n\n<p>i. Previs\u00e3o de que nos Tribunais, caso os embargos de declara\u00e7\u00e3o n\u00e3o sejam julgados na sess\u00e3o seguinte, sejam inclu\u00eddos na pauta e publicado regularmente no di\u00e1rio eletr\u00f4nico;<\/p><div class=\"flwsq69f215cb10951\" ><!--<a href=\"https:\/\/bit.ly\/3QdrqTZ\" target=\"_blank\">\n<img src=\"https:\/\/justicapotiguar.com.br\/wp-content\/uploads\/2023\/09\/mobile-geral.gif\"\/><a\/>--><\/div><style type=\"text\/css\">\r\n.flwsq69f215cb10951 {\r\ntext-align: center;\r\n}\r\n@media screen and (min-width: 1201px) {\r\n.flwsq69f215cb10951 {\r\ndisplay: none;\r\n}\r\n}\r\n@media screen and (min-width: 993px) and (max-width: 1200px) {\r\n.flwsq69f215cb10951 {\r\ndisplay: none;\r\n}\r\n}\r\n@media screen and (min-width: 769px) and (max-width: 992px) {\r\n.flwsq69f215cb10951 {\r\ndisplay: none;\r\n}\r\n}\r\n@media screen and (min-width: 768px) and (max-width: 768px) {\r\n.flwsq69f215cb10951 {\r\ndisplay: block;\r\n}\r\n}\r\n@media screen and (max-width: 767px) {\r\n.flwsq69f215cb10951 {\r\ndisplay: block;\r\n}\r\n}\r\n<\/style>\r\n<div class=\"qmzjk69f215cb1092e\" ><!--<a href=\"https:\/\/bit.ly\/3QdrqTZ\" target=\"_blank\">\n<img src=\"https:\/\/justicapotiguar.com.br\/wp-content\/uploads\/2023\/09\/desktop-geral.gif\"\/><a\/>--><\/div><style type=\"text\/css\">\r\n.qmzjk69f215cb1092e {\r\ntext-align: center;\nmargin-bottom: 1em;\r\n}\r\n@media screen and (min-width: 1201px) {\r\n.qmzjk69f215cb1092e {\r\ndisplay: block;\r\n}\r\n}\r\n@media screen and (min-width: 993px) and (max-width: 1200px) {\r\n.qmzjk69f215cb1092e {\r\ndisplay: block;\r\n}\r\n}\r\n@media screen and (min-width: 769px) and (max-width: 992px) {\r\n.qmzjk69f215cb1092e {\r\ndisplay: block;\r\n}\r\n}\r\n@media screen and (min-width: 768px) and (max-width: 768px) {\r\n.qmzjk69f215cb1092e {\r\ndisplay: none;\r\n}\r\n}\r\n@media screen and (max-width: 767px) {\r\n.qmzjk69f215cb1092e {\r\ndisplay: none;\r\n}\r\n}\r\n<\/style>\r\n\n\n\n\n<p>j. Previs\u00e3o legal de cabimento de habeas corpus contra ato de ministro do STF, na linha da proposta j\u00e1 formulada ao Conselho Federal pelo conselheiro Guilherme Batochio;<\/p>\n\n\n\n<p>k. Previs\u00e3o de necessidade de inclus\u00e3o do habeas corpus em pauta, com publica\u00e7\u00e3o, caso requerido na inicial;<\/p>\n\n\n\n<p>l. Suspens\u00e3o de prazos e atos processuais nos processos de r\u00e9us soltos entre 20\/12 e 20\/01;<\/p>\n\n\n\n<p>m. Previs\u00e3o de que os prazos somente come\u00e7am a correr da juntada do mandado de intima\u00e7\u00e3o ou cita\u00e7\u00e3o nos autos, quando ocorrer por oficial de Justi\u00e7a, j\u00e1 que hoje se inicia da data da intima\u00e7\u00e3o;<\/p>\n\n\n\n<p>n. Inclus\u00e3o no CPP da investiga\u00e7\u00e3o defensiva;<\/p>\n\n\n\n<p>o. Previs\u00e3o de que \u00e9 direito do r\u00e9u, caso queira, responder apenas \u00e0s perguntas do seu defensor no interrogat\u00f3rio;<\/p>\n\n\n\n<p>p. Previs\u00e3o de que no julgamento de habeas corpus, caso o Minist\u00e9rio P\u00fablico queira usar da palavra, tenha que faz\u00ea-lo antes do impetrante;<\/p>\n\n\n\n<p>q. Previs\u00e3o de que em todos os recursos, caso o Minist\u00e9rio P\u00fablico deseje usar da palavra em sustenta\u00e7\u00e3o oral, dever\u00e1 faz\u00ea-lo antes da defesa;<\/p>\n\n\n\n<p>r. Previs\u00e3o de cabimento de sustenta\u00e7\u00e3o oral pelos impetrantes nos agravos regimentais contra decis\u00f5es monocr\u00e1ticas que neguem seguimento, concedam ou deneguem habeas corpus;<\/p>\n\n\n\n<p>s. Ajustes no rito processual da lei&nbsp;<a href=\"http:\/\/www.planalto.gov.br\/ccivil_03\/leis\/l8038.htm\" target=\"_blank\" rel=\"noreferrer noopener\">8.038\/90<\/a>&nbsp;(a\u00e7\u00f5es origin\u00e1rias dos Tribunais), a partir do recebimento da den\u00fancia, para o ordin\u00e1rio do CPP, j\u00e1 que ainda hoje ela permanece com o interrogat\u00f3rio do r\u00e9u como 1\u00ba ato da instru\u00e7\u00e3o;<\/p>\n\n\n\n<p>t. Previs\u00e3o de que o recebimento da den\u00fancia e a decis\u00e3o sobre a absolvi\u00e7\u00e3o sum\u00e1ria nas a\u00e7\u00f5es penais origin\u00e1rias dos Tribunais n\u00e3o possam se dar por decis\u00e3o monocr\u00e1tica;<\/p>\n\n\n\n<p>u. Inclus\u00e3o da fase de absolvi\u00e7\u00e3o sum\u00e1ria, ap\u00f3s a resposta escrita no rito processual dos crimes afetos ao Tribunal do J\u00fari, assim como ocorre com os crimes processados pelo rito ordin\u00e1rio;<\/p>\n\n\n\n<p>v. Altera\u00e7\u00e3o da lei&nbsp;<a href=\"http:\/\/www.planalto.gov.br\/ccivil_03\/_Ato2004-2006\/2006\/Lei\/L11343.htm\" target=\"_blank\" rel=\"noreferrer noopener\">11.343\/06<\/a>&nbsp;(lei de drogas) para prever o interrogat\u00f3rio do r\u00e9u como \u00faltimo ato da instru\u00e7\u00e3o, n\u00e3o o primeiro como hoje previsto;<\/p>\n\n\n\n<p>w. Altera\u00e7\u00e3o do Estatuto da Advocacia, para prever a investiga\u00e7\u00e3o defensiva como ato privativo de advogado;<\/p>\n\n\n\n<p>x. Altera\u00e7\u00e3o do Estatuto da Advocacia, para prever que \u00e9 prerrogativa da advocacia sentar no mesmo plano topogr\u00e1fico da acusa\u00e7\u00e3o nas sess\u00f5es de julgamento e audi\u00eancias criminais.<\/p>\n\n\n\n<p><em>Informa\u00e7\u00f5es: OAB.<\/em><\/p>\n","protected":false},"excerpt":{"rendered":"<p>O Conselho Pleno da OAB aprovou, nesta ter\u00e7a-feira, 16, a proposi\u00e7\u00e3o de um&nbsp;anteprojeto de lei&nbsp;com 24 propostas que alteram parte da legisla\u00e7\u00e3o processual penal, a fim de conferir a garantia de maior amplitude ao direito de defesa e \u00e0s prerrogativas da advocacia. O projeto \u00e9 de&nbsp;autoria conjunta&nbsp;do secret\u00e1rio-geral da OAB Nacional,&nbsp;Jos\u00e9 Alberto Simonetti Cabral, e<br \/><a class=\"more-link\" href=\"https:\/\/justicapotiguar.com.br\/index.php\/2021\/03\/18\/oab-elabora-projeto-para-garantir-defesa-e-prerrogativas-da-advocacia\/\">Mais&#8230;<\/a><\/p>\n","protected":false},"author":5,"featured_media":33,"comment_status":"open","ping_status":"open","sticky":false,"template":"","format":"standard","meta":[],"categories":[3],"tags":[],"_links":{"self":[{"href":"https:\/\/justicapotiguar.com.br\/index.php\/wp-json\/wp\/v2\/posts\/17479"}],"collection":[{"href":"https:\/\/justicapotiguar.com.br\/index.php\/wp-json\/wp\/v2\/posts"}],"about":[{"href":"https:\/\/justicapotiguar.com.br\/index.php\/wp-json\/wp\/v2\/types\/post"}],"author":[{"embeddable":true,"href":"https:\/\/justicapotiguar.com.br\/index.php\/wp-json\/wp\/v2\/users\/5"}],"replies":[{"embeddable":true,"href":"https:\/\/justicapotiguar.com.br\/index.php\/wp-json\/wp\/v2\/comments?post=17479"}],"version-history":[{"count":1,"href":"https:\/\/justicapotiguar.com.br\/index.php\/wp-json\/wp\/v2\/posts\/17479\/revisions"}],"predecessor-version":[{"id":17480,"href":"https:\/\/justicapotiguar.com.br\/index.php\/wp-json\/wp\/v2\/posts\/17479\/revisions\/17480"}],"wp:featuredmedia":[{"embeddable":true,"href":"https:\/\/justicapotiguar.com.br\/index.php\/wp-json\/wp\/v2\/media\/33"}],"wp:attachment":[{"href":"https:\/\/justicapotiguar.com.br\/index.php\/wp-json\/wp\/v2\/media?parent=17479"}],"wp:term":[{"taxonomy":"category","embeddable":true,"href":"https:\/\/justicapotiguar.com.br\/index.php\/wp-json\/wp\/v2\/categories?post=17479"},{"taxonomy":"post_tag","embeddable":true,"href":"https:\/\/justicapotiguar.com.br\/index.php\/wp-json\/wp\/v2\/tags?post=17479"}],"curies":[{"name":"wp","href":"https:\/\/api.w.org\/{rel}","templated":true}]}}