{"id":17469,"date":"2021-03-18T13:44:33","date_gmt":"2021-03-18T16:44:33","guid":{"rendered":"https:\/\/justicapotiguar.com.br\/?p=17469"},"modified":"2021-03-18T12:02:14","modified_gmt":"2021-03-18T15:02:14","slug":"liminar-suspendendo-juiz-das-garantias-por-um-ano-e-ilegal-diz-gilmar-mendes","status":"publish","type":"post","link":"https:\/\/justicapotiguar.com.br\/index.php\/2021\/03\/18\/liminar-suspendendo-juiz-das-garantias-por-um-ano-e-ilegal-diz-gilmar-mendes\/","title":{"rendered":"Liminar suspendendo juiz das garantias por um ano \u00e9 ilegal, diz Gilmar Mendes"},"content":{"rendered":"\n<p>&#8220;Uma liminar&nbsp;ilegal.&#8221; Foi assim que o ministro Gilmar Mendes, do Supremo Tribunal Federal, classificou a decis\u00e3o do presidente da Corte, Luiz Fux, que&nbsp;<a href=\"https:\/\/www.conjur.com.br\/2020-jan-22\/fux-revoga-liminar-juiz-garantias-atereferendo-plenario\" target=\"_blank\" rel=\"noreferrer noopener\">suspendeu<\/a>&nbsp;a implanta\u00e7\u00e3o do juiz das garantias monocraticamente h\u00e1 mais de um ano, sem encaminhar a medida ao Plen\u00e1rio.<\/p>\n\n\n\n<p><img alt=\"\" src=\"https:\/\/www.conjur.com.br\/img\/b\/gilmar-mendes-2021.jpeg\"><\/p>\n\n\n\n<p>&#8220;No caso da a\u00e7\u00e3o direta de inconstitucionalidade, a liminar precisa ser submetida ao Plen\u00e1rio do Supremo, e at\u00e9 agora n\u00e3o foi. Devemos evitar dar liminar sem submeter a mat\u00e9ria ao Plen\u00e1rio. Porque foi o Congresso que aprovou a lei&#8221;, defendeu o ministro.\u00a0<\/p>\n\n\n\n<p>&#8220;Se n\u00f3s formos decidir pela suspens\u00e3o, isso tem que ser feito pelo Supremo Tribunal Federal. S\u00f3 em hip\u00f3teses rar\u00edssimas, como o per\u00edodo do recesso, se justificaria, muito excepcionalmente, uma liminar que suspendesse&nbsp;uma lei&#8221;, prosseguiu.<\/p>\n\n\n\n<p>&#8220;Liminares, com rela\u00e7\u00e3o a leis, tem que passar pelo Supremo. Nesse caso do juiz das garantias, \u00e9 um esc\u00e2ndalo.&#8221;<\/p>\n\n\n\n<p>As declara\u00e7\u00f5es foram&nbsp;feitas nesta quinta-feira (18\/3), durante o webinar &#8220;<em>O papel do Legislativo na produ\u00e7\u00e3o da Justi\u00e7a<\/em>&#8220;, promovido pela&nbsp;<strong>ConJur<\/strong>, no qual debatem o&nbsp;ministro e o presidente da C\u00e2mara dos Deputados, Arthur Lira.<\/p>\n\n\n\n<p>Para Gilmar, o Supremo passou a adotar a pr\u00e1tica de dar liminar e depois referendar no Plen\u00e1rio. Mas, como a pauta fica muito inchada, nem sempre isso acontece.<\/p><div class=\"kwovz69f214f834683\" ><!--<a href=\"https:\/\/bit.ly\/3QdrqTZ\" target=\"_blank\">\n<img src=\"https:\/\/justicapotiguar.com.br\/wp-content\/uploads\/2023\/09\/mobile-geral.gif\"\/><a\/>--><\/div><style type=\"text\/css\">\r\n.kwovz69f214f834683 {\r\ntext-align: center;\r\n}\r\n@media screen and (min-width: 1201px) {\r\n.kwovz69f214f834683 {\r\ndisplay: none;\r\n}\r\n}\r\n@media screen and (min-width: 993px) and (max-width: 1200px) {\r\n.kwovz69f214f834683 {\r\ndisplay: none;\r\n}\r\n}\r\n@media screen and (min-width: 769px) and (max-width: 992px) {\r\n.kwovz69f214f834683 {\r\ndisplay: none;\r\n}\r\n}\r\n@media screen and (min-width: 768px) and (max-width: 768px) {\r\n.kwovz69f214f834683 {\r\ndisplay: block;\r\n}\r\n}\r\n@media screen and (max-width: 767px) {\r\n.kwovz69f214f834683 {\r\ndisplay: block;\r\n}\r\n}\r\n<\/style>\r\n<div class=\"vhtmj69f214f83466e\" ><!--<a href=\"https:\/\/bit.ly\/3QdrqTZ\" target=\"_blank\">\n<img src=\"https:\/\/justicapotiguar.com.br\/wp-content\/uploads\/2023\/09\/desktop-geral.gif\"\/><a\/>--><\/div><style type=\"text\/css\">\r\n.vhtmj69f214f83466e {\r\ntext-align: center;\nmargin-bottom: 1em;\r\n}\r\n@media screen and (min-width: 1201px) {\r\n.vhtmj69f214f83466e {\r\ndisplay: block;\r\n}\r\n}\r\n@media screen and (min-width: 993px) and (max-width: 1200px) {\r\n.vhtmj69f214f83466e {\r\ndisplay: block;\r\n}\r\n}\r\n@media screen and (min-width: 769px) and (max-width: 992px) {\r\n.vhtmj69f214f83466e {\r\ndisplay: block;\r\n}\r\n}\r\n@media screen and (min-width: 768px) and (max-width: 768px) {\r\n.vhtmj69f214f83466e {\r\ndisplay: none;\r\n}\r\n}\r\n@media screen and (max-width: 767px) {\r\n.vhtmj69f214f83466e {\r\ndisplay: none;\r\n}\r\n}\r\n<\/style>\r\n\n\n\n\n<p>&#8220;Tenho a impress\u00e3o de que esse epis\u00f3dio do juiz das garantias tem a ver com a ideia da soberania do lavajatismo&#8221;, analisou. &#8220;&#8216;Ah, isso contraria a lava jato, ent\u00e3o a gente deve agradar&#8217;. Isso subsistiu nesse contexto.&#8221;<\/p>\n\n\n\n<p><strong>Suspens\u00e3o<\/strong><br>A implanta\u00e7\u00e3o do juiz das garantias&nbsp;<a href=\"https:\/\/www.conjur.com.br\/2020-jan-15\/toffoli-suspende-implementacao-juiz-garantias\" target=\"_blank\" rel=\"noreferrer noopener\">tinha sido suspensa pela primeira vez<\/a>&nbsp;em janeiro de 2020, no recesso judici\u00e1rio, pelo ent\u00e3o presidente da corte, ministro Dias Toffoli, mas apenas por seis meses, para que os tribunais pudessem se organizar.&nbsp;<\/p>\n\n\n\n<p>Uma semana depois, ao assumir o plant\u00e3o e atuando como presidente,&nbsp;<a href=\"https:\/\/www.conjur.com.br\/2020-jan-22\/fux-revoga-liminar-juiz-garantias-atereferendo-plenario\" target=\"_blank\" rel=\"noreferrer noopener\">Luiz Fux deu uma nova decis\u00e3o<\/a>. Em setembro, \u00e0s v\u00e9speras de assumir a presid\u00eancia do tribunal, Fux liberou as tr\u00eas a\u00e7\u00f5es diretas de inconstitucionalidade sobre o tema para julgamento pelo Plen\u00e1rio. Depois, j\u00e1 como presidente, deixou de pautar o tema.<\/p>\n\n\n\n<p><a href=\"https:\/\/www.cnnbrasil.com.br\/politica\/2020\/12\/18\/em-reacao-a-advogados-fux-tira-juiz-de-garantias-da-pauta-do-stf\" target=\"_blank\" rel=\"noreferrer noopener\">Segundo a&nbsp;<em>CNN<\/em><\/a>, a inten\u00e7\u00e3o de Fux era pautar as ADIs para o primeiro semestre de 2021, mas, se irritou com um&nbsp;<a href=\"https:\/\/www.conjur.com.br\/2020-dez-16\/advogados-pedem-suspensao-decisao-vetou-juiz-garantias\" target=\"_blank\" rel=\"noreferrer noopener\">pedido de&nbsp;HC<\/a>&nbsp;apresentado pelo IGP, questionando justamente a demora para pautar o assunto.<\/p>\n\n\n\n<p>O HC, que&nbsp;<a href=\"https:\/\/www.conjur.com.br\/2020-dez-20\/dias-hc-juiz-garantias-nao-foi-distribuido-stf\" target=\"_blank\" rel=\"noreferrer noopener\">ficou dias sem ser distribu\u00eddo<\/a>, foi afinal relatado pelo ministro Alexandre de Moraes, que&nbsp;<a href=\"https:\/\/www.conjur.com.br\/2020-dez-21\/alexandre-informacoes-fux-suspensao-juiz-garantias\" target=\"_blank\" rel=\"noreferrer noopener\">pediu explica\u00e7\u00f5es<\/a>&nbsp;para Fux. O presidente respondeu dizendo que&nbsp;<a href=\"https:\/\/www.conjur.com.br\/2021-jan-05\/fux-remarcar-audiencias-juiz-garantias\" target=\"_blank\" rel=\"noreferrer noopener\">remarcaria as audi\u00eancias<\/a>&nbsp;que estavam agendadas para o primeiro semestre de 2020, mas foram suspensas devido \u00e0 pandemia.<\/p>\n\n\n\n<p>Como n\u00e3o houve mais recurso por parte do IGP, o pedido de HC transitou em julgado. Mas as ADIs ainda n\u00e3o t\u00eam previs\u00e3o de julgamento.<\/p>\n\n\n\n<p><strong>ADI 6.298<br>ADI&nbsp;6.299<br>ADI&nbsp;6.300<br>ADI&nbsp;6.305<\/strong><\/p>\n","protected":false},"excerpt":{"rendered":"<p>&#8220;Uma liminar&nbsp;ilegal.&#8221; Foi assim que o ministro Gilmar Mendes, do Supremo Tribunal Federal, classificou a decis\u00e3o do presidente da Corte, Luiz Fux, que&nbsp;suspendeu&nbsp;a implanta\u00e7\u00e3o do juiz das garantias monocraticamente h\u00e1 mais de um ano, sem encaminhar a medida ao Plen\u00e1rio. &#8220;No caso da a\u00e7\u00e3o direta de inconstitucionalidade, a liminar precisa ser submetida ao Plen\u00e1rio do<br \/><a class=\"more-link\" href=\"https:\/\/justicapotiguar.com.br\/index.php\/2021\/03\/18\/liminar-suspendendo-juiz-das-garantias-por-um-ano-e-ilegal-diz-gilmar-mendes\/\">Mais&#8230;<\/a><\/p>\n","protected":false},"author":5,"featured_media":16664,"comment_status":"open","ping_status":"open","sticky":false,"template":"","format":"standard","meta":[],"categories":[3],"tags":[],"_links":{"self":[{"href":"https:\/\/justicapotiguar.com.br\/index.php\/wp-json\/wp\/v2\/posts\/17469"}],"collection":[{"href":"https:\/\/justicapotiguar.com.br\/index.php\/wp-json\/wp\/v2\/posts"}],"about":[{"href":"https:\/\/justicapotiguar.com.br\/index.php\/wp-json\/wp\/v2\/types\/post"}],"author":[{"embeddable":true,"href":"https:\/\/justicapotiguar.com.br\/index.php\/wp-json\/wp\/v2\/users\/5"}],"replies":[{"embeddable":true,"href":"https:\/\/justicapotiguar.com.br\/index.php\/wp-json\/wp\/v2\/comments?post=17469"}],"version-history":[{"count":1,"href":"https:\/\/justicapotiguar.com.br\/index.php\/wp-json\/wp\/v2\/posts\/17469\/revisions"}],"predecessor-version":[{"id":17470,"href":"https:\/\/justicapotiguar.com.br\/index.php\/wp-json\/wp\/v2\/posts\/17469\/revisions\/17470"}],"wp:featuredmedia":[{"embeddable":true,"href":"https:\/\/justicapotiguar.com.br\/index.php\/wp-json\/wp\/v2\/media\/16664"}],"wp:attachment":[{"href":"https:\/\/justicapotiguar.com.br\/index.php\/wp-json\/wp\/v2\/media?parent=17469"}],"wp:term":[{"taxonomy":"category","embeddable":true,"href":"https:\/\/justicapotiguar.com.br\/index.php\/wp-json\/wp\/v2\/categories?post=17469"},{"taxonomy":"post_tag","embeddable":true,"href":"https:\/\/justicapotiguar.com.br\/index.php\/wp-json\/wp\/v2\/tags?post=17469"}],"curies":[{"name":"wp","href":"https:\/\/api.w.org\/{rel}","templated":true}]}}