{"id":17467,"date":"2021-03-18T12:35:15","date_gmt":"2021-03-18T15:35:15","guid":{"rendered":"https:\/\/justicapotiguar.com.br\/?p=17467"},"modified":"2021-03-18T11:27:45","modified_gmt":"2021-03-18T14:27:45","slug":"juiz-federal-marco-bruno-e-indicado-como-magistrado-auxiliar-da-nova-presidencia-do-trf5","status":"publish","type":"post","link":"https:\/\/justicapotiguar.com.br\/index.php\/2021\/03\/18\/juiz-federal-marco-bruno-e-indicado-como-magistrado-auxiliar-da-nova-presidencia-do-trf5\/","title":{"rendered":"Juiz Federal Marco Bruno \u00e9 indicado como magistrado auxiliar da nova presid\u00eancia do TRF5"},"content":{"rendered":"\n<figure class=\"wp-block-image size-large\"><img loading=\"lazy\" width=\"750\" height=\"735\" src=\"https:\/\/justicapotiguar.com.br\/wp-content\/uploads\/2019\/08\/juiz-federal-marco-bruno.jpeg\" alt=\"\" class=\"wp-image-101\" srcset=\"https:\/\/justicapotiguar.com.br\/wp-content\/uploads\/2019\/08\/juiz-federal-marco-bruno.jpeg 750w, https:\/\/justicapotiguar.com.br\/wp-content\/uploads\/2019\/08\/juiz-federal-marco-bruno-300x294.jpeg 300w\" sizes=\"(max-width: 750px) 100vw, 750px\" \/><figcaption>Reprodu\u00e7\u00e3o JFRN<\/figcaption><\/figure>\n\n\n\n<p id=\"aui-3-2-0-1263\">O Juiz Federal Marco Bruno Miranda Clementino, titular da 6\u00aa Vara Federal do Rio Grande do Norte e coordenador de Inova\u00e7\u00e3o da Se\u00e7\u00e3o, foi escolhido para atuar como Juiz Auxiliar da Presid\u00eancia do Tribunal Regional Federal da 5\u00aa Regi\u00e3o na gest\u00e3o do Desembargador Federal Edilson Pereira Nobre J\u00fanior, que ser\u00e1 empossado no dia 29 de mar\u00e7o.<\/p><div class=\"hnczd69f21de05bd38\" ><!--<a href=\"https:\/\/bit.ly\/3QdrqTZ\" target=\"_blank\">\n<img src=\"https:\/\/justicapotiguar.com.br\/wp-content\/uploads\/2023\/09\/mobile-geral.gif\"\/><a\/>--><\/div><style type=\"text\/css\">\r\n.hnczd69f21de05bd38 {\r\ntext-align: center;\r\n}\r\n@media screen and (min-width: 1201px) {\r\n.hnczd69f21de05bd38 {\r\ndisplay: none;\r\n}\r\n}\r\n@media screen and (min-width: 993px) and (max-width: 1200px) {\r\n.hnczd69f21de05bd38 {\r\ndisplay: none;\r\n}\r\n}\r\n@media screen and (min-width: 769px) and (max-width: 992px) {\r\n.hnczd69f21de05bd38 {\r\ndisplay: none;\r\n}\r\n}\r\n@media screen and (min-width: 768px) and (max-width: 768px) {\r\n.hnczd69f21de05bd38 {\r\ndisplay: block;\r\n}\r\n}\r\n@media screen and (max-width: 767px) {\r\n.hnczd69f21de05bd38 {\r\ndisplay: block;\r\n}\r\n}\r\n<\/style>\r\n<div class=\"jsney69f21de05bd17\" ><!--<a href=\"https:\/\/bit.ly\/3QdrqTZ\" target=\"_blank\">\n<img src=\"https:\/\/justicapotiguar.com.br\/wp-content\/uploads\/2023\/09\/desktop-geral.gif\"\/><a\/>--><\/div><style type=\"text\/css\">\r\n.jsney69f21de05bd17 {\r\ntext-align: center;\nmargin-bottom: 1em;\r\n}\r\n@media screen and (min-width: 1201px) {\r\n.jsney69f21de05bd17 {\r\ndisplay: block;\r\n}\r\n}\r\n@media screen and (min-width: 993px) and (max-width: 1200px) {\r\n.jsney69f21de05bd17 {\r\ndisplay: block;\r\n}\r\n}\r\n@media screen and (min-width: 769px) and (max-width: 992px) {\r\n.jsney69f21de05bd17 {\r\ndisplay: block;\r\n}\r\n}\r\n@media screen and (min-width: 768px) and (max-width: 768px) {\r\n.jsney69f21de05bd17 {\r\ndisplay: none;\r\n}\r\n}\r\n@media screen and (max-width: 767px) {\r\n.jsney69f21de05bd17 {\r\ndisplay: none;\r\n}\r\n}\r\n<\/style>\r\n\n\n\n\n<p id=\"aui-3-2-0-1268\">Com isso, o Juiz Federal Marc Bruno passa a atuar diretamente na sede do Tribunal, assessorando o novo presidente, que tem mandato de dois anos.<\/p>\n","protected":false},"excerpt":{"rendered":"<p>O Juiz Federal Marco Bruno Miranda Clementino, titular da 6\u00aa Vara Federal do Rio Grande do Norte e coordenador de Inova\u00e7\u00e3o da Se\u00e7\u00e3o, foi escolhido para atuar como Juiz Auxiliar da Presid\u00eancia do Tribunal Regional Federal da 5\u00aa Regi\u00e3o na gest\u00e3o do Desembargador Federal Edilson Pereira Nobre J\u00fanior, que ser\u00e1 empossado no dia 29 de<br \/><a class=\"more-link\" href=\"https:\/\/justicapotiguar.com.br\/index.php\/2021\/03\/18\/juiz-federal-marco-bruno-e-indicado-como-magistrado-auxiliar-da-nova-presidencia-do-trf5\/\">Mais&#8230;<\/a><\/p>\n","protected":false},"author":5,"featured_media":101,"comment_status":"open","ping_status":"open","sticky":false,"template":"","format":"standard","meta":[],"categories":[3],"tags":[],"_links":{"self":[{"href":"https:\/\/justicapotiguar.com.br\/index.php\/wp-json\/wp\/v2\/posts\/17467"}],"collection":[{"href":"https:\/\/justicapotiguar.com.br\/index.php\/wp-json\/wp\/v2\/posts"}],"about":[{"href":"https:\/\/justicapotiguar.com.br\/index.php\/wp-json\/wp\/v2\/types\/post"}],"author":[{"embeddable":true,"href":"https:\/\/justicapotiguar.com.br\/index.php\/wp-json\/wp\/v2\/users\/5"}],"replies":[{"embeddable":true,"href":"https:\/\/justicapotiguar.com.br\/index.php\/wp-json\/wp\/v2\/comments?post=17467"}],"version-history":[{"count":1,"href":"https:\/\/justicapotiguar.com.br\/index.php\/wp-json\/wp\/v2\/posts\/17467\/revisions"}],"predecessor-version":[{"id":17468,"href":"https:\/\/justicapotiguar.com.br\/index.php\/wp-json\/wp\/v2\/posts\/17467\/revisions\/17468"}],"wp:featuredmedia":[{"embeddable":true,"href":"https:\/\/justicapotiguar.com.br\/index.php\/wp-json\/wp\/v2\/media\/101"}],"wp:attachment":[{"href":"https:\/\/justicapotiguar.com.br\/index.php\/wp-json\/wp\/v2\/media?parent=17467"}],"wp:term":[{"taxonomy":"category","embeddable":true,"href":"https:\/\/justicapotiguar.com.br\/index.php\/wp-json\/wp\/v2\/categories?post=17467"},{"taxonomy":"post_tag","embeddable":true,"href":"https:\/\/justicapotiguar.com.br\/index.php\/wp-json\/wp\/v2\/tags?post=17467"}],"curies":[{"name":"wp","href":"https:\/\/api.w.org\/{rel}","templated":true}]}}