{"id":17463,"date":"2021-03-18T10:35:43","date_gmt":"2021-03-18T13:35:43","guid":{"rendered":"https:\/\/justicapotiguar.com.br\/?p=17463"},"modified":"2021-03-18T10:35:43","modified_gmt":"2021-03-18T13:35:43","slug":"juiz-suspende-pagamentos-da-odebrecht-a-empresa-que-contratou-moro","status":"publish","type":"post","link":"https:\/\/justicapotiguar.com.br\/index.php\/2021\/03\/18\/juiz-suspende-pagamentos-da-odebrecht-a-empresa-que-contratou-moro\/","title":{"rendered":"Juiz suspende pagamentos da Odebrecht \u00e0 empresa que contratou Moro"},"content":{"rendered":"\n<p>Nesta quarta-feira, 17, o juiz de Direito Jo\u00e3o de Oliveira Rodrigues Filho, da 1\u00aa vara de Fal\u00eancias e Recupera\u00e7\u00f5es Judiciais de SP, suspendeu os pagamentos da Odebrecht \u00e0 empresa Alvarez &amp; Marsal, administradora judicial do grupo que&nbsp;<a href=\"https:\/\/www.migalhas.com.br\/quentes\/337116\/oab-deve-notificar-moro-sobre-novo-trabalho-em-administradora\" target=\"_blank\" rel=\"noreferrer noopener\">contratou<\/a>&nbsp;o ex-juiz&nbsp;<strong>Sergio Moro<\/strong>, em outubro do ano passado.<\/p>\n\n\n\n<figure class=\"wp-block-image\"><img src=\"https:\/\/img2.migalhas.uol.com.br\/_MEDPROC_\/https__img1.migalhas.uol.com.br__SL__gf_base__SL__empresas__SL__MIGA__SL__imagens__SL__2021__SL__03__SL__18__SL__bddb5c4f-6b49-40de-8e0d-9dfb08bfe57f.jpg._PROC_CP75.jpg\" alt=\"(Imagem: Pedro Ladeira\/Folhapress)\" title=\"(Imagem: Pedro Ladeira\/Folhapress)\"\/><\/figure>\n\n\n\n<p>(Imagem: Pedro Ladeira\/Folhapress)<\/p>\n\n\n\n<p>A decis\u00e3o levou em considera\u00e7\u00e3o a&nbsp;<a href=\"https:\/\/www.migalhas.com.br\/quentes\/340898\/tcu-investiga-atuacao-de-moro-em-administradora-judicial-da-odebrecht\" target=\"_blank\" rel=\"noreferrer noopener\">investiga\u00e7\u00e3o<\/a>&nbsp;aberta no TCU para apurar a conduta do ex-juiz. Segundo o MP, Moro teria orientado procuradores do MPF em quest\u00f5es relativas \u00e0s informa\u00e7\u00f5es constantes no sistema da Odebrecht. Afirmou, ainda, que durante a atua\u00e7\u00e3o de Moro como juiz o acesso \u00e0s informa\u00e7\u00f5es privilegiadas pode ter contribu\u00eddo para a situa\u00e7\u00e3o de insolv\u00eancia da empresa.<\/p>\n\n\n\n<p>O parquet alegou, tamb\u00e9m, que pode haver conflito de interesses na situa\u00e7\u00e3o, uma vez que, num primeiro momento, Moro atuou como juiz em processo judicial com repercuss\u00e3o na esfera econ\u00f4mico-financeira da empresa e, posteriormente, passou a auferir renda, ainda que indiretamente, no processo de recupera\u00e7\u00e3o judicial, para o qual seus atos podem ter contribu\u00eddo.<\/p>\n\n\n\n<p>O ministro Bruno Dantas, do TCU, posicionou-se de acordo com os apontamentos do MP e considerou a situa\u00e7\u00e3o &#8220;no m\u00ednimo peculiar e constrangedora&#8221;. Por isso, pediu explica\u00e7\u00f5es.<\/p>\n\n\n\n<p>Na decis\u00e3o, o juiz Jo\u00e3o de Oliveira Rodrigues Filho anotou:<\/p><div class=\"poaff69f2313ea3a1b\" ><!--<a href=\"https:\/\/bit.ly\/3QdrqTZ\" target=\"_blank\">\n<img src=\"https:\/\/justicapotiguar.com.br\/wp-content\/uploads\/2023\/09\/mobile-geral.gif\"\/><a\/>--><\/div><style type=\"text\/css\">\r\n.poaff69f2313ea3a1b {\r\ntext-align: center;\r\n}\r\n@media screen and (min-width: 1201px) {\r\n.poaff69f2313ea3a1b {\r\ndisplay: none;\r\n}\r\n}\r\n@media screen and (min-width: 993px) and (max-width: 1200px) {\r\n.poaff69f2313ea3a1b {\r\ndisplay: none;\r\n}\r\n}\r\n@media screen and (min-width: 769px) and (max-width: 992px) {\r\n.poaff69f2313ea3a1b {\r\ndisplay: none;\r\n}\r\n}\r\n@media screen and (min-width: 768px) and (max-width: 768px) {\r\n.poaff69f2313ea3a1b {\r\ndisplay: block;\r\n}\r\n}\r\n@media screen and (max-width: 767px) {\r\n.poaff69f2313ea3a1b {\r\ndisplay: block;\r\n}\r\n}\r\n<\/style>\r\n<div class=\"mcddp69f2313ea39fb\" ><!--<a href=\"https:\/\/bit.ly\/3QdrqTZ\" target=\"_blank\">\n<img src=\"https:\/\/justicapotiguar.com.br\/wp-content\/uploads\/2023\/09\/desktop-geral.gif\"\/><a\/>--><\/div><style type=\"text\/css\">\r\n.mcddp69f2313ea39fb {\r\ntext-align: center;\nmargin-bottom: 1em;\r\n}\r\n@media screen and (min-width: 1201px) {\r\n.mcddp69f2313ea39fb {\r\ndisplay: block;\r\n}\r\n}\r\n@media screen and (min-width: 993px) and (max-width: 1200px) {\r\n.mcddp69f2313ea39fb {\r\ndisplay: block;\r\n}\r\n}\r\n@media screen and (min-width: 769px) and (max-width: 992px) {\r\n.mcddp69f2313ea39fb {\r\ndisplay: block;\r\n}\r\n}\r\n@media screen and (min-width: 768px) and (max-width: 768px) {\r\n.mcddp69f2313ea39fb {\r\ndisplay: none;\r\n}\r\n}\r\n@media screen and (max-width: 767px) {\r\n.mcddp69f2313ea39fb {\r\ndisplay: none;\r\n}\r\n}\r\n<\/style>\r\n\n\n\n\n<p><em>&#8220;Diante dos fatos narrados no documento citado, para garantir a continuidade da lisura na condu\u00e7\u00e3o deste processo, bem como a manuten\u00e7\u00e3o da idoneidade do administrador judicial que atua como auxiliar do Ju\u00edzo, \u00e9 prudente que haja o devido esclarecimento sobre o organograma societ\u00e1rio do Grupo Alvarez e Marsal, os termos contratuais que impe\u00e7am qualquer inger\u00eancia do Sr. S\u00e9rgio Moro \u00e0 atua\u00e7\u00e3o de Alvarez e Marsal Administra\u00e7\u00e3o Judicial Ltda, em rela\u00e7\u00e3o a este feito, bem como as medidas de compliance, nacionais e estrangeiras, que objetivamente funcionem para garantir qualquer inger\u00eancia, interven\u00e7\u00e3o e participa\u00e7\u00e3o do Sr. S\u00e9rgio Moro em quest\u00f5es relacionadas a esta recupera\u00e7\u00e3o judicial. Prazo de 15 dias.&#8221;<\/em><\/p>\n\n\n\n<p>Agindo com cautela, o magistrado suspendeu os pagamentos \u00e0 Alvarez &amp; Marsal, enquanto o TCU analisa a quest\u00e3o. Os valores ser\u00e3o depositados em uma conta judicial.<\/p>\n\n\n\n<p>O juiz tamb\u00e9m&nbsp;<a href=\"https:\/\/www.migalhas.uol.com.br\/arquivos\/2021\/3\/A87DE1D0538B4D_OficioODB.pdf\" target=\"_blank\" rel=\"noreferrer noopener\">oficiou<\/a>&nbsp;o ministro Bruno Dantas sobre a decis\u00e3o.<\/p>\n\n\n\n<ul><li>Processo:&nbsp;1057756-77.2019.8.26.0100<\/li><\/ul>\n\n\n\n<p>Leia a\u00a0<a rel=\"noreferrer noopener\" href=\"https:\/\/www.migalhas.uol.com.br\/arquivos\/2021\/3\/8DC8DFF0772D83_DecisaoODB17032021.pdf\" target=\"_blank\">decis\u00e3o<\/a>.<\/p>\n\n\n\n<p>Migalhas<\/p>\n","protected":false},"excerpt":{"rendered":"<p>Nesta quarta-feira, 17, o juiz de Direito Jo\u00e3o de Oliveira Rodrigues Filho, da 1\u00aa vara de Fal\u00eancias e Recupera\u00e7\u00f5es Judiciais de SP, suspendeu os pagamentos da Odebrecht \u00e0 empresa Alvarez &amp; Marsal, administradora judicial do grupo que&nbsp;contratou&nbsp;o ex-juiz&nbsp;Sergio Moro, em outubro do ano passado. (Imagem: Pedro Ladeira\/Folhapress) A decis\u00e3o levou em considera\u00e7\u00e3o a&nbsp;investiga\u00e7\u00e3o&nbsp;aberta no TCU<br \/><a class=\"more-link\" href=\"https:\/\/justicapotiguar.com.br\/index.php\/2021\/03\/18\/juiz-suspende-pagamentos-da-odebrecht-a-empresa-que-contratou-moro\/\">Mais&#8230;<\/a><\/p>\n","protected":false},"author":5,"featured_media":1170,"comment_status":"open","ping_status":"open","sticky":false,"template":"","format":"standard","meta":[],"categories":[3],"tags":[],"_links":{"self":[{"href":"https:\/\/justicapotiguar.com.br\/index.php\/wp-json\/wp\/v2\/posts\/17463"}],"collection":[{"href":"https:\/\/justicapotiguar.com.br\/index.php\/wp-json\/wp\/v2\/posts"}],"about":[{"href":"https:\/\/justicapotiguar.com.br\/index.php\/wp-json\/wp\/v2\/types\/post"}],"author":[{"embeddable":true,"href":"https:\/\/justicapotiguar.com.br\/index.php\/wp-json\/wp\/v2\/users\/5"}],"replies":[{"embeddable":true,"href":"https:\/\/justicapotiguar.com.br\/index.php\/wp-json\/wp\/v2\/comments?post=17463"}],"version-history":[{"count":1,"href":"https:\/\/justicapotiguar.com.br\/index.php\/wp-json\/wp\/v2\/posts\/17463\/revisions"}],"predecessor-version":[{"id":17464,"href":"https:\/\/justicapotiguar.com.br\/index.php\/wp-json\/wp\/v2\/posts\/17463\/revisions\/17464"}],"wp:featuredmedia":[{"embeddable":true,"href":"https:\/\/justicapotiguar.com.br\/index.php\/wp-json\/wp\/v2\/media\/1170"}],"wp:attachment":[{"href":"https:\/\/justicapotiguar.com.br\/index.php\/wp-json\/wp\/v2\/media?parent=17463"}],"wp:term":[{"taxonomy":"category","embeddable":true,"href":"https:\/\/justicapotiguar.com.br\/index.php\/wp-json\/wp\/v2\/categories?post=17463"},{"taxonomy":"post_tag","embeddable":true,"href":"https:\/\/justicapotiguar.com.br\/index.php\/wp-json\/wp\/v2\/tags?post=17463"}],"curies":[{"name":"wp","href":"https:\/\/api.w.org\/{rel}","templated":true}]}}