{"id":17403,"date":"2021-03-16T15:40:20","date_gmt":"2021-03-16T18:40:20","guid":{"rendered":"https:\/\/justicapotiguar.com.br\/?p=17403"},"modified":"2021-03-16T15:40:20","modified_gmt":"2021-03-16T18:40:20","slug":"juiz-do-df-rejeita-denuncia-do-quadrilhao-do-pp-e-impoe-mais-uma-derrota-a-lava-jato","status":"publish","type":"post","link":"https:\/\/justicapotiguar.com.br\/index.php\/2021\/03\/16\/juiz-do-df-rejeita-denuncia-do-quadrilhao-do-pp-e-impoe-mais-uma-derrota-a-lava-jato\/","title":{"rendered":"Juiz do DF rejeita den\u00fancia do &#8216;quadrilh\u00e3o do PP&#8217; e imp\u00f5e mais uma derrota \u00e0 Lava-Jato"},"content":{"rendered":"\n<figure class=\"wp-block-image size-large\"><img loading=\"lazy\" width=\"680\" height=\"337\" src=\"https:\/\/justicapotiguar.com.br\/wp-content\/uploads\/2019\/11\/43384A7C857A03471DEBF2E37585768B8237_juiz3.png\" alt=\"\" class=\"wp-image-4345\" srcset=\"https:\/\/justicapotiguar.com.br\/wp-content\/uploads\/2019\/11\/43384A7C857A03471DEBF2E37585768B8237_juiz3.png 680w, https:\/\/justicapotiguar.com.br\/wp-content\/uploads\/2019\/11\/43384A7C857A03471DEBF2E37585768B8237_juiz3-300x149.png 300w\" sizes=\"(max-width: 680px) 100vw, 680px\" \/><figcaption>Reprodu\u00e7\u00e3o<\/figcaption><\/figure>\n\n\n\n<p>O juiz Frederico Botelho de Barros Viana, da 10\u00aa Vara Federal de Bras\u00edlia, rejeitou den\u00fancia do chamado quadrilh\u00e3o do PP. A decis\u00e3o representa uma nova derrota \u00e0 Opera\u00e7\u00e3o Lava-Jato e se deu em rela\u00e7\u00e3o a r\u00e9us que n\u00e3o possu\u00edam foro privilegiado, como ex-senador Benedito Lira, pai do presidente da C\u00e2mara, Arthur Lira (PP-AL).<\/p>\n\n\n\n<p>No in\u00edcio de mar\u00e7o, a Segunda Turma do Supremo Tribunal Federal (STF) tomou a mesma decis\u00e3o em rela\u00e7\u00e3o ao presidente da C\u00e2mara e a outros parlamentares do PP, como os deputados Aguinaldo Ribeiro (PB) e Eduardo da Fonte (PE) e o senador Ciro Nogueira (PI).<\/p>\n\n\n\n<p>O argumento usado pelo juiz de primeira inst\u00e2ncia foi de que n\u00e3o havia provas para condenar os ex-parlamentares. Para ele, as acusa\u00e7\u00f5es da Procuradoria Geral da Rep\u00fablica (PGR) &#8220;n\u00e3o s\u00e3o acompanhadas por acervo probat\u00f3rio minimamente vigoroso para sustentar a exist\u00eancia do cometimento do crime&#8221;.<\/p><div class=\"upfwd69f1ebb2bb1fb\" ><!--<a href=\"https:\/\/bit.ly\/3QdrqTZ\" target=\"_blank\">\n<img src=\"https:\/\/justicapotiguar.com.br\/wp-content\/uploads\/2023\/09\/mobile-geral.gif\"\/><a\/>--><\/div><style type=\"text\/css\">\r\n.upfwd69f1ebb2bb1fb {\r\ntext-align: center;\r\n}\r\n@media screen and (min-width: 1201px) {\r\n.upfwd69f1ebb2bb1fb {\r\ndisplay: none;\r\n}\r\n}\r\n@media screen and (min-width: 993px) and (max-width: 1200px) {\r\n.upfwd69f1ebb2bb1fb {\r\ndisplay: none;\r\n}\r\n}\r\n@media screen and (min-width: 769px) and (max-width: 992px) {\r\n.upfwd69f1ebb2bb1fb {\r\ndisplay: none;\r\n}\r\n}\r\n@media screen and (min-width: 768px) and (max-width: 768px) {\r\n.upfwd69f1ebb2bb1fb {\r\ndisplay: block;\r\n}\r\n}\r\n@media screen and (max-width: 767px) {\r\n.upfwd69f1ebb2bb1fb {\r\ndisplay: block;\r\n}\r\n}\r\n<\/style>\r\n<div class=\"uwrog69f1ebb2bb1e4\" ><!--<a href=\"https:\/\/bit.ly\/3QdrqTZ\" target=\"_blank\">\n<img src=\"https:\/\/justicapotiguar.com.br\/wp-content\/uploads\/2023\/09\/desktop-geral.gif\"\/><a\/>--><\/div><style type=\"text\/css\">\r\n.uwrog69f1ebb2bb1e4 {\r\ntext-align: center;\nmargin-bottom: 1em;\r\n}\r\n@media screen and (min-width: 1201px) {\r\n.uwrog69f1ebb2bb1e4 {\r\ndisplay: block;\r\n}\r\n}\r\n@media screen and (min-width: 993px) and (max-width: 1200px) {\r\n.uwrog69f1ebb2bb1e4 {\r\ndisplay: block;\r\n}\r\n}\r\n@media screen and (min-width: 769px) and (max-width: 992px) {\r\n.uwrog69f1ebb2bb1e4 {\r\ndisplay: block;\r\n}\r\n}\r\n@media screen and (min-width: 768px) and (max-width: 768px) {\r\n.uwrog69f1ebb2bb1e4 {\r\ndisplay: none;\r\n}\r\n}\r\n@media screen and (max-width: 767px) {\r\n.uwrog69f1ebb2bb1e4 {\r\ndisplay: none;\r\n}\r\n}\r\n<\/style>\r\n\n\n\n\n<p>O magistrado pontuou que, com o novo pacote anticrime, ficou assentado que n\u00e3o \u00e9 poss\u00edvel receber uma den\u00fancia apenas com base em declara\u00e7\u00f5es de colaboradores em dela\u00e7\u00f5es premiadas. &#8220;A despeito de as informa\u00e7\u00f5es obtidas por meio dos depoimentos dos colaboradores essencialmente terem natureza jur\u00eddica probat\u00f3ria, \u00e9 certo que seu valor enquanto elemento probante deve ser analisado a partir de sua conjuga\u00e7\u00e3o com outras evid\u00eancias associadas, as quais tem o cond\u00e3o de fazer cumprir a regra da corrobora\u00e7\u00e3o daquelas informa\u00e7\u00f5es formalizadas em termos de colabora\u00e7\u00e3o.&#8221;<\/p>\n\n\n\n<p>Al\u00e9m de Benedito de Lira, tamb\u00e9m faziam parte da den\u00fancia os ex-parlamentares Jos\u00e9 Ot\u00e1vio Germano (RS), Luiz Fernando Faria (MG) e Nelson Meurer (PR), que morreu em 2020 de covid-19.<\/p>\n\n\n\n<p>Valor<\/p>\n","protected":false},"excerpt":{"rendered":"<p>O juiz Frederico Botelho de Barros Viana, da 10\u00aa Vara Federal de Bras\u00edlia, rejeitou den\u00fancia do chamado quadrilh\u00e3o do PP. A decis\u00e3o representa uma nova derrota \u00e0 Opera\u00e7\u00e3o Lava-Jato e se deu em rela\u00e7\u00e3o a r\u00e9us que n\u00e3o possu\u00edam foro privilegiado, como ex-senador Benedito Lira, pai do presidente da C\u00e2mara, Arthur Lira (PP-AL). No in\u00edcio<br \/><a class=\"more-link\" href=\"https:\/\/justicapotiguar.com.br\/index.php\/2021\/03\/16\/juiz-do-df-rejeita-denuncia-do-quadrilhao-do-pp-e-impoe-mais-uma-derrota-a-lava-jato\/\">Mais&#8230;<\/a><\/p>\n","protected":false},"author":5,"featured_media":4345,"comment_status":"open","ping_status":"open","sticky":false,"template":"","format":"standard","meta":[],"categories":[3],"tags":[],"_links":{"self":[{"href":"https:\/\/justicapotiguar.com.br\/index.php\/wp-json\/wp\/v2\/posts\/17403"}],"collection":[{"href":"https:\/\/justicapotiguar.com.br\/index.php\/wp-json\/wp\/v2\/posts"}],"about":[{"href":"https:\/\/justicapotiguar.com.br\/index.php\/wp-json\/wp\/v2\/types\/post"}],"author":[{"embeddable":true,"href":"https:\/\/justicapotiguar.com.br\/index.php\/wp-json\/wp\/v2\/users\/5"}],"replies":[{"embeddable":true,"href":"https:\/\/justicapotiguar.com.br\/index.php\/wp-json\/wp\/v2\/comments?post=17403"}],"version-history":[{"count":1,"href":"https:\/\/justicapotiguar.com.br\/index.php\/wp-json\/wp\/v2\/posts\/17403\/revisions"}],"predecessor-version":[{"id":17404,"href":"https:\/\/justicapotiguar.com.br\/index.php\/wp-json\/wp\/v2\/posts\/17403\/revisions\/17404"}],"wp:featuredmedia":[{"embeddable":true,"href":"https:\/\/justicapotiguar.com.br\/index.php\/wp-json\/wp\/v2\/media\/4345"}],"wp:attachment":[{"href":"https:\/\/justicapotiguar.com.br\/index.php\/wp-json\/wp\/v2\/media?parent=17403"}],"wp:term":[{"taxonomy":"category","embeddable":true,"href":"https:\/\/justicapotiguar.com.br\/index.php\/wp-json\/wp\/v2\/categories?post=17403"},{"taxonomy":"post_tag","embeddable":true,"href":"https:\/\/justicapotiguar.com.br\/index.php\/wp-json\/wp\/v2\/tags?post=17403"}],"curies":[{"name":"wp","href":"https:\/\/api.w.org\/{rel}","templated":true}]}}