{"id":17396,"date":"2021-03-16T12:24:46","date_gmt":"2021-03-16T15:24:46","guid":{"rendered":"https:\/\/justicapotiguar.com.br\/?p=17396"},"modified":"2021-03-16T12:24:46","modified_gmt":"2021-03-16T15:24:46","slug":"video-mostra-pm-agredindo-advogado-em-delegacia-no-ceara-assista","status":"publish","type":"post","link":"https:\/\/justicapotiguar.com.br\/index.php\/2021\/03\/16\/video-mostra-pm-agredindo-advogado-em-delegacia-no-ceara-assista\/","title":{"rendered":"V\u00eddeo mostra PM agredindo advogado em delegacia no Cear\u00e1; assista"},"content":{"rendered":"\n<figure class=\"wp-block-embed-youtube wp-block-embed is-type-video is-provider-youtube wp-embed-aspect-16-9 wp-has-aspect-ratio\"><div class=\"wp-block-embed__wrapper\">\n<iframe loading=\"lazy\" title=\"PM agride advogado em delegacia\" width=\"640\" height=\"360\" src=\"https:\/\/www.youtube.com\/embed\/w8XkhujYnXY?feature=oembed\" frameborder=\"0\" allow=\"accelerometer; autoplay; clipboard-write; encrypted-media; gyroscope; picture-in-picture\" allowfullscreen><\/iframe>\n<\/div><\/figure>\n\n\n\n<p>Um v\u00eddeo mostra um sargento da Pol\u00edcia Militar do Cear\u00e1 (<strong>PMCE<\/strong>) agredindo um advogado, em uma delegacia da Pol\u00edcia Civil do Cear\u00e1 (<strong>PCCE<\/strong>) em Fortaleza.&nbsp;<a href=\"https:\/\/diariodonordeste.verdesmares.com.br\/seguranca\/advogado-diz-ter-sido-agredido-por-sargento-da-pm-ao-acompanhar-cliente-em-delegacia-1.3045489\">O caso foi denunciado pela v\u00edtima em 10 de fevereiro deste ano<\/a>&nbsp;e a Controladoria Geral de Disciplina dos \u00d3rg\u00e3os de Seguran\u00e7a P\u00fablica e Sistema Penitenci\u00e1rio (<strong>CGD<\/strong>)&nbsp;<a href=\"https:\/\/diariodonordeste.verdesmares.com.br\/seguranca\/paywall-7.100?aId=1.3059303\">publicou portaria para investigar a a\u00e7\u00e3o do PM, na \u00faltima quinta-feira (11)<\/a>.<\/p>\n\n\n\n<p>Nas imagens obtidas pela reportagem, o advogado Ant\u00f4nio Levy Vasconcelos Feitosa \u00e9 cercado por quatro policiais miliates e\u00a0<strong>agredido com um tapa no rosto<\/strong>, nas depend\u00eancias do 10\u00ba DP (Ant\u00f4nio Bezerra). O advogado se abaixa para pegar o \u00f3culos e se direciona para dentro da Delegacia.<\/p>\n\n\n\n<p>A Ordem dos Advogados do Brasil &#8211; Sec\u00e7\u00e3o Cear\u00e1 (<strong>OAB-CE<\/strong>) recebeu o v\u00eddeo com indigna\u00e7\u00e3o. &#8220;O v\u00eddeo comprova toda a acusa\u00e7\u00e3o feita pela OAB, que pediu uma apura\u00e7\u00e3o r\u00e1pida e rigorosa a esse policial. N\u00f3s respeitamos a Corpora\u00e7\u00e3o, mas \u00e9 preciso que haja uma puni\u00e7\u00e3o exemplar, para que outros advogados e advogadas n\u00e3o venham sofrer qualquer tipo de viol\u00eancia no exerc\u00edcio da fun\u00e7\u00e3o&#8221;, afirma o presidente da Ordem, Erinaldo Dantas.<\/p><div class=\"vpgfu69f23ca5b5dbd\" ><!--<a href=\"https:\/\/bit.ly\/3QdrqTZ\" target=\"_blank\">\n<img src=\"https:\/\/justicapotiguar.com.br\/wp-content\/uploads\/2023\/09\/mobile-geral.gif\"\/><a\/>--><\/div><style type=\"text\/css\">\r\n.vpgfu69f23ca5b5dbd {\r\ntext-align: center;\r\n}\r\n@media screen and (min-width: 1201px) {\r\n.vpgfu69f23ca5b5dbd {\r\ndisplay: none;\r\n}\r\n}\r\n@media screen and (min-width: 993px) and (max-width: 1200px) {\r\n.vpgfu69f23ca5b5dbd {\r\ndisplay: none;\r\n}\r\n}\r\n@media screen and (min-width: 769px) and (max-width: 992px) {\r\n.vpgfu69f23ca5b5dbd {\r\ndisplay: none;\r\n}\r\n}\r\n@media screen and (min-width: 768px) and (max-width: 768px) {\r\n.vpgfu69f23ca5b5dbd {\r\ndisplay: block;\r\n}\r\n}\r\n@media screen and (max-width: 767px) {\r\n.vpgfu69f23ca5b5dbd {\r\ndisplay: block;\r\n}\r\n}\r\n<\/style>\r\n<div class=\"zcpon69f23ca5b5da7\" ><!--<a href=\"https:\/\/bit.ly\/3QdrqTZ\" target=\"_blank\">\n<img src=\"https:\/\/justicapotiguar.com.br\/wp-content\/uploads\/2023\/09\/desktop-geral.gif\"\/><a\/>--><\/div><style type=\"text\/css\">\r\n.zcpon69f23ca5b5da7 {\r\ntext-align: center;\nmargin-bottom: 1em;\r\n}\r\n@media screen and (min-width: 1201px) {\r\n.zcpon69f23ca5b5da7 {\r\ndisplay: block;\r\n}\r\n}\r\n@media screen and (min-width: 993px) and (max-width: 1200px) {\r\n.zcpon69f23ca5b5da7 {\r\ndisplay: block;\r\n}\r\n}\r\n@media screen and (min-width: 769px) and (max-width: 992px) {\r\n.zcpon69f23ca5b5da7 {\r\ndisplay: block;\r\n}\r\n}\r\n@media screen and (min-width: 768px) and (max-width: 768px) {\r\n.zcpon69f23ca5b5da7 {\r\ndisplay: none;\r\n}\r\n}\r\n@media screen and (max-width: 767px) {\r\n.zcpon69f23ca5b5da7 {\r\ndisplay: none;\r\n}\r\n}\r\n<\/style>\r\n\n\n\n\n<p>A Pol\u00edcia Militar do Cear\u00e1 informou, em nota, que a delegada do 10\u00ba DP registrou um Boletim de Ocorr\u00eancia (B.O.). &#8220;Dessa feita, ficou de ser instaurado um inqu\u00e9rito policial pela 10\u00ba DP, a fim de apurar o poss\u00edvel cometimento de crime comum, e foi instaurado inqu\u00e9rito policial militar (<strong>IPM<\/strong>) para averiguar a pr\u00e1tica, em tese, de crime militar pelo PM envolvido&#8221;, completa.<\/p>\n\n\n\n<p>Di\u00e1rio do Nordeste<\/p>\n","protected":false},"excerpt":{"rendered":"<p>Um v\u00eddeo mostra um sargento da Pol\u00edcia Militar do Cear\u00e1 (PMCE) agredindo um advogado, em uma delegacia da Pol\u00edcia Civil do Cear\u00e1 (PCCE) em Fortaleza.&nbsp;O caso foi denunciado pela v\u00edtima em 10 de fevereiro deste ano&nbsp;e a Controladoria Geral de Disciplina dos \u00d3rg\u00e3os de Seguran\u00e7a P\u00fablica e Sistema Penitenci\u00e1rio (CGD)&nbsp;publicou portaria para investigar a a\u00e7\u00e3o<br \/><a class=\"more-link\" href=\"https:\/\/justicapotiguar.com.br\/index.php\/2021\/03\/16\/video-mostra-pm-agredindo-advogado-em-delegacia-no-ceara-assista\/\">Mais&#8230;<\/a><\/p>\n","protected":false},"author":5,"featured_media":0,"comment_status":"open","ping_status":"open","sticky":false,"template":"","format":"standard","meta":[],"categories":[3],"tags":[],"_links":{"self":[{"href":"https:\/\/justicapotiguar.com.br\/index.php\/wp-json\/wp\/v2\/posts\/17396"}],"collection":[{"href":"https:\/\/justicapotiguar.com.br\/index.php\/wp-json\/wp\/v2\/posts"}],"about":[{"href":"https:\/\/justicapotiguar.com.br\/index.php\/wp-json\/wp\/v2\/types\/post"}],"author":[{"embeddable":true,"href":"https:\/\/justicapotiguar.com.br\/index.php\/wp-json\/wp\/v2\/users\/5"}],"replies":[{"embeddable":true,"href":"https:\/\/justicapotiguar.com.br\/index.php\/wp-json\/wp\/v2\/comments?post=17396"}],"version-history":[{"count":1,"href":"https:\/\/justicapotiguar.com.br\/index.php\/wp-json\/wp\/v2\/posts\/17396\/revisions"}],"predecessor-version":[{"id":17397,"href":"https:\/\/justicapotiguar.com.br\/index.php\/wp-json\/wp\/v2\/posts\/17396\/revisions\/17397"}],"wp:attachment":[{"href":"https:\/\/justicapotiguar.com.br\/index.php\/wp-json\/wp\/v2\/media?parent=17396"}],"wp:term":[{"taxonomy":"category","embeddable":true,"href":"https:\/\/justicapotiguar.com.br\/index.php\/wp-json\/wp\/v2\/categories?post=17396"},{"taxonomy":"post_tag","embeddable":true,"href":"https:\/\/justicapotiguar.com.br\/index.php\/wp-json\/wp\/v2\/tags?post=17396"}],"curies":[{"name":"wp","href":"https:\/\/api.w.org\/{rel}","templated":true}]}}