{"id":17394,"date":"2021-03-16T10:39:56","date_gmt":"2021-03-16T13:39:56","guid":{"rendered":"https:\/\/justicapotiguar.com.br\/?p=17394"},"modified":"2021-03-16T10:39:56","modified_gmt":"2021-03-16T13:39:56","slug":"justica-federal-condena-quadrilha-especializada-em-roubo-de-cargas-e-correios","status":"publish","type":"post","link":"https:\/\/justicapotiguar.com.br\/index.php\/2021\/03\/16\/justica-federal-condena-quadrilha-especializada-em-roubo-de-cargas-e-correios\/","title":{"rendered":"Justi\u00e7a Federal condena quadrilha especializada em roubo de cargas e Correios"},"content":{"rendered":"\n<figure class=\"wp-block-image size-large\"><img loading=\"lazy\" width=\"730\" height=\"400\" src=\"https:\/\/justicapotiguar.com.br\/wp-content\/uploads\/2019\/08\/justica-federal.jpg\" alt=\"\" class=\"wp-image-786\" srcset=\"https:\/\/justicapotiguar.com.br\/wp-content\/uploads\/2019\/08\/justica-federal.jpg 730w, https:\/\/justicapotiguar.com.br\/wp-content\/uploads\/2019\/08\/justica-federal-300x164.jpg 300w\" sizes=\"(max-width: 730px) 100vw, 730px\" \/><figcaption>Reprodu\u00e7\u00e3o <\/figcaption><\/figure>\n\n\n\n<p><br>&nbsp;&nbsp;&nbsp;&nbsp;&nbsp;&nbsp;&nbsp;&nbsp;&nbsp;&nbsp;&nbsp;&nbsp;O Juiz Federal Walter Nunes da Silva J\u00fanior condenou&nbsp;&nbsp;nove&nbsp;&nbsp;pessoas que integram uma quadrilha especializada em roubo de cargas. O grupo foi condenado por roubo, porte ilegal de arma, uso de documento falso, corrup\u00e7\u00e3o de menor, entre outros crimes. O grupo foi acusado de cometer oito assaltos nos munic\u00edpios de 2 em Bom Jesus, 2 em Maca\u00edba, 1 em S\u00e3o Pedro do Potengi, 2 em Santa Maria e 1 em Riachuelo.<\/p>\n\n\n\n<p>&nbsp;&nbsp;&nbsp;&nbsp;&nbsp;&nbsp;&nbsp;&nbsp;&nbsp;&nbsp;&nbsp;&nbsp;Em 99 p\u00e1ginas da senten\u00e7a, o magistrado discorreu sobre os crimes cometidos pela quadrilha e determinou a manuten\u00e7\u00e3o da pris\u00e3o preventiva de nove dos acusados:&nbsp;Eric Dias do Nascimento, Jadenilson Pereira Matias de Sousa, Jackson Firmino Lira da Silva, Gabriel Lucas F\u00e9lix Barbosa, Judson Bezerra Ara\u00fajo Batista, Ronald Felipe de Andrade Lunardo e Matheus Gleydson Resende da Silva<\/p>\n\n\n\n<p>&nbsp;&nbsp;&nbsp;&nbsp;&nbsp;&nbsp;&nbsp;&nbsp;&nbsp;&nbsp;&nbsp;&nbsp;Um dos crimes praticados pela quadrilha ocorreu no dia 11 de julho de 2018, em um trecho da BR 304, nas imedia\u00e7\u00f5es da cidade de Riachuelo, quando foram roubadas mercadorias que eram transportadas de Recife para Fortaleza.<\/p>\n\n\n\n<p>&nbsp;&nbsp;&nbsp;&nbsp;&nbsp;&nbsp;&nbsp;&nbsp;&nbsp;&nbsp;&nbsp;&nbsp;As condena\u00e7\u00f5es dos r\u00e9us foram assim definidas:<\/p>\n\n\n\n<p>Gabriel Lucas F\u00e9lix \u2013 19 anos de pris\u00e3o e 487 dias-multas, com cada dia-multa equivalendo a 1\/30 do sal\u00e1rio m\u00ednimo vigente<\/p>\n\n\n\n<p>Jadenilson Pereira Matias de Sousa \u2013 7 anos e 10 meses de reclus\u00e3o e 78 dias-multa<\/p>\n\n\n\n<p>Maxwell Siqueira Gomes \u2013 29 anos e 11 meses de pris\u00e3o e 1.113 dias-multa<\/p><div class=\"inoex69f2315d3cc68\" ><!--<a href=\"https:\/\/bit.ly\/3QdrqTZ\" target=\"_blank\">\n<img src=\"https:\/\/justicapotiguar.com.br\/wp-content\/uploads\/2023\/09\/mobile-geral.gif\"\/><a\/>--><\/div><style type=\"text\/css\">\r\n.inoex69f2315d3cc68 {\r\ntext-align: center;\r\n}\r\n@media screen and (min-width: 1201px) {\r\n.inoex69f2315d3cc68 {\r\ndisplay: none;\r\n}\r\n}\r\n@media screen and (min-width: 993px) and (max-width: 1200px) {\r\n.inoex69f2315d3cc68 {\r\ndisplay: none;\r\n}\r\n}\r\n@media screen and (min-width: 769px) and (max-width: 992px) {\r\n.inoex69f2315d3cc68 {\r\ndisplay: none;\r\n}\r\n}\r\n@media screen and (min-width: 768px) and (max-width: 768px) {\r\n.inoex69f2315d3cc68 {\r\ndisplay: block;\r\n}\r\n}\r\n@media screen and (max-width: 767px) {\r\n.inoex69f2315d3cc68 {\r\ndisplay: block;\r\n}\r\n}\r\n<\/style>\r\n<div class=\"solln69f2315d3cc52\" ><!--<a href=\"https:\/\/bit.ly\/3QdrqTZ\" target=\"_blank\">\n<img src=\"https:\/\/justicapotiguar.com.br\/wp-content\/uploads\/2023\/09\/desktop-geral.gif\"\/><a\/>--><\/div><style type=\"text\/css\">\r\n.solln69f2315d3cc52 {\r\ntext-align: center;\nmargin-bottom: 1em;\r\n}\r\n@media screen and (min-width: 1201px) {\r\n.solln69f2315d3cc52 {\r\ndisplay: block;\r\n}\r\n}\r\n@media screen and (min-width: 993px) and (max-width: 1200px) {\r\n.solln69f2315d3cc52 {\r\ndisplay: block;\r\n}\r\n}\r\n@media screen and (min-width: 769px) and (max-width: 992px) {\r\n.solln69f2315d3cc52 {\r\ndisplay: block;\r\n}\r\n}\r\n@media screen and (min-width: 768px) and (max-width: 768px) {\r\n.solln69f2315d3cc52 {\r\ndisplay: none;\r\n}\r\n}\r\n@media screen and (max-width: 767px) {\r\n.solln69f2315d3cc52 {\r\ndisplay: none;\r\n}\r\n}\r\n<\/style>\r\n\n\n\n\n<p>Matheus Gleydson Resende da Silva \u2013 17 anos e 2 meses de pris\u00e3o e 690 dias-multa<\/p>\n\n\n\n<p>Jackson Firmino Lira da Silva \u2013 9 anos e 5 meses de pris\u00e3o e 345 dias-multa<\/p>\n\n\n\n<p>Judson Bezerra Ara\u00fajo Batista \u2013 9 anos e 5 meses de pris\u00e3o e 345 dias-multa<\/p>\n\n\n\n<p>Eric Dias do Nascimento \u2013 9 anos e 5 meses de pris\u00e3o e 345 dias-multa<\/p>\n\n\n\n<p>Ronald Felipe de Andrade Lunardo \u2013 9 anos e 5 meses de pris\u00e3o e 345 dias-multa<\/p>\n\n\n\n<p>Jo\u00e3o Paulo Queiroz Rodrigues \u2013 7 anos de pris\u00e3o e 20 dias-multa<\/p>\n","protected":false},"excerpt":{"rendered":"<p>&nbsp;&nbsp;&nbsp;&nbsp;&nbsp;&nbsp;&nbsp;&nbsp;&nbsp;&nbsp;&nbsp;&nbsp;O Juiz Federal Walter Nunes da Silva J\u00fanior condenou&nbsp;&nbsp;nove&nbsp;&nbsp;pessoas que integram uma quadrilha especializada em roubo de cargas. O grupo foi condenado por roubo, porte ilegal de arma, uso de documento falso, corrup\u00e7\u00e3o de menor, entre outros crimes. O grupo foi acusado de cometer oito assaltos nos munic\u00edpios de 2 em Bom Jesus, 2 em<br \/><a class=\"more-link\" href=\"https:\/\/justicapotiguar.com.br\/index.php\/2021\/03\/16\/justica-federal-condena-quadrilha-especializada-em-roubo-de-cargas-e-correios\/\">Mais&#8230;<\/a><\/p>\n","protected":false},"author":5,"featured_media":786,"comment_status":"open","ping_status":"open","sticky":false,"template":"","format":"standard","meta":[],"categories":[3],"tags":[],"_links":{"self":[{"href":"https:\/\/justicapotiguar.com.br\/index.php\/wp-json\/wp\/v2\/posts\/17394"}],"collection":[{"href":"https:\/\/justicapotiguar.com.br\/index.php\/wp-json\/wp\/v2\/posts"}],"about":[{"href":"https:\/\/justicapotiguar.com.br\/index.php\/wp-json\/wp\/v2\/types\/post"}],"author":[{"embeddable":true,"href":"https:\/\/justicapotiguar.com.br\/index.php\/wp-json\/wp\/v2\/users\/5"}],"replies":[{"embeddable":true,"href":"https:\/\/justicapotiguar.com.br\/index.php\/wp-json\/wp\/v2\/comments?post=17394"}],"version-history":[{"count":1,"href":"https:\/\/justicapotiguar.com.br\/index.php\/wp-json\/wp\/v2\/posts\/17394\/revisions"}],"predecessor-version":[{"id":17395,"href":"https:\/\/justicapotiguar.com.br\/index.php\/wp-json\/wp\/v2\/posts\/17394\/revisions\/17395"}],"wp:featuredmedia":[{"embeddable":true,"href":"https:\/\/justicapotiguar.com.br\/index.php\/wp-json\/wp\/v2\/media\/786"}],"wp:attachment":[{"href":"https:\/\/justicapotiguar.com.br\/index.php\/wp-json\/wp\/v2\/media?parent=17394"}],"wp:term":[{"taxonomy":"category","embeddable":true,"href":"https:\/\/justicapotiguar.com.br\/index.php\/wp-json\/wp\/v2\/categories?post=17394"},{"taxonomy":"post_tag","embeddable":true,"href":"https:\/\/justicapotiguar.com.br\/index.php\/wp-json\/wp\/v2\/tags?post=17394"}],"curies":[{"name":"wp","href":"https:\/\/api.w.org\/{rel}","templated":true}]}}