{"id":17390,"date":"2021-03-16T09:05:59","date_gmt":"2021-03-16T12:05:59","guid":{"rendered":"https:\/\/justicapotiguar.com.br\/?p=17390"},"modified":"2021-03-16T09:27:45","modified_gmt":"2021-03-16T12:27:45","slug":"mpf-cobra-hospitais-de-campanha-aos-governadores-e-questiona-leitos-desativados","status":"publish","type":"post","link":"https:\/\/justicapotiguar.com.br\/index.php\/2021\/03\/16\/mpf-cobra-hospitais-de-campanha-aos-governadores-e-questiona-leitos-desativados\/","title":{"rendered":"MPF cobra hospitais de campanha aos governadores e questiona leitos desativados"},"content":{"rendered":"\n<figure class=\"wp-block-image size-large\"><img loading=\"lazy\" width=\"300\" height=\"225\" src=\"https:\/\/justicapotiguar.com.br\/wp-content\/uploads\/2019\/12\/hospital1.jpeg\" alt=\"\" class=\"wp-image-4595\"\/><figcaption>Ilustrativa<\/figcaption><\/figure>\n\n\n\n<p>O Minist\u00e9rio P\u00fablico Federal encaminhou of\u00edcio aos governadores dos estados solicitando informa\u00e7\u00f5es sobre quantos hospitais de campanha foram constru\u00eddos no per\u00edodo da Pandemia e quais est\u00e3o efetivamente funcionando.<\/p>\n\n\n\n<p>Segundo o of\u00edcio assinado pela subprocuradora Lindora Ara\u00fajo, os governadores devem informar at\u00e9 a sexta-feira, 19, quantos e quais hospitais de campanha foram constru\u00eddos no Estado?Quais hospitais de campanha foram constru\u00eddos e n\u00e3o entraram em<br>funcionamento? E, dentre os que entraram em funcionamento, informar a data de<br>inaugura\u00e7\u00e3o das atividades de atendimento.<\/p>\n\n\n\n<p>Solicita ainda, listar os hospitais de campanha que est\u00e3o em funcionamento na presente data e, em rela\u00e7\u00e3o aos desativados, informar a data da desativa\u00e7\u00e3o e o motivo do fechamento. Qual a destina\u00e7\u00e3o dada aos insumos e equipamentos que compunham a<br>estrutura de eventuais hospitais de campanha que tenham sido desativados no<br>Estado?<\/p><div class=\"iwwkz69f231a193e3a\" ><!--<a href=\"https:\/\/bit.ly\/3QdrqTZ\" target=\"_blank\">\n<img src=\"https:\/\/justicapotiguar.com.br\/wp-content\/uploads\/2023\/09\/mobile-geral.gif\"\/><a\/>--><\/div><style type=\"text\/css\">\r\n.iwwkz69f231a193e3a {\r\ntext-align: center;\r\n}\r\n@media screen and (min-width: 1201px) {\r\n.iwwkz69f231a193e3a {\r\ndisplay: none;\r\n}\r\n}\r\n@media screen and (min-width: 993px) and (max-width: 1200px) {\r\n.iwwkz69f231a193e3a {\r\ndisplay: none;\r\n}\r\n}\r\n@media screen and (min-width: 769px) and (max-width: 992px) {\r\n.iwwkz69f231a193e3a {\r\ndisplay: none;\r\n}\r\n}\r\n@media screen and (min-width: 768px) and (max-width: 768px) {\r\n.iwwkz69f231a193e3a {\r\ndisplay: block;\r\n}\r\n}\r\n@media screen and (max-width: 767px) {\r\n.iwwkz69f231a193e3a {\r\ndisplay: block;\r\n}\r\n}\r\n<\/style>\r\n<div class=\"ernsu69f231a193e26\" ><!--<a href=\"https:\/\/bit.ly\/3QdrqTZ\" target=\"_blank\">\n<img src=\"https:\/\/justicapotiguar.com.br\/wp-content\/uploads\/2023\/09\/desktop-geral.gif\"\/><a\/>--><\/div><style type=\"text\/css\">\r\n.ernsu69f231a193e26 {\r\ntext-align: center;\nmargin-bottom: 1em;\r\n}\r\n@media screen and (min-width: 1201px) {\r\n.ernsu69f231a193e26 {\r\ndisplay: block;\r\n}\r\n}\r\n@media screen and (min-width: 993px) and (max-width: 1200px) {\r\n.ernsu69f231a193e26 {\r\ndisplay: block;\r\n}\r\n}\r\n@media screen and (min-width: 769px) and (max-width: 992px) {\r\n.ernsu69f231a193e26 {\r\ndisplay: block;\r\n}\r\n}\r\n@media screen and (min-width: 768px) and (max-width: 768px) {\r\n.ernsu69f231a193e26 {\r\ndisplay: none;\r\n}\r\n}\r\n@media screen and (max-width: 767px) {\r\n.ernsu69f231a193e26 {\r\ndisplay: none;\r\n}\r\n}\r\n<\/style>\r\n\n\n\n\n<p>Confira o of\u00edcio na \u00edntegra<\/p>\n\n\n\n<div class=\"wp-block-file\"><a href=\"https:\/\/justicapotiguar.com.br\/wp-content\/uploads\/2021\/03\/Oficio-Circular-02-2021-GIAC-Hosp-de-Camp-gov.pdf\">Oficio-Circular-02-2021-GIAC-Hosp-de-Camp-gov<\/a><a href=\"https:\/\/justicapotiguar.com.br\/wp-content\/uploads\/2021\/03\/Oficio-Circular-02-2021-GIAC-Hosp-de-Camp-gov.pdf\" class=\"wp-block-file__button\" download>Baixar<\/a><\/div>\n\n\n\n<p><\/p>\n","protected":false},"excerpt":{"rendered":"<p>O Minist\u00e9rio P\u00fablico Federal encaminhou of\u00edcio aos governadores dos estados solicitando informa\u00e7\u00f5es sobre quantos hospitais de campanha foram constru\u00eddos no per\u00edodo da Pandemia e quais est\u00e3o efetivamente funcionando. Segundo o of\u00edcio assinado pela subprocuradora Lindora Ara\u00fajo, os governadores devem informar at\u00e9 a sexta-feira, 19, quantos e quais hospitais de campanha foram constru\u00eddos no Estado?Quais hospitais<br \/><a class=\"more-link\" href=\"https:\/\/justicapotiguar.com.br\/index.php\/2021\/03\/16\/mpf-cobra-hospitais-de-campanha-aos-governadores-e-questiona-leitos-desativados\/\">Mais&#8230;<\/a><\/p>\n","protected":false},"author":5,"featured_media":4595,"comment_status":"open","ping_status":"open","sticky":false,"template":"","format":"standard","meta":[],"categories":[3],"tags":[],"_links":{"self":[{"href":"https:\/\/justicapotiguar.com.br\/index.php\/wp-json\/wp\/v2\/posts\/17390"}],"collection":[{"href":"https:\/\/justicapotiguar.com.br\/index.php\/wp-json\/wp\/v2\/posts"}],"about":[{"href":"https:\/\/justicapotiguar.com.br\/index.php\/wp-json\/wp\/v2\/types\/post"}],"author":[{"embeddable":true,"href":"https:\/\/justicapotiguar.com.br\/index.php\/wp-json\/wp\/v2\/users\/5"}],"replies":[{"embeddable":true,"href":"https:\/\/justicapotiguar.com.br\/index.php\/wp-json\/wp\/v2\/comments?post=17390"}],"version-history":[{"count":2,"href":"https:\/\/justicapotiguar.com.br\/index.php\/wp-json\/wp\/v2\/posts\/17390\/revisions"}],"predecessor-version":[{"id":17393,"href":"https:\/\/justicapotiguar.com.br\/index.php\/wp-json\/wp\/v2\/posts\/17390\/revisions\/17393"}],"wp:featuredmedia":[{"embeddable":true,"href":"https:\/\/justicapotiguar.com.br\/index.php\/wp-json\/wp\/v2\/media\/4595"}],"wp:attachment":[{"href":"https:\/\/justicapotiguar.com.br\/index.php\/wp-json\/wp\/v2\/media?parent=17390"}],"wp:term":[{"taxonomy":"category","embeddable":true,"href":"https:\/\/justicapotiguar.com.br\/index.php\/wp-json\/wp\/v2\/categories?post=17390"},{"taxonomy":"post_tag","embeddable":true,"href":"https:\/\/justicapotiguar.com.br\/index.php\/wp-json\/wp\/v2\/tags?post=17390"}],"curies":[{"name":"wp","href":"https:\/\/api.w.org\/{rel}","templated":true}]}}