{"id":17384,"date":"2021-03-16T08:33:00","date_gmt":"2021-03-16T11:33:00","guid":{"rendered":"https:\/\/justicapotiguar.com.br\/?p=17384"},"modified":"2021-03-15T22:16:34","modified_gmt":"2021-03-16T01:16:34","slug":"juiz-faz-postagens-incentivando-aglomeracoes-em-meio-a-alta-ocupacao-de-hospitais-por-covid-19-em-se","status":"publish","type":"post","link":"https:\/\/justicapotiguar.com.br\/index.php\/2021\/03\/16\/juiz-faz-postagens-incentivando-aglomeracoes-em-meio-a-alta-ocupacao-de-hospitais-por-covid-19-em-se\/","title":{"rendered":"Juiz faz postagens incentivando aglomera\u00e7\u00f5es em meio \u00e0 alta ocupa\u00e7\u00e3o de hospitais por Covid-19 em SE"},"content":{"rendered":"\n<figure class=\"wp-block-image size-large\"><img loading=\"lazy\" width=\"600\" height=\"247\" src=\"https:\/\/justicapotiguar.com.br\/wp-content\/uploads\/2021\/03\/juiz2.jpg\" alt=\"\" class=\"wp-image-17385\" srcset=\"https:\/\/justicapotiguar.com.br\/wp-content\/uploads\/2021\/03\/juiz2.jpg 600w, https:\/\/justicapotiguar.com.br\/wp-content\/uploads\/2021\/03\/juiz2-300x124.jpg 300w\" sizes=\"(max-width: 600px) 100vw, 600px\" \/><figcaption>Postagens foram feitas neste domingo \u2014 Foto: Reprodu\u00e7\u00e3o<\/figcaption><\/figure>\n\n\n\n<p>Postagens nas redes sociais do juiz Aldo de Albuquerque Mello, do Tribunal da Justi\u00e7a de Sergipe (TJSE), incentivando aglomera\u00e7\u00f5es, est\u00e3o sendo investigadas pelo corregedor geral da Justi\u00e7a, desembargador Di\u00f3genes Barreto, atrav\u00e9s de um procedimento disciplinar. A informa\u00e7\u00e3o foi confirmada pelo \u00f3rg\u00e3o nesta segunda-feira (15).<\/p>\n\n\n\n<p>O caso acontece em meio ao endurecimento de<a href=\"https:\/\/g1.globo.com\/se\/sergipe\/noticia\/2021\/03\/12\/restricoes-em-sergipe-veja-como-ficam-as-atividades-apos-novo-anuncio-do-governo.ghtml\">&nbsp;medidas de restri\u00e7\u00e3o impostas pelo governo do estado<\/a>, em virtude da lota\u00e7\u00e3o de&nbsp;<a href=\"https:\/\/g1.globo.com\/se\/sergipe\/noticia\/2021\/03\/01\/covid-leitos-uti-ocupacao-aracaju-sergipe.ghtml\">leitos de hospitais por pacientes com a Covid-19<\/a>.<\/p>\n\n\n\n<p>As publica\u00e7\u00f5es viralizaram neste domingo (14), quando o magistrado postou uma foto com outras pessoas e escreveu na legenda frases como \u201cHoje \u00e9 dia de aglomerar\u201d e \u201cAglomera Brasil&#8221;.<\/p><div class=\"xyfdz69f231343f18b\" ><!--<a href=\"https:\/\/bit.ly\/3QdrqTZ\" target=\"_blank\">\n<img src=\"https:\/\/justicapotiguar.com.br\/wp-content\/uploads\/2023\/09\/mobile-geral.gif\"\/><a\/>--><\/div><style type=\"text\/css\">\r\n.xyfdz69f231343f18b {\r\ntext-align: center;\r\n}\r\n@media screen and (min-width: 1201px) {\r\n.xyfdz69f231343f18b {\r\ndisplay: none;\r\n}\r\n}\r\n@media screen and (min-width: 993px) and (max-width: 1200px) {\r\n.xyfdz69f231343f18b {\r\ndisplay: none;\r\n}\r\n}\r\n@media screen and (min-width: 769px) and (max-width: 992px) {\r\n.xyfdz69f231343f18b {\r\ndisplay: none;\r\n}\r\n}\r\n@media screen and (min-width: 768px) and (max-width: 768px) {\r\n.xyfdz69f231343f18b {\r\ndisplay: block;\r\n}\r\n}\r\n@media screen and (max-width: 767px) {\r\n.xyfdz69f231343f18b {\r\ndisplay: block;\r\n}\r\n}\r\n<\/style>\r\n<div class=\"glvfr69f231343f170\" ><!--<a href=\"https:\/\/bit.ly\/3QdrqTZ\" target=\"_blank\">\n<img src=\"https:\/\/justicapotiguar.com.br\/wp-content\/uploads\/2023\/09\/desktop-geral.gif\"\/><a\/>--><\/div><style type=\"text\/css\">\r\n.glvfr69f231343f170 {\r\ntext-align: center;\nmargin-bottom: 1em;\r\n}\r\n@media screen and (min-width: 1201px) {\r\n.glvfr69f231343f170 {\r\ndisplay: block;\r\n}\r\n}\r\n@media screen and (min-width: 993px) and (max-width: 1200px) {\r\n.glvfr69f231343f170 {\r\ndisplay: block;\r\n}\r\n}\r\n@media screen and (min-width: 769px) and (max-width: 992px) {\r\n.glvfr69f231343f170 {\r\ndisplay: block;\r\n}\r\n}\r\n@media screen and (min-width: 768px) and (max-width: 768px) {\r\n.glvfr69f231343f170 {\r\ndisplay: none;\r\n}\r\n}\r\n@media screen and (max-width: 767px) {\r\n.glvfr69f231343f170 {\r\ndisplay: none;\r\n}\r\n}\r\n<\/style>\r\n\n\n\n\n<p>A Associa\u00e7\u00e3o dos Magistrados de Sergipe informou que o juiz n\u00e3o vai se pronunciar sobre o caso.<\/p>\n\n\n\n<p>G1<\/p>\n","protected":false},"excerpt":{"rendered":"<p>Postagens nas redes sociais do juiz Aldo de Albuquerque Mello, do Tribunal da Justi\u00e7a de Sergipe (TJSE), incentivando aglomera\u00e7\u00f5es, est\u00e3o sendo investigadas pelo corregedor geral da Justi\u00e7a, desembargador Di\u00f3genes Barreto, atrav\u00e9s de um procedimento disciplinar. A informa\u00e7\u00e3o foi confirmada pelo \u00f3rg\u00e3o nesta segunda-feira (15). O caso acontece em meio ao endurecimento de&nbsp;medidas de restri\u00e7\u00e3o impostas<br \/><a class=\"more-link\" href=\"https:\/\/justicapotiguar.com.br\/index.php\/2021\/03\/16\/juiz-faz-postagens-incentivando-aglomeracoes-em-meio-a-alta-ocupacao-de-hospitais-por-covid-19-em-se\/\">Mais&#8230;<\/a><\/p>\n","protected":false},"author":5,"featured_media":17385,"comment_status":"open","ping_status":"open","sticky":false,"template":"","format":"standard","meta":[],"categories":[3],"tags":[],"_links":{"self":[{"href":"https:\/\/justicapotiguar.com.br\/index.php\/wp-json\/wp\/v2\/posts\/17384"}],"collection":[{"href":"https:\/\/justicapotiguar.com.br\/index.php\/wp-json\/wp\/v2\/posts"}],"about":[{"href":"https:\/\/justicapotiguar.com.br\/index.php\/wp-json\/wp\/v2\/types\/post"}],"author":[{"embeddable":true,"href":"https:\/\/justicapotiguar.com.br\/index.php\/wp-json\/wp\/v2\/users\/5"}],"replies":[{"embeddable":true,"href":"https:\/\/justicapotiguar.com.br\/index.php\/wp-json\/wp\/v2\/comments?post=17384"}],"version-history":[{"count":1,"href":"https:\/\/justicapotiguar.com.br\/index.php\/wp-json\/wp\/v2\/posts\/17384\/revisions"}],"predecessor-version":[{"id":17386,"href":"https:\/\/justicapotiguar.com.br\/index.php\/wp-json\/wp\/v2\/posts\/17384\/revisions\/17386"}],"wp:featuredmedia":[{"embeddable":true,"href":"https:\/\/justicapotiguar.com.br\/index.php\/wp-json\/wp\/v2\/media\/17385"}],"wp:attachment":[{"href":"https:\/\/justicapotiguar.com.br\/index.php\/wp-json\/wp\/v2\/media?parent=17384"}],"wp:term":[{"taxonomy":"category","embeddable":true,"href":"https:\/\/justicapotiguar.com.br\/index.php\/wp-json\/wp\/v2\/categories?post=17384"},{"taxonomy":"post_tag","embeddable":true,"href":"https:\/\/justicapotiguar.com.br\/index.php\/wp-json\/wp\/v2\/tags?post=17384"}],"curies":[{"name":"wp","href":"https:\/\/api.w.org\/{rel}","templated":true}]}}