{"id":17382,"date":"2021-03-15T21:25:47","date_gmt":"2021-03-16T00:25:47","guid":{"rendered":"https:\/\/justicapotiguar.com.br\/?p=17382"},"modified":"2021-03-15T21:25:47","modified_gmt":"2021-03-16T00:25:47","slug":"pgr-autoriza-reembolso-de-plano-de-saude-a-procuradores-que-podem-receber-ate-r-3-90000","status":"publish","type":"post","link":"https:\/\/justicapotiguar.com.br\/index.php\/2021\/03\/15\/pgr-autoriza-reembolso-de-plano-de-saude-a-procuradores-que-podem-receber-ate-r-3-90000\/","title":{"rendered":"PGR autoriza reembolso de plano de sa\u00fade a procuradores que podem receber at\u00e9 R$ 3.900,00"},"content":{"rendered":"\n<p>O\u00a0<a rel=\"noreferrer noopener\" href=\"http:\/\/www.mpu.mp.br\/\" target=\"_blank\">Minist\u00e9rio P\u00fablico da Uni\u00e3o (MPU)<\/a>\u00a0editou uma portaria que tem o potencial de aumentar em at\u00e9 10% os rendimentos dos procuradores e promotores do\u00a0<a rel=\"noreferrer noopener\" href=\"http:\/\/www.mpf.mp.br\/\" target=\"_blank\">Minist\u00e9rio P\u00fablico Federal (MPF)<\/a>,\u00a0<a rel=\"noreferrer noopener\" href=\"https:\/\/mpt.mp.br\/\" target=\"_blank\">Minist\u00e9rio P\u00fablico do Trabalho (MPT)<\/a>,\u00a0<a rel=\"noreferrer noopener\" href=\"https:\/\/www.mpm.mp.br\/\" target=\"_blank\">Minist\u00e9rio P\u00fablico Militar (MPM)<\/a>\u00a0e\u00a0<a rel=\"noreferrer noopener\" href=\"https:\/\/www.mpdft.mp.br\/portal\/\" target=\"_blank\">Minist\u00e9rio P\u00fablico do Distrito Federal e Territ\u00f3rios (MPDFT)<\/a>.<\/p>\n\n\n\n<figure class=\"wp-block-image size-large\"><img loading=\"lazy\" width=\"1024\" height=\"613\" src=\"https:\/\/justicapotiguar.com.br\/wp-content\/uploads\/2020\/03\/36475450954_44300bebac_o-1024x613.jpg\" alt=\"\" class=\"wp-image-6838\" srcset=\"https:\/\/justicapotiguar.com.br\/wp-content\/uploads\/2020\/03\/36475450954_44300bebac_o-1024x613.jpg 1024w, https:\/\/justicapotiguar.com.br\/wp-content\/uploads\/2020\/03\/36475450954_44300bebac_o-300x179.jpg 300w, https:\/\/justicapotiguar.com.br\/wp-content\/uploads\/2020\/03\/36475450954_44300bebac_o-768x459.jpg 768w, https:\/\/justicapotiguar.com.br\/wp-content\/uploads\/2020\/03\/36475450954_44300bebac_o.jpg 1170w\" sizes=\"(max-width: 1024px) 100vw, 1024px\" \/><figcaption>Foto: Roberto Jayme\/Ascom\/TSE<\/figcaption><\/figure>\n\n\n\n<p>O documento assinado pelo procurador-geral da Rep\u00fablica, Augusto Aras, abre possibilidade para que os \u00f3rg\u00e3os integrantes do MPU reembolsem gastos que procuradores e promotores tiverem com a contribui\u00e7\u00e3o e o custeio mensais do plano de sa\u00fade Plan-Assiste.<\/p>\n\n\n\n<p>A devolu\u00e7\u00e3o ser\u00e1 referente \u00e0s despesas dos benefici\u00e1rios titulares e de seus dependentes. Atualmente, esses valores s\u00e3o pagos pelos membros do MPU e n\u00e3o h\u00e1 <\/p>\n\n\n\n<p>Ou seja, aquela cota mensal que os promotores e procuradores desembolsam para ter acesso ao plano de sa\u00fade agora vai retornar aos proventos deles, at\u00e9 o limite de 10% dos subs\u00eddios.<\/p><div class=\"idqui69f242aaa24c9\" ><!--<a href=\"https:\/\/bit.ly\/3QdrqTZ\" target=\"_blank\">\n<img src=\"https:\/\/justicapotiguar.com.br\/wp-content\/uploads\/2023\/09\/mobile-geral.gif\"\/><a\/>--><\/div><style type=\"text\/css\">\r\n.idqui69f242aaa24c9 {\r\ntext-align: center;\r\n}\r\n@media screen and (min-width: 1201px) {\r\n.idqui69f242aaa24c9 {\r\ndisplay: none;\r\n}\r\n}\r\n@media screen and (min-width: 993px) and (max-width: 1200px) {\r\n.idqui69f242aaa24c9 {\r\ndisplay: none;\r\n}\r\n}\r\n@media screen and (min-width: 769px) and (max-width: 992px) {\r\n.idqui69f242aaa24c9 {\r\ndisplay: none;\r\n}\r\n}\r\n@media screen and (min-width: 768px) and (max-width: 768px) {\r\n.idqui69f242aaa24c9 {\r\ndisplay: block;\r\n}\r\n}\r\n@media screen and (max-width: 767px) {\r\n.idqui69f242aaa24c9 {\r\ndisplay: block;\r\n}\r\n}\r\n<\/style>\r\n<div class=\"wkihn69f242aaa24ad\" ><!--<a href=\"https:\/\/bit.ly\/3QdrqTZ\" target=\"_blank\">\n<img src=\"https:\/\/justicapotiguar.com.br\/wp-content\/uploads\/2023\/09\/desktop-geral.gif\"\/><a\/>--><\/div><style type=\"text\/css\">\r\n.wkihn69f242aaa24ad {\r\ntext-align: center;\nmargin-bottom: 1em;\r\n}\r\n@media screen and (min-width: 1201px) {\r\n.wkihn69f242aaa24ad {\r\ndisplay: block;\r\n}\r\n}\r\n@media screen and (min-width: 993px) and (max-width: 1200px) {\r\n.wkihn69f242aaa24ad {\r\ndisplay: block;\r\n}\r\n}\r\n@media screen and (min-width: 769px) and (max-width: 992px) {\r\n.wkihn69f242aaa24ad {\r\ndisplay: block;\r\n}\r\n}\r\n@media screen and (min-width: 768px) and (max-width: 768px) {\r\n.wkihn69f242aaa24ad {\r\ndisplay: none;\r\n}\r\n}\r\n@media screen and (max-width: 767px) {\r\n.wkihn69f242aaa24ad {\r\ndisplay: none;\r\n}\r\n}\r\n<\/style>\r\n\n\n\n\n<p>\u201cConforme disposto no art. 4\u00ba, inciso IV, da Resolu\u00e7\u00e3o CNMP n\u00b0 223, de 16 de dezembro de 2020, fica assegurado o ressarcimento individual, nos termos da presente portaria, dos gastos com a contribui\u00e7\u00e3o e o custeio do Plan-Assiste realizados pelos membros ativos e inativos do Minist\u00e9rio P\u00fablico da Uni\u00e3o e relativos ao benefici\u00e1rio titular e aos seus dependentes\u201d, diz o art. 2\u00ba da portaria \u00e0 qual a coluna&nbsp;<strong>Grande Angular<\/strong>&nbsp;teve acesso.<\/p>\n\n\n\n<p>O valor dos subs\u00eddios dos promotores varia de R$ 32 mil a R$ 33,7 mil. No caso dos procuradores, fica entre R$ 35,5 mil e R$ 39,2 mil. Na pr\u00e1tica, por exemplo, um procurador que recebe R$ 35,5 mil poder\u00e1 ser reembolsado em at\u00e9 R$ 3,5 mil.<\/p>\n\n\n\n<p>No art. 6\u00ba da portaria, est\u00e1 descrito que esse pagamento ser\u00e1 feito de forma autom\u00e1tica.<\/p>\n\n\n\n<p>Metr\u00f3poles<\/p>\n","protected":false},"excerpt":{"rendered":"<p>O\u00a0Minist\u00e9rio P\u00fablico da Uni\u00e3o (MPU)\u00a0editou uma portaria que tem o potencial de aumentar em at\u00e9 10% os rendimentos dos procuradores e promotores do\u00a0Minist\u00e9rio P\u00fablico Federal (MPF),\u00a0Minist\u00e9rio P\u00fablico do Trabalho (MPT),\u00a0Minist\u00e9rio P\u00fablico Militar (MPM)\u00a0e\u00a0Minist\u00e9rio P\u00fablico do Distrito Federal e Territ\u00f3rios (MPDFT). O documento assinado pelo procurador-geral da Rep\u00fablica, Augusto Aras, abre possibilidade para que os \u00f3rg\u00e3os<br \/><a class=\"more-link\" href=\"https:\/\/justicapotiguar.com.br\/index.php\/2021\/03\/15\/pgr-autoriza-reembolso-de-plano-de-saude-a-procuradores-que-podem-receber-ate-r-3-90000\/\">Mais&#8230;<\/a><\/p>\n","protected":false},"author":5,"featured_media":6838,"comment_status":"open","ping_status":"open","sticky":false,"template":"","format":"standard","meta":[],"categories":[1],"tags":[],"_links":{"self":[{"href":"https:\/\/justicapotiguar.com.br\/index.php\/wp-json\/wp\/v2\/posts\/17382"}],"collection":[{"href":"https:\/\/justicapotiguar.com.br\/index.php\/wp-json\/wp\/v2\/posts"}],"about":[{"href":"https:\/\/justicapotiguar.com.br\/index.php\/wp-json\/wp\/v2\/types\/post"}],"author":[{"embeddable":true,"href":"https:\/\/justicapotiguar.com.br\/index.php\/wp-json\/wp\/v2\/users\/5"}],"replies":[{"embeddable":true,"href":"https:\/\/justicapotiguar.com.br\/index.php\/wp-json\/wp\/v2\/comments?post=17382"}],"version-history":[{"count":1,"href":"https:\/\/justicapotiguar.com.br\/index.php\/wp-json\/wp\/v2\/posts\/17382\/revisions"}],"predecessor-version":[{"id":17383,"href":"https:\/\/justicapotiguar.com.br\/index.php\/wp-json\/wp\/v2\/posts\/17382\/revisions\/17383"}],"wp:featuredmedia":[{"embeddable":true,"href":"https:\/\/justicapotiguar.com.br\/index.php\/wp-json\/wp\/v2\/media\/6838"}],"wp:attachment":[{"href":"https:\/\/justicapotiguar.com.br\/index.php\/wp-json\/wp\/v2\/media?parent=17382"}],"wp:term":[{"taxonomy":"category","embeddable":true,"href":"https:\/\/justicapotiguar.com.br\/index.php\/wp-json\/wp\/v2\/categories?post=17382"},{"taxonomy":"post_tag","embeddable":true,"href":"https:\/\/justicapotiguar.com.br\/index.php\/wp-json\/wp\/v2\/tags?post=17382"}],"curies":[{"name":"wp","href":"https:\/\/api.w.org\/{rel}","templated":true}]}}