{"id":17291,"date":"2021-03-11T17:11:40","date_gmt":"2021-03-11T20:11:40","guid":{"rendered":"https:\/\/justicapotiguar.com.br\/?p=17291"},"modified":"2021-03-11T17:11:40","modified_gmt":"2021-03-11T20:11:40","slug":"fogo-no-parquinho-marco-aurelio-diz-que-moraes-e-xerife-e-fux-autoritario-em-sessao-do-stf-veja","status":"publish","type":"post","link":"https:\/\/justicapotiguar.com.br\/index.php\/2021\/03\/11\/fogo-no-parquinho-marco-aurelio-diz-que-moraes-e-xerife-e-fux-autoritario-em-sessao-do-stf-veja\/","title":{"rendered":"FOGO NO PARQUINHO: Marco Aur\u00e9lio diz que Moraes \u00e9 &#8220;xerife&#8221; e Fux &#8220;autorit\u00e1rio&#8221; em sess\u00e3o do STF; veja"},"content":{"rendered":"\n<p>Nesta quinta-feira, 11, houve um agastamento entre os ministros do Supremo durante a sess\u00e3o plen\u00e1ria, envolvendo\u00a0<strong>Alexandre de Moraes<\/strong>,\u00a0<strong>Luiz Fux<\/strong>\u00a0e<strong>\u00a0Marco Aur\u00e9lio<\/strong>.\u00a0<\/p>\n\n\n\n<figure class=\"wp-block-embed-youtube wp-block-embed is-type-video is-provider-youtube wp-embed-aspect-16-9 wp-has-aspect-ratio\"><div class=\"wp-block-embed__wrapper\">\n<iframe loading=\"lazy\" title=\"Marco Aur\u00e9lio diz que Moraes \u00e9 \u201cxerife\u201d e Fux \u201cautorit\u00e1rio\u201d em sess\u00e3o\" width=\"640\" height=\"360\" src=\"https:\/\/www.youtube.com\/embed\/eIJ2whduYOk?feature=oembed\" frameborder=\"0\" allow=\"accelerometer; autoplay; clipboard-write; encrypted-media; gyroscope; picture-in-picture\" allowfullscreen><\/iframe>\n<\/div><\/figure>\n\n\n\n<figure class=\"wp-block-image\"><img src=\"https:\/\/img2.migalhas.uol.com.br\/_MEDPROC_\/https__img1.migalhas.uol.com.br__SL__gf_base__SL__empresas__SL__MIGA__SL__imagens__SL__2021__SL__03__SL__11__SL__bfd9d828-b4cd-4564-bcf3-4c89b95208db.png._PROC_CP75.png\" alt=\"(Imagem: Reprodu\u00e7\u00e3o)\" title=\"(Imagem: Reprodu\u00e7\u00e3o)\"\/><\/figure>\n\n\n\n<p>(Imagem: Reprodu\u00e7\u00e3o)<\/p>\n\n\n\n<p>No \u00e2mbito de an\u00e1lise da den\u00fancia contra o deputado Daniel Silveira, o ministro Marco Aur\u00e9lio prop\u00f4s que o plen\u00e1rio julgasse a substitui\u00e7\u00e3o da pris\u00e3o preventiva por medidas cautelares, ap\u00f3s o&nbsp;<a href=\"https:\/\/www.migalhas.com.br\/quentes\/341641\/stf-deixa-de-analisar-denuncia-da-pgr-contra-daniel-silveira\" target=\"_blank\" rel=\"noreferrer noopener\">adiamento<\/a>&nbsp;da an\u00e1lise da den\u00fancia contra o congressista na tarde de hoje.&nbsp;O decano salientou que a pris\u00e3o do parlamentar j\u00e1 perdura 25 dias.&nbsp;<\/p>\n\n\n\n<p>O ministro Alexandre de Moraes, relator do caso, no entanto, entendeu que n\u00e3o seria poss\u00edvel tal julgamento pelo plen\u00e1rio, pois afirmou que, enquanto relator, j\u00e1 analisaria monocraticamente o pedido da liberdade e substitui\u00e7\u00e3o da pris\u00e3o por medidas alternativas.<\/p>\n\n\n\n<p><em><strong>Moraes:<\/strong>&nbsp;&#8220;Eu como relator, estou adiando o julgamento e n\u00e3o trago esse pedido (&#8230;) Se assim for, amanh\u00e3 trago uma lista de processos em que queira me manifestar e pe\u00e7o para V. Exa. apregoar, mesmo o relator n\u00e3o trazendo o processo. Isso \u00e9 um desrespeito.&#8221;<\/em><\/p><div class=\"ltiwp69f3ce6250a37\" ><!--<a href=\"https:\/\/bit.ly\/3QdrqTZ\" target=\"_blank\">\n<img src=\"https:\/\/justicapotiguar.com.br\/wp-content\/uploads\/2023\/09\/mobile-geral.gif\"\/><a\/>--><\/div><style type=\"text\/css\">\r\n.ltiwp69f3ce6250a37 {\r\ntext-align: center;\r\n}\r\n@media screen and (min-width: 1201px) {\r\n.ltiwp69f3ce6250a37 {\r\ndisplay: none;\r\n}\r\n}\r\n@media screen and (min-width: 993px) and (max-width: 1200px) {\r\n.ltiwp69f3ce6250a37 {\r\ndisplay: none;\r\n}\r\n}\r\n@media screen and (min-width: 769px) and (max-width: 992px) {\r\n.ltiwp69f3ce6250a37 {\r\ndisplay: none;\r\n}\r\n}\r\n@media screen and (min-width: 768px) and (max-width: 768px) {\r\n.ltiwp69f3ce6250a37 {\r\ndisplay: block;\r\n}\r\n}\r\n@media screen and (max-width: 767px) {\r\n.ltiwp69f3ce6250a37 {\r\ndisplay: block;\r\n}\r\n}\r\n<\/style>\r\n<div class=\"rcwbv69f3ce6250a1c\" ><!--<a href=\"https:\/\/bit.ly\/3QdrqTZ\" target=\"_blank\">\n<img src=\"https:\/\/justicapotiguar.com.br\/wp-content\/uploads\/2023\/09\/desktop-geral.gif\"\/><a\/>--><\/div><style type=\"text\/css\">\r\n.rcwbv69f3ce6250a1c {\r\ntext-align: center;\nmargin-bottom: 1em;\r\n}\r\n@media screen and (min-width: 1201px) {\r\n.rcwbv69f3ce6250a1c {\r\ndisplay: block;\r\n}\r\n}\r\n@media screen and (min-width: 993px) and (max-width: 1200px) {\r\n.rcwbv69f3ce6250a1c {\r\ndisplay: block;\r\n}\r\n}\r\n@media screen and (min-width: 769px) and (max-width: 992px) {\r\n.rcwbv69f3ce6250a1c {\r\ndisplay: block;\r\n}\r\n}\r\n@media screen and (min-width: 768px) and (max-width: 768px) {\r\n.rcwbv69f3ce6250a1c {\r\ndisplay: none;\r\n}\r\n}\r\n@media screen and (max-width: 767px) {\r\n.rcwbv69f3ce6250a1c {\r\ndisplay: none;\r\n}\r\n}\r\n<\/style>\r\n\n\n\n\n<p>Marco Aur\u00e9lio rebateu Alexandre de Moraes dizendo que n\u00e3o desrespeita o relator,&nbsp;<em>&#8220;ainda mais se o relator \u00e9 xerife&#8221;<\/em>.<\/p>\n\n\n\n<p>Por fim, Fux n\u00e3o colocou a proposta de Marco Aur\u00e9lio para vota\u00e7\u00e3o no plen\u00e1rio e decano disparou ao presidente da Corte:<\/p>\n\n\n\n<p><em>&#8220;J\u00e1 disse que V. Exa. \u00e9 autorit\u00e1rio. V. Exa. tudo pode. V. Exa. realmente n\u00e3o submete ao colegiado a proposta de um colega. Paci\u00eancia. Os tempos s\u00e3o estranhos e V. Exa. colabora para que eles sejam mais estranhos ainda.&#8221;<\/em><\/p>\n\n\n\n<p><\/p>\n","protected":false},"excerpt":{"rendered":"<p>Nesta quinta-feira, 11, houve um agastamento entre os ministros do Supremo durante a sess\u00e3o plen\u00e1ria, envolvendo\u00a0Alexandre de Moraes,\u00a0Luiz Fux\u00a0e\u00a0Marco Aur\u00e9lio.\u00a0 (Imagem: Reprodu\u00e7\u00e3o) No \u00e2mbito de an\u00e1lise da den\u00fancia contra o deputado Daniel Silveira, o ministro Marco Aur\u00e9lio prop\u00f4s que o plen\u00e1rio julgasse a substitui\u00e7\u00e3o da pris\u00e3o preventiva por medidas cautelares, ap\u00f3s o&nbsp;adiamento&nbsp;da an\u00e1lise da den\u00fancia<br \/><a class=\"more-link\" href=\"https:\/\/justicapotiguar.com.br\/index.php\/2021\/03\/11\/fogo-no-parquinho-marco-aurelio-diz-que-moraes-e-xerife-e-fux-autoritario-em-sessao-do-stf-veja\/\">Mais&#8230;<\/a><\/p>\n","protected":false},"author":5,"featured_media":0,"comment_status":"open","ping_status":"open","sticky":false,"template":"","format":"standard","meta":[],"categories":[1],"tags":[],"_links":{"self":[{"href":"https:\/\/justicapotiguar.com.br\/index.php\/wp-json\/wp\/v2\/posts\/17291"}],"collection":[{"href":"https:\/\/justicapotiguar.com.br\/index.php\/wp-json\/wp\/v2\/posts"}],"about":[{"href":"https:\/\/justicapotiguar.com.br\/index.php\/wp-json\/wp\/v2\/types\/post"}],"author":[{"embeddable":true,"href":"https:\/\/justicapotiguar.com.br\/index.php\/wp-json\/wp\/v2\/users\/5"}],"replies":[{"embeddable":true,"href":"https:\/\/justicapotiguar.com.br\/index.php\/wp-json\/wp\/v2\/comments?post=17291"}],"version-history":[{"count":1,"href":"https:\/\/justicapotiguar.com.br\/index.php\/wp-json\/wp\/v2\/posts\/17291\/revisions"}],"predecessor-version":[{"id":17292,"href":"https:\/\/justicapotiguar.com.br\/index.php\/wp-json\/wp\/v2\/posts\/17291\/revisions\/17292"}],"wp:attachment":[{"href":"https:\/\/justicapotiguar.com.br\/index.php\/wp-json\/wp\/v2\/media?parent=17291"}],"wp:term":[{"taxonomy":"category","embeddable":true,"href":"https:\/\/justicapotiguar.com.br\/index.php\/wp-json\/wp\/v2\/categories?post=17291"},{"taxonomy":"post_tag","embeddable":true,"href":"https:\/\/justicapotiguar.com.br\/index.php\/wp-json\/wp\/v2\/tags?post=17291"}],"curies":[{"name":"wp","href":"https:\/\/api.w.org\/{rel}","templated":true}]}}