{"id":1729,"date":"2019-09-03T11:45:35","date_gmt":"2019-09-03T14:45:35","guid":{"rendered":"https:\/\/justicapotiguar.com.br\/?p=1729"},"modified":"2019-09-03T09:47:13","modified_gmt":"2019-09-03T12:47:13","slug":"atendente-de-empresa-aerea-obtem-ressarcimento-por-despesas-com-maquiagem-e-manicure","status":"publish","type":"post","link":"https:\/\/justicapotiguar.com.br\/index.php\/2019\/09\/03\/atendente-de-empresa-aerea-obtem-ressarcimento-por-despesas-com-maquiagem-e-manicure\/","title":{"rendered":"Atendente de empresa a\u00e9rea obt\u00e9m ressarcimento por despesas com maquiagem e manicure"},"content":{"rendered":"\n<figure class=\"wp-block-image\"><img loading=\"lazy\" width=\"1024\" height=\"922\" src=\"https:\/\/justicapotiguar.com.br\/wp-content\/uploads\/2019\/09\/adesivo-maquiagem-manicure-batom-j215-adesivo-estetica-1024x922.jpg\" alt=\"\" class=\"wp-image-1730\" srcset=\"https:\/\/justicapotiguar.com.br\/wp-content\/uploads\/2019\/09\/adesivo-maquiagem-manicure-batom-j215-adesivo-estetica-1024x922.jpg 1024w, https:\/\/justicapotiguar.com.br\/wp-content\/uploads\/2019\/09\/adesivo-maquiagem-manicure-batom-j215-adesivo-estetica-300x270.jpg 300w, https:\/\/justicapotiguar.com.br\/wp-content\/uploads\/2019\/09\/adesivo-maquiagem-manicure-batom-j215-adesivo-estetica-768x692.jpg 768w, https:\/\/justicapotiguar.com.br\/wp-content\/uploads\/2019\/09\/adesivo-maquiagem-manicure-batom-j215-adesivo-estetica.jpg 1200w\" sizes=\"(max-width: 1024px) 100vw, 1024px\" \/><figcaption>Foto: Reprodu\u00e7\u00e3o<\/figcaption><\/figure>\n\n\n\n<p>A VRG Linhas A\u00e9reas (Gol) dever\u00e1 ressarcir as despesas de uma comiss\u00e1ria de bordo com medidas necess\u00e1rias a sua apresenta\u00e7\u00e3o pessoal. Para a Segunda Turma do Tribunal Superior do Trabalho, se a empresa determina especificamente como deve ser a apresenta\u00e7\u00e3o de suas empregadas e exige que elas se apresentem maquiadas e com unhas pintadas, a despesa realizada com tais procedimentos deve ser ressarcida.<\/p>\n\n\n\n<p><strong>Manual<\/strong><\/p>\n\n\n\n<p>Na reclama\u00e7\u00e3o trabalhista, a empregada disse que havia sido contratada como auxiliar de aeroporto e atuava nas tarefas de anfitri\u00e3, servi\u00e7o de atendimento especial, conex\u00e3o, embarque, desembarque e servi\u00e7o de bagagem no Aeroporto de Florian\u00f3polis. Segundo ela, a Gol tem um manual de apresenta\u00e7\u00e3o pessoal, que disciplina o uso de maquiagem e o tratamento das unhas das m\u00e3os, cobrado das empregadas como indispens\u00e1vel.<\/p>\n\n\n\n<p>O ju\u00edzo da 3\u00aa Vara do Trabalho de Florian\u00f3polis entendeu ser devido o ressarcimento e arbitrou o valor de todos os gastos (manicure semanal, depila\u00e7\u00e3o de sobrancelhas mensal e compras regulares de maquiagem) em R$ 100 por m\u00eas durante todo o contrato de trabalho. O Tribunal Regional da 12\u00aa Regi\u00e3o (SC) manteve a condena\u00e7\u00e3o, por entender que ficou demonstrado que a empresa tinha exig\u00eancias especiais para a apresenta\u00e7\u00e3o de suas empregadas e fazia a verifica\u00e7\u00e3o em todo in\u00edcio de jornada, para ver se as mulheres estavam maquiadas e com as unhas arrumadas.<\/p>\n\n\n\n<p><strong>Prova<\/strong><\/p><div class=\"uioia69eea8dc2fe7d\" ><!--<a href=\"https:\/\/bit.ly\/3QdrqTZ\" target=\"_blank\">\n<img src=\"https:\/\/justicapotiguar.com.br\/wp-content\/uploads\/2023\/09\/mobile-geral.gif\"\/><a\/>--><\/div><style type=\"text\/css\">\r\n.uioia69eea8dc2fe7d {\r\ntext-align: center;\r\n}\r\n@media screen and (min-width: 1201px) {\r\n.uioia69eea8dc2fe7d {\r\ndisplay: none;\r\n}\r\n}\r\n@media screen and (min-width: 993px) and (max-width: 1200px) {\r\n.uioia69eea8dc2fe7d {\r\ndisplay: none;\r\n}\r\n}\r\n@media screen and (min-width: 769px) and (max-width: 992px) {\r\n.uioia69eea8dc2fe7d {\r\ndisplay: none;\r\n}\r\n}\r\n@media screen and (min-width: 768px) and (max-width: 768px) {\r\n.uioia69eea8dc2fe7d {\r\ndisplay: block;\r\n}\r\n}\r\n@media screen and (max-width: 767px) {\r\n.uioia69eea8dc2fe7d {\r\ndisplay: block;\r\n}\r\n}\r\n<\/style>\r\n<div class=\"rxnqj69eea8dc2fe68\" ><!--<a href=\"https:\/\/bit.ly\/3QdrqTZ\" target=\"_blank\">\n<img src=\"https:\/\/justicapotiguar.com.br\/wp-content\/uploads\/2023\/09\/desktop-geral.gif\"\/><a\/>--><\/div><style type=\"text\/css\">\r\n.rxnqj69eea8dc2fe68 {\r\ntext-align: center;\nmargin-bottom: 1em;\r\n}\r\n@media screen and (min-width: 1201px) {\r\n.rxnqj69eea8dc2fe68 {\r\ndisplay: block;\r\n}\r\n}\r\n@media screen and (min-width: 993px) and (max-width: 1200px) {\r\n.rxnqj69eea8dc2fe68 {\r\ndisplay: block;\r\n}\r\n}\r\n@media screen and (min-width: 769px) and (max-width: 992px) {\r\n.rxnqj69eea8dc2fe68 {\r\ndisplay: block;\r\n}\r\n}\r\n@media screen and (min-width: 768px) and (max-width: 768px) {\r\n.rxnqj69eea8dc2fe68 {\r\ndisplay: none;\r\n}\r\n}\r\n@media screen and (max-width: 767px) {\r\n.rxnqj69eea8dc2fe68 {\r\ndisplay: none;\r\n}\r\n}\r\n<\/style>\r\n\n\n\n\n<p>No recurso de revista, a companhia a\u00e9rea negou que exigisse que servi\u00e7os de manicure e depila\u00e7\u00e3o fossem realizados em sal\u00e3o de beleza e afirmou n\u00e3o haver prova de que a empregada utilizasse maquiagem de valores elevados e unicamente para o trabalho, \u201cquanto mais com validade de um m\u00eas\u201d. Segundo a Gol, a obriga\u00e7\u00e3o prevista em lei se resume ao uniforme de uso comum.<\/p>\n\n\n\n<p><strong>Exig\u00eancia<\/strong><\/p>\n\n\n\n<p>A relatora, ministra Dela\u00edde Miranda Arantes, observou que os gastos da empregada beneficiam o empregador, \u201cque aumenta seu prest\u00edgio junto aos consumidores por meio da imagem transmitida pelos funcion\u00e1rios\u201d. Na avalia\u00e7\u00e3o da ministra, havendo exig\u00eancia da empresa de determinada forma de apresenta\u00e7\u00e3o de seus empregados que demande o disp\u00eandio de custos pr\u00f3prios, tais valores devem ser ressarcidos.<\/p>\n\n\n\n<p>A decis\u00e3o foi un\u00e2nime.<\/p>\n\n\n\n<p><strong>TST<\/strong><\/p>\n","protected":false},"excerpt":{"rendered":"<p>O ju\u00edzo da 3\u00aa Vara do Trabalho de Florian\u00f3polis entendeu ser devido o ressarcimento e arbitrou o valor de todos os gastos <br \/><a class=\"more-link\" href=\"https:\/\/justicapotiguar.com.br\/index.php\/2019\/09\/03\/atendente-de-empresa-aerea-obtem-ressarcimento-por-despesas-com-maquiagem-e-manicure\/\">Mais&#8230;<\/a><\/p>\n","protected":false},"author":5,"featured_media":1730,"comment_status":"open","ping_status":"open","sticky":false,"template":"","format":"standard","meta":[],"categories":[3],"tags":[],"_links":{"self":[{"href":"https:\/\/justicapotiguar.com.br\/index.php\/wp-json\/wp\/v2\/posts\/1729"}],"collection":[{"href":"https:\/\/justicapotiguar.com.br\/index.php\/wp-json\/wp\/v2\/posts"}],"about":[{"href":"https:\/\/justicapotiguar.com.br\/index.php\/wp-json\/wp\/v2\/types\/post"}],"author":[{"embeddable":true,"href":"https:\/\/justicapotiguar.com.br\/index.php\/wp-json\/wp\/v2\/users\/5"}],"replies":[{"embeddable":true,"href":"https:\/\/justicapotiguar.com.br\/index.php\/wp-json\/wp\/v2\/comments?post=1729"}],"version-history":[{"count":1,"href":"https:\/\/justicapotiguar.com.br\/index.php\/wp-json\/wp\/v2\/posts\/1729\/revisions"}],"predecessor-version":[{"id":1731,"href":"https:\/\/justicapotiguar.com.br\/index.php\/wp-json\/wp\/v2\/posts\/1729\/revisions\/1731"}],"wp:featuredmedia":[{"embeddable":true,"href":"https:\/\/justicapotiguar.com.br\/index.php\/wp-json\/wp\/v2\/media\/1730"}],"wp:attachment":[{"href":"https:\/\/justicapotiguar.com.br\/index.php\/wp-json\/wp\/v2\/media?parent=1729"}],"wp:term":[{"taxonomy":"category","embeddable":true,"href":"https:\/\/justicapotiguar.com.br\/index.php\/wp-json\/wp\/v2\/categories?post=1729"},{"taxonomy":"post_tag","embeddable":true,"href":"https:\/\/justicapotiguar.com.br\/index.php\/wp-json\/wp\/v2\/tags?post=1729"}],"curies":[{"name":"wp","href":"https:\/\/api.w.org\/{rel}","templated":true}]}}