{"id":17286,"date":"2021-03-11T15:09:10","date_gmt":"2021-03-11T18:09:10","guid":{"rendered":"https:\/\/justicapotiguar.com.br\/?p=17286"},"modified":"2021-03-11T15:09:10","modified_gmt":"2021-03-11T18:09:10","slug":"tre-rn-absolve-ministro-fabio-faria-de-acusacao-de-captacao-ilicita-de-recursos","status":"publish","type":"post","link":"https:\/\/justicapotiguar.com.br\/index.php\/2021\/03\/11\/tre-rn-absolve-ministro-fabio-faria-de-acusacao-de-captacao-ilicita-de-recursos\/","title":{"rendered":"TRE-RN absolve ministro F\u00e1bio Faria de acusa\u00e7\u00e3o de capta\u00e7\u00e3o il\u00edcita de recursos"},"content":{"rendered":"\n<p>Na tarde desta quinta-feira, 11, os ju\u00edzes e desembargadores do Tribunal Regional Eleitoral &#8211; TRE\/RN, por unanimidade, absolveram F\u00e1bio Faria, atual ministro das Comunica\u00e7\u00f5es, da acusa\u00e7\u00e3o de capta\u00e7\u00e3o ilegal de recursos durante a campanha de 2018 para o cargo de deputado federal. <\/p>\n\n\n\n<figure class=\"wp-block-image size-large\"><img loading=\"lazy\" width=\"680\" height=\"453\" src=\"https:\/\/justicapotiguar.com.br\/wp-content\/uploads\/2021\/03\/fabio.gif\" alt=\"\" class=\"wp-image-17287\"\/><figcaption>Adriano Machado\/Reuters<\/figcaption><\/figure>\n\n\n\n<p>A a\u00e7\u00e3o havia sido proposta pelo Minist\u00e9rio P\u00fablico Eleitoral e acusava o ministro de ter captado recursos de forma ilegal, atrav\u00e9s de um caf\u00e9 da manh\u00e3 em que simpatizantes da campanha aderiam ao pagamento de uma senha, no valor de R$ 2.000,00 (dois mil reais). <\/p><div class=\"fxupa69f25055aab17\" ><!--<a href=\"https:\/\/bit.ly\/3QdrqTZ\" target=\"_blank\">\n<img src=\"https:\/\/justicapotiguar.com.br\/wp-content\/uploads\/2023\/09\/mobile-geral.gif\"\/><a\/>--><\/div><style type=\"text\/css\">\r\n.fxupa69f25055aab17 {\r\ntext-align: center;\r\n}\r\n@media screen and (min-width: 1201px) {\r\n.fxupa69f25055aab17 {\r\ndisplay: none;\r\n}\r\n}\r\n@media screen and (min-width: 993px) and (max-width: 1200px) {\r\n.fxupa69f25055aab17 {\r\ndisplay: none;\r\n}\r\n}\r\n@media screen and (min-width: 769px) and (max-width: 992px) {\r\n.fxupa69f25055aab17 {\r\ndisplay: none;\r\n}\r\n}\r\n@media screen and (min-width: 768px) and (max-width: 768px) {\r\n.fxupa69f25055aab17 {\r\ndisplay: block;\r\n}\r\n}\r\n@media screen and (max-width: 767px) {\r\n.fxupa69f25055aab17 {\r\ndisplay: block;\r\n}\r\n}\r\n<\/style>\r\n<div class=\"dieym69f25055aab01\" ><!--<a href=\"https:\/\/bit.ly\/3QdrqTZ\" target=\"_blank\">\n<img src=\"https:\/\/justicapotiguar.com.br\/wp-content\/uploads\/2023\/09\/desktop-geral.gif\"\/><a\/>--><\/div><style type=\"text\/css\">\r\n.dieym69f25055aab01 {\r\ntext-align: center;\nmargin-bottom: 1em;\r\n}\r\n@media screen and (min-width: 1201px) {\r\n.dieym69f25055aab01 {\r\ndisplay: block;\r\n}\r\n}\r\n@media screen and (min-width: 993px) and (max-width: 1200px) {\r\n.dieym69f25055aab01 {\r\ndisplay: block;\r\n}\r\n}\r\n@media screen and (min-width: 769px) and (max-width: 992px) {\r\n.dieym69f25055aab01 {\r\ndisplay: block;\r\n}\r\n}\r\n@media screen and (min-width: 768px) and (max-width: 768px) {\r\n.dieym69f25055aab01 {\r\ndisplay: none;\r\n}\r\n}\r\n@media screen and (max-width: 767px) {\r\n.dieym69f25055aab01 {\r\ndisplay: none;\r\n}\r\n}\r\n<\/style>\r\n\n\n\n\n<p>Inicialmente o Minist\u00e9rio P\u00fablico entendeu que algumas pessoas que adquiriram a senha n\u00e3o teriam renda suficiente para a ades\u00e3o. Todavia, ap\u00f3s longa instru\u00e7\u00e3o processual restou provado que todas as pessoas que adquiriram as senhas para o caf\u00e9 da manh\u00e3 tinham renda suficiente para participar do evento que visava arrecadar fundos para a campanha. O pr\u00f3prio Minist\u00e9rio P\u00fablico, autor da a\u00e7\u00e3o, pediu a absolvi\u00e7\u00e3o de F\u00e1bio Faria. A defesa do ministro coube ao advogado Felipe Cortez<\/p>\n","protected":false},"excerpt":{"rendered":"<p>Na tarde desta quinta-feira, 11, os ju\u00edzes e desembargadores do Tribunal Regional Eleitoral &#8211; TRE\/RN, por unanimidade, absolveram F\u00e1bio Faria, atual ministro das Comunica\u00e7\u00f5es, da acusa\u00e7\u00e3o de capta\u00e7\u00e3o ilegal de recursos durante a campanha de 2018 para o cargo de deputado federal. A a\u00e7\u00e3o havia sido proposta pelo Minist\u00e9rio P\u00fablico Eleitoral e acusava o ministro<br \/><a class=\"more-link\" href=\"https:\/\/justicapotiguar.com.br\/index.php\/2021\/03\/11\/tre-rn-absolve-ministro-fabio-faria-de-acusacao-de-captacao-ilicita-de-recursos\/\">Mais&#8230;<\/a><\/p>\n","protected":false},"author":5,"featured_media":17287,"comment_status":"open","ping_status":"open","sticky":false,"template":"","format":"standard","meta":[],"categories":[3],"tags":[],"_links":{"self":[{"href":"https:\/\/justicapotiguar.com.br\/index.php\/wp-json\/wp\/v2\/posts\/17286"}],"collection":[{"href":"https:\/\/justicapotiguar.com.br\/index.php\/wp-json\/wp\/v2\/posts"}],"about":[{"href":"https:\/\/justicapotiguar.com.br\/index.php\/wp-json\/wp\/v2\/types\/post"}],"author":[{"embeddable":true,"href":"https:\/\/justicapotiguar.com.br\/index.php\/wp-json\/wp\/v2\/users\/5"}],"replies":[{"embeddable":true,"href":"https:\/\/justicapotiguar.com.br\/index.php\/wp-json\/wp\/v2\/comments?post=17286"}],"version-history":[{"count":1,"href":"https:\/\/justicapotiguar.com.br\/index.php\/wp-json\/wp\/v2\/posts\/17286\/revisions"}],"predecessor-version":[{"id":17288,"href":"https:\/\/justicapotiguar.com.br\/index.php\/wp-json\/wp\/v2\/posts\/17286\/revisions\/17288"}],"wp:featuredmedia":[{"embeddable":true,"href":"https:\/\/justicapotiguar.com.br\/index.php\/wp-json\/wp\/v2\/media\/17287"}],"wp:attachment":[{"href":"https:\/\/justicapotiguar.com.br\/index.php\/wp-json\/wp\/v2\/media?parent=17286"}],"wp:term":[{"taxonomy":"category","embeddable":true,"href":"https:\/\/justicapotiguar.com.br\/index.php\/wp-json\/wp\/v2\/categories?post=17286"},{"taxonomy":"post_tag","embeddable":true,"href":"https:\/\/justicapotiguar.com.br\/index.php\/wp-json\/wp\/v2\/tags?post=17286"}],"curies":[{"name":"wp","href":"https:\/\/api.w.org\/{rel}","templated":true}]}}