{"id":17107,"date":"2021-03-05T15:45:46","date_gmt":"2021-03-05T18:45:46","guid":{"rendered":"https:\/\/justicapotiguar.com.br\/?p=17107"},"modified":"2021-03-05T15:10:12","modified_gmt":"2021-03-05T18:10:12","slug":"trt-rn-reconhece-vinculo-de-motorista-particular-que-patrao-alegava-ser-de-aplicativo","status":"publish","type":"post","link":"https:\/\/justicapotiguar.com.br\/index.php\/2021\/03\/05\/trt-rn-reconhece-vinculo-de-motorista-particular-que-patrao-alegava-ser-de-aplicativo\/","title":{"rendered":"TRT-RN reconhece v\u00ednculo de motorista particular que patr\u00e3o alegava ser de aplicativo"},"content":{"rendered":"\n<figure class=\"wp-block-image size-large\"><img loading=\"lazy\" width=\"350\" height=\"230\" src=\"https:\/\/justicapotiguar.com.br\/wp-content\/uploads\/2020\/03\/Fachada-TRT21.jpg\" alt=\"\" class=\"wp-image-7337\" srcset=\"https:\/\/justicapotiguar.com.br\/wp-content\/uploads\/2020\/03\/Fachada-TRT21.jpg 350w, https:\/\/justicapotiguar.com.br\/wp-content\/uploads\/2020\/03\/Fachada-TRT21-300x197.jpg 300w\" sizes=\"(max-width: 350px) 100vw, 350px\" \/><figcaption>Reprodu\u00e7\u00e3o <\/figcaption><\/figure>\n\n\n\n<p>A Primeira Turma do Tribunal Regional do Trabalho da 21\u00aa Regi\u00e3o (TRT-RN) reconheceu o v\u00ednculo de emprego de motorista particular, mesmo com o patr\u00e3o alegando que s\u00f3 utilizava seus servi\u00e7os como motorista de aplicativo (Uber).<\/p>\n\n\n\n<p>A desembargadora Joseane Dantas dos Santos, relatora da a\u00e7\u00e3o no TRT-RN, destacou \u201csubstanciais transfer\u00eancias\u201d do empregador para a conta pessoal da autora do processo, \u201cmodalidade de pagamento que n\u00e3o se enquadra dentre as possibilidades ofertadas pelo aplicativo Uber\u201d.<\/p>\n\n\n\n<p>Na a\u00e7\u00e3o, a trabalhadora alegou que prestou servi\u00e7o como motorista particular por quase dois anos, sendo demitida quando comunicou ao empregador que estava gr\u00e1vida.<\/p>\n\n\n\n<p>J\u00e1 o patr\u00e3o alegou, em sua defesa, que n\u00e3o existia rela\u00e7\u00e3o de emprego na presta\u00e7\u00e3o de servi\u00e7os da motorista e que, se realizou alguma viagem em seu favor, teria sido atrav\u00e9s do aplicativo Uber.<\/p>\n\n\n\n<p>Al\u00e9m dos \u201cdep\u00f3sitos substanciais\u201d na conta da trabalhadora, a desembargadora Joseane Dantas dos Santos registrou a exist\u00eancia de c\u00f3pias de mensagens de celular, \u201cque d\u00e3o conta de que as partes se comunicavam por meio diverso que a plataforma do Uber\u201d.<\/p><div class=\"viloy69f280c0eb803\" ><!--<a href=\"https:\/\/bit.ly\/3QdrqTZ\" target=\"_blank\">\n<img src=\"https:\/\/justicapotiguar.com.br\/wp-content\/uploads\/2023\/09\/mobile-geral.gif\"\/><a\/>--><\/div><style type=\"text\/css\">\r\n.viloy69f280c0eb803 {\r\ntext-align: center;\r\n}\r\n@media screen and (min-width: 1201px) {\r\n.viloy69f280c0eb803 {\r\ndisplay: none;\r\n}\r\n}\r\n@media screen and (min-width: 993px) and (max-width: 1200px) {\r\n.viloy69f280c0eb803 {\r\ndisplay: none;\r\n}\r\n}\r\n@media screen and (min-width: 769px) and (max-width: 992px) {\r\n.viloy69f280c0eb803 {\r\ndisplay: none;\r\n}\r\n}\r\n@media screen and (min-width: 768px) and (max-width: 768px) {\r\n.viloy69f280c0eb803 {\r\ndisplay: block;\r\n}\r\n}\r\n@media screen and (max-width: 767px) {\r\n.viloy69f280c0eb803 {\r\ndisplay: block;\r\n}\r\n}\r\n<\/style>\r\n<div class=\"xszbd69f280c0eb7ee\" ><!--<a href=\"https:\/\/bit.ly\/3QdrqTZ\" target=\"_blank\">\n<img src=\"https:\/\/justicapotiguar.com.br\/wp-content\/uploads\/2023\/09\/desktop-geral.gif\"\/><a\/>--><\/div><style type=\"text\/css\">\r\n.xszbd69f280c0eb7ee {\r\ntext-align: center;\nmargin-bottom: 1em;\r\n}\r\n@media screen and (min-width: 1201px) {\r\n.xszbd69f280c0eb7ee {\r\ndisplay: block;\r\n}\r\n}\r\n@media screen and (min-width: 993px) and (max-width: 1200px) {\r\n.xszbd69f280c0eb7ee {\r\ndisplay: block;\r\n}\r\n}\r\n@media screen and (min-width: 769px) and (max-width: 992px) {\r\n.xszbd69f280c0eb7ee {\r\ndisplay: block;\r\n}\r\n}\r\n@media screen and (min-width: 768px) and (max-width: 768px) {\r\n.xszbd69f280c0eb7ee {\r\ndisplay: none;\r\n}\r\n}\r\n@media screen and (max-width: 767px) {\r\n.xszbd69f280c0eb7ee {\r\ndisplay: none;\r\n}\r\n}\r\n<\/style>\r\n\n\n\n\n<p>Ela ainda ressaltou a exist\u00eancia de um processo judicial em que o patr\u00e3o busca reaver um autom\u00f3vel que se encontrava na posse da gestante.&nbsp;<\/p>\n\n\n\n<p>Para a desembargadora, esse fato tamb\u00e9m \u201ccorrobora que o conhecimento que os litigantes t\u00eam um do outro vai al\u00e9m do estabelecido em um aplicativo de corrida\u201d.<\/p>\n\n\n\n<p>Joseane Dantas concluiu que,\u201cdestarte, entende-se afastada a linha de defesa trazida pelo reclamado (empregador), expurgando-se qualquer pretens\u00e3o de ver reconhecido por este Ju\u00edzo que as partes se portavam como usu\u00e1rio e prestador de servi\u00e7os do aplicativo Uber\u201d.<\/p>\n\n\n\n<p>A decis\u00e3o da Primeira Turma do TRT-RN foi unanimidade quanto \u00e0 exist\u00eancia de v\u00ednculo de emprego, j\u00e1 reconhecido pela 8\u00aa Vara do Trabalho de Natal (RN).<\/p>\n\n\n\n<p>Processo: 0000903-40.2019.5.21.0008.<\/p>\n","protected":false},"excerpt":{"rendered":"<p>A Primeira Turma do Tribunal Regional do Trabalho da 21\u00aa Regi\u00e3o (TRT-RN) reconheceu o v\u00ednculo de emprego de motorista particular, mesmo com o patr\u00e3o alegando que s\u00f3 utilizava seus servi\u00e7os como motorista de aplicativo (Uber). A desembargadora Joseane Dantas dos Santos, relatora da a\u00e7\u00e3o no TRT-RN, destacou \u201csubstanciais transfer\u00eancias\u201d do empregador para a conta pessoal<br \/><a class=\"more-link\" href=\"https:\/\/justicapotiguar.com.br\/index.php\/2021\/03\/05\/trt-rn-reconhece-vinculo-de-motorista-particular-que-patrao-alegava-ser-de-aplicativo\/\">Mais&#8230;<\/a><\/p>\n","protected":false},"author":5,"featured_media":7337,"comment_status":"open","ping_status":"open","sticky":false,"template":"","format":"standard","meta":[],"categories":[3],"tags":[],"_links":{"self":[{"href":"https:\/\/justicapotiguar.com.br\/index.php\/wp-json\/wp\/v2\/posts\/17107"}],"collection":[{"href":"https:\/\/justicapotiguar.com.br\/index.php\/wp-json\/wp\/v2\/posts"}],"about":[{"href":"https:\/\/justicapotiguar.com.br\/index.php\/wp-json\/wp\/v2\/types\/post"}],"author":[{"embeddable":true,"href":"https:\/\/justicapotiguar.com.br\/index.php\/wp-json\/wp\/v2\/users\/5"}],"replies":[{"embeddable":true,"href":"https:\/\/justicapotiguar.com.br\/index.php\/wp-json\/wp\/v2\/comments?post=17107"}],"version-history":[{"count":1,"href":"https:\/\/justicapotiguar.com.br\/index.php\/wp-json\/wp\/v2\/posts\/17107\/revisions"}],"predecessor-version":[{"id":17108,"href":"https:\/\/justicapotiguar.com.br\/index.php\/wp-json\/wp\/v2\/posts\/17107\/revisions\/17108"}],"wp:featuredmedia":[{"embeddable":true,"href":"https:\/\/justicapotiguar.com.br\/index.php\/wp-json\/wp\/v2\/media\/7337"}],"wp:attachment":[{"href":"https:\/\/justicapotiguar.com.br\/index.php\/wp-json\/wp\/v2\/media?parent=17107"}],"wp:term":[{"taxonomy":"category","embeddable":true,"href":"https:\/\/justicapotiguar.com.br\/index.php\/wp-json\/wp\/v2\/categories?post=17107"},{"taxonomy":"post_tag","embeddable":true,"href":"https:\/\/justicapotiguar.com.br\/index.php\/wp-json\/wp\/v2\/tags?post=17107"}],"curies":[{"name":"wp","href":"https:\/\/api.w.org\/{rel}","templated":true}]}}