{"id":17105,"date":"2021-03-05T14:59:39","date_gmt":"2021-03-05T17:59:39","guid":{"rendered":"https:\/\/justicapotiguar.com.br\/?p=17105"},"modified":"2021-03-05T14:59:39","modified_gmt":"2021-03-05T17:59:39","slug":"mpf-mantem-combate-a-fraudes-no-auxilio-emergencial","status":"publish","type":"post","link":"https:\/\/justicapotiguar.com.br\/index.php\/2021\/03\/05\/mpf-mantem-combate-a-fraudes-no-auxilio-emergencial\/","title":{"rendered":"MPF mant\u00e9m combate a fraudes no aux\u00edlio emergencial"},"content":{"rendered":"\n<figure class=\"wp-block-image size-large\"><img loading=\"lazy\" width=\"678\" height=\"395\" src=\"https:\/\/justicapotiguar.com.br\/wp-content\/uploads\/2020\/04\/C3B4BE1F9731D60EC02451B088D9E37FA7A4_auxilio-emergencial.jpg\" alt=\"\" class=\"wp-image-8474\" srcset=\"https:\/\/justicapotiguar.com.br\/wp-content\/uploads\/2020\/04\/C3B4BE1F9731D60EC02451B088D9E37FA7A4_auxilio-emergencial.jpg 678w, https:\/\/justicapotiguar.com.br\/wp-content\/uploads\/2020\/04\/C3B4BE1F9731D60EC02451B088D9E37FA7A4_auxilio-emergencial-300x175.jpg 300w\" sizes=\"(max-width: 678px) 100vw, 678px\" \/><figcaption>Reprodu\u00e7\u00e3o<\/figcaption><\/figure>\n\n\n\n<p>O\u00a0Minist\u00e9rio P\u00fablico Federal (MPF) segue atuante no combate a fraudes no aux\u00edlio emergencial, concedido pelo Governo Federal em decorr\u00eancia da pandemia do novo coronav\u00edrus. O benef\u00edcio, que deve ser retomado ainda neste m\u00eas, \u00e9 destinado\u00a0\u00e0 popula\u00e7\u00e3o de baixa renda sem emprego formal.\u00a0Desde julho de 2020, a estrat\u00e9gia de atua\u00e7\u00e3o do MPF \u00e9 integrada com a Pol\u00edcia Federal (PF), Minist\u00e9rio da Cidadania e Caixa Econ\u00f4mica Federal para\u00a0evitar irregularidades,\u00a0identificar\u00a0e punir\u00a0fraudadores.<\/p>\n\n\n\n<p>Com a parceria entre os \u00f3rg\u00e3os, todas as den\u00fancias s\u00e3o verificadas pela Caixa, para confirma\u00e7\u00e3o do recebimento indevido. As movimenta\u00e7\u00f5es irregulares s\u00e3o inclu\u00eddas na Base Nacional de Fraudes no Aux\u00edlio Emergencial (BNFAE), um banco de dados gerido pela PF para rastreamento da atua\u00e7\u00e3o criminosa. Os dados podem ser alimentados e acessados pelos \u00f3rg\u00e3os&nbsp;envolvidos,&nbsp;inclusive&nbsp;Tribunal de Contas da Uni\u00e3o (TCU) e Controladoria-Geral da Uni\u00e3o (CGU).<\/p>\n\n\n\n<p>OMPF acompanha as&nbsp;informa\u00e7\u00f5es da BNFAE,&nbsp;com foco na identifica\u00e7\u00e3o de&nbsp;fraudes sist\u00eamicas, para controle gerencial de casos,&nbsp;condu\u00e7\u00e3o de investiga\u00e7\u00f5es&nbsp;e ado\u00e7\u00e3o das medidas penais cab\u00edveis.&nbsp;O coordenador do N\u00facleo de Combate \u00e0 Corrup\u00e7\u00e3o e Outros Il\u00edcitos (NCC) do MPF no RN, Kleber Martins, destaca que \u201ca atua\u00e7\u00e3o integrada permite&nbsp;o cruzamento de dados e identifica\u00e7\u00e3o de esquemas criminosos, al\u00e9m dos casos individuais de recebimento indevido\u201d.<\/p><div class=\"amtcn69f2808a19a3e\" ><!--<a href=\"https:\/\/bit.ly\/3QdrqTZ\" target=\"_blank\">\n<img src=\"https:\/\/justicapotiguar.com.br\/wp-content\/uploads\/2023\/09\/mobile-geral.gif\"\/><a\/>--><\/div><style type=\"text\/css\">\r\n.amtcn69f2808a19a3e {\r\ntext-align: center;\r\n}\r\n@media screen and (min-width: 1201px) {\r\n.amtcn69f2808a19a3e {\r\ndisplay: none;\r\n}\r\n}\r\n@media screen and (min-width: 993px) and (max-width: 1200px) {\r\n.amtcn69f2808a19a3e {\r\ndisplay: none;\r\n}\r\n}\r\n@media screen and (min-width: 769px) and (max-width: 992px) {\r\n.amtcn69f2808a19a3e {\r\ndisplay: none;\r\n}\r\n}\r\n@media screen and (min-width: 768px) and (max-width: 768px) {\r\n.amtcn69f2808a19a3e {\r\ndisplay: block;\r\n}\r\n}\r\n@media screen and (max-width: 767px) {\r\n.amtcn69f2808a19a3e {\r\ndisplay: block;\r\n}\r\n}\r\n<\/style>\r\n<div class=\"jbjgi69f2808a19a20\" ><!--<a href=\"https:\/\/bit.ly\/3QdrqTZ\" target=\"_blank\">\n<img src=\"https:\/\/justicapotiguar.com.br\/wp-content\/uploads\/2023\/09\/desktop-geral.gif\"\/><a\/>--><\/div><style type=\"text\/css\">\r\n.jbjgi69f2808a19a20 {\r\ntext-align: center;\nmargin-bottom: 1em;\r\n}\r\n@media screen and (min-width: 1201px) {\r\n.jbjgi69f2808a19a20 {\r\ndisplay: block;\r\n}\r\n}\r\n@media screen and (min-width: 993px) and (max-width: 1200px) {\r\n.jbjgi69f2808a19a20 {\r\ndisplay: block;\r\n}\r\n}\r\n@media screen and (min-width: 769px) and (max-width: 992px) {\r\n.jbjgi69f2808a19a20 {\r\ndisplay: block;\r\n}\r\n}\r\n@media screen and (min-width: 768px) and (max-width: 768px) {\r\n.jbjgi69f2808a19a20 {\r\ndisplay: none;\r\n}\r\n}\r\n@media screen and (max-width: 767px) {\r\n.jbjgi69f2808a19a20 {\r\ndisplay: none;\r\n}\r\n}\r\n<\/style>\r\n\n\n\n\n<p><strong>Puni\u00e7\u00e3o<\/strong>\u2013&nbsp;Quem informou dados incorretos&nbsp;deliberadamente para obten\u00e7\u00e3o indevida do benef\u00edcio&nbsp;pode responder por estelionato e falsidade ideol\u00f3gica,&nbsp;com&nbsp;pena de reclus\u00e3o de um a cinco anos. Como o crime \u00e9 contra os cofres p\u00fablicos, existe um aumento&nbsp;para at\u00e9&nbsp;seis anos e oito meses. J\u00e1 a inser\u00e7\u00e3o de dados falsos em sistema de informa\u00e7\u00f5es tem pena de reclus\u00e3o de dois a 12 anos e multa.<\/p>\n\n\n\n<p>Para criminosos que invadirem dispositivos inform\u00e1ticos, a pena prevista&nbsp;\u00e9 de deten\u00e7\u00e3o de um a quatro anos, acrescida de multa,&nbsp;podendo chegar a cinco anos no caso de obten\u00e7\u00e3o de informa\u00e7\u00f5es sigilosas ou controle remoto de aparelhos. A puni\u00e7\u00e3o para furto mediante fraude eletr\u00f4nica \u00e9 de reclus\u00e3o de quatro a oito anos.<\/p>\n\n\n\n<p><strong>Denuncie<\/strong>&nbsp;\u2013&nbsp;Todos os cidad\u00e3os podem ter acesso aos valores e benefici\u00e1rios do aux\u00edlio emergencial no Portal da Transpar\u00eancia. O pr\u00f3prio portal permite a busca por nome, CPF ou munic\u00edpio e tem campo para registro de den\u00fancia an\u00f4nima. O MPF tamb\u00e9m recebe den\u00fancias eletr\u00f4nicas, de forma pr\u00e1tica e&nbsp;segura, por meio do canal MPF Servi\u00e7os.<\/p>\n","protected":false},"excerpt":{"rendered":"<p>O\u00a0Minist\u00e9rio P\u00fablico Federal (MPF) segue atuante no combate a fraudes no aux\u00edlio emergencial, concedido pelo Governo Federal em decorr\u00eancia da pandemia do novo coronav\u00edrus. O benef\u00edcio, que deve ser retomado ainda neste m\u00eas, \u00e9 destinado\u00a0\u00e0 popula\u00e7\u00e3o de baixa renda sem emprego formal.\u00a0Desde julho de 2020, a estrat\u00e9gia de atua\u00e7\u00e3o do MPF \u00e9 integrada com a<br \/><a class=\"more-link\" href=\"https:\/\/justicapotiguar.com.br\/index.php\/2021\/03\/05\/mpf-mantem-combate-a-fraudes-no-auxilio-emergencial\/\">Mais&#8230;<\/a><\/p>\n","protected":false},"author":5,"featured_media":8474,"comment_status":"open","ping_status":"open","sticky":false,"template":"","format":"standard","meta":[],"categories":[3],"tags":[],"_links":{"self":[{"href":"https:\/\/justicapotiguar.com.br\/index.php\/wp-json\/wp\/v2\/posts\/17105"}],"collection":[{"href":"https:\/\/justicapotiguar.com.br\/index.php\/wp-json\/wp\/v2\/posts"}],"about":[{"href":"https:\/\/justicapotiguar.com.br\/index.php\/wp-json\/wp\/v2\/types\/post"}],"author":[{"embeddable":true,"href":"https:\/\/justicapotiguar.com.br\/index.php\/wp-json\/wp\/v2\/users\/5"}],"replies":[{"embeddable":true,"href":"https:\/\/justicapotiguar.com.br\/index.php\/wp-json\/wp\/v2\/comments?post=17105"}],"version-history":[{"count":1,"href":"https:\/\/justicapotiguar.com.br\/index.php\/wp-json\/wp\/v2\/posts\/17105\/revisions"}],"predecessor-version":[{"id":17106,"href":"https:\/\/justicapotiguar.com.br\/index.php\/wp-json\/wp\/v2\/posts\/17105\/revisions\/17106"}],"wp:featuredmedia":[{"embeddable":true,"href":"https:\/\/justicapotiguar.com.br\/index.php\/wp-json\/wp\/v2\/media\/8474"}],"wp:attachment":[{"href":"https:\/\/justicapotiguar.com.br\/index.php\/wp-json\/wp\/v2\/media?parent=17105"}],"wp:term":[{"taxonomy":"category","embeddable":true,"href":"https:\/\/justicapotiguar.com.br\/index.php\/wp-json\/wp\/v2\/categories?post=17105"},{"taxonomy":"post_tag","embeddable":true,"href":"https:\/\/justicapotiguar.com.br\/index.php\/wp-json\/wp\/v2\/tags?post=17105"}],"curies":[{"name":"wp","href":"https:\/\/api.w.org\/{rel}","templated":true}]}}