{"id":17094,"date":"2021-03-05T08:42:40","date_gmt":"2021-03-05T11:42:40","guid":{"rendered":"https:\/\/justicapotiguar.com.br\/?p=17094"},"modified":"2021-03-05T08:42:40","modified_gmt":"2021-03-05T11:42:40","slug":"juiz-autoriza-importacao-de-vacinas-para-motoristas-de-aplicativo","status":"publish","type":"post","link":"https:\/\/justicapotiguar.com.br\/index.php\/2021\/03\/05\/juiz-autoriza-importacao-de-vacinas-para-motoristas-de-aplicativo\/","title":{"rendered":"Juiz autoriza importa\u00e7\u00e3o de vacinas para motoristas de aplicativo"},"content":{"rendered":"\n<figure class=\"wp-block-image size-large\"><img loading=\"lazy\" width=\"1024\" height=\"683\" src=\"https:\/\/justicapotiguar.com.br\/wp-content\/uploads\/2020\/07\/Motorista-consegue-reverter-demiss\u00e3o-por-justa-causa-em-rescis\u00e3o-indireta-no-TRT-RN-1024x683.jpeg\" alt=\"\" class=\"wp-image-11028\" srcset=\"https:\/\/justicapotiguar.com.br\/wp-content\/uploads\/2020\/07\/Motorista-consegue-reverter-demiss\u00e3o-por-justa-causa-em-rescis\u00e3o-indireta-no-TRT-RN-1024x683.jpeg 1024w, https:\/\/justicapotiguar.com.br\/wp-content\/uploads\/2020\/07\/Motorista-consegue-reverter-demiss\u00e3o-por-justa-causa-em-rescis\u00e3o-indireta-no-TRT-RN-300x200.jpeg 300w, https:\/\/justicapotiguar.com.br\/wp-content\/uploads\/2020\/07\/Motorista-consegue-reverter-demiss\u00e3o-por-justa-causa-em-rescis\u00e3o-indireta-no-TRT-RN-768x512.jpeg 768w, https:\/\/justicapotiguar.com.br\/wp-content\/uploads\/2020\/07\/Motorista-consegue-reverter-demiss\u00e3o-por-justa-causa-em-rescis\u00e3o-indireta-no-TRT-RN.jpeg 1280w\" sizes=\"(max-width: 1024px) 100vw, 1024px\" \/><figcaption>Reprodu\u00e7\u00e3o<\/figcaption><\/figure>\n\n\n\n<p>O juiz Rolando Valcir Spanholo, da 21\u00aa Vara Federal de Bras\u00edlia, autorizou nesta quarta-feira\u00a0(4) o Sindicato dos Motoristas Aut\u00f4nomos de Transportes Privado Individual por Aplicativos do Distrito Federal (Sindmaap) a importar vacinas contra a covid-19. A decis\u00e3o n\u00e3o \u00e9 definitiva e ainda cabe recurso. No pedido feito \u00e0 Justi\u00e7a, o sindicato alegou que os profissionais e seus familiares est\u00e3o expostos a \u201cn\u00edveis maiores de risco de contamina\u00e7\u00e3o pelo v\u00edrus\u201d.<\/p>\n\n\n\n<p>Ao autorizar a importa\u00e7\u00e3o de imunizantes aprovados por ag\u00eancias estrangeiras, o magistrado justificou que a medida deve ser deferida diante da excepcionalidade do &#8220;momento em que vivemos\u201d. Pela decis\u00e3o, o sindicato fica dispensado de obter autoriza\u00e7\u00e3o excepcional e tempor\u00e1ria de importa\u00e7\u00e3o da Ag\u00eancia Nacional de Vigil\u00e2ncia Sanit\u00e1ria (Anvisa).<\/p><div class=\"ryjoi69f28f13afcb4\" ><!--<a href=\"https:\/\/bit.ly\/3QdrqTZ\" target=\"_blank\">\n<img src=\"https:\/\/justicapotiguar.com.br\/wp-content\/uploads\/2023\/09\/mobile-geral.gif\"\/><a\/>--><\/div><style type=\"text\/css\">\r\n.ryjoi69f28f13afcb4 {\r\ntext-align: center;\r\n}\r\n@media screen and (min-width: 1201px) {\r\n.ryjoi69f28f13afcb4 {\r\ndisplay: none;\r\n}\r\n}\r\n@media screen and (min-width: 993px) and (max-width: 1200px) {\r\n.ryjoi69f28f13afcb4 {\r\ndisplay: none;\r\n}\r\n}\r\n@media screen and (min-width: 769px) and (max-width: 992px) {\r\n.ryjoi69f28f13afcb4 {\r\ndisplay: none;\r\n}\r\n}\r\n@media screen and (min-width: 768px) and (max-width: 768px) {\r\n.ryjoi69f28f13afcb4 {\r\ndisplay: block;\r\n}\r\n}\r\n@media screen and (max-width: 767px) {\r\n.ryjoi69f28f13afcb4 {\r\ndisplay: block;\r\n}\r\n}\r\n<\/style>\r\n<div class=\"dqueo69f28f13afc96\" ><!--<a href=\"https:\/\/bit.ly\/3QdrqTZ\" target=\"_blank\">\n<img src=\"https:\/\/justicapotiguar.com.br\/wp-content\/uploads\/2023\/09\/desktop-geral.gif\"\/><a\/>--><\/div><style type=\"text\/css\">\r\n.dqueo69f28f13afc96 {\r\ntext-align: center;\nmargin-bottom: 1em;\r\n}\r\n@media screen and (min-width: 1201px) {\r\n.dqueo69f28f13afc96 {\r\ndisplay: block;\r\n}\r\n}\r\n@media screen and (min-width: 993px) and (max-width: 1200px) {\r\n.dqueo69f28f13afc96 {\r\ndisplay: block;\r\n}\r\n}\r\n@media screen and (min-width: 769px) and (max-width: 992px) {\r\n.dqueo69f28f13afc96 {\r\ndisplay: block;\r\n}\r\n}\r\n@media screen and (min-width: 768px) and (max-width: 768px) {\r\n.dqueo69f28f13afc96 {\r\ndisplay: none;\r\n}\r\n}\r\n@media screen and (max-width: 767px) {\r\n.dqueo69f28f13afc96 {\r\ndisplay: none;\r\n}\r\n}\r\n<\/style>\r\n\n\n\n\n<p>\u201cN\u00e3o h\u00e1 raz\u00e3o para se impor\/condicionar que a deflagra\u00e7\u00e3o das opera\u00e7\u00f5es de importa\u00e7\u00e3o dessas vacinas dependam de pr\u00e9via anu\u00eancia da Anvisa (que, notoriamente, enfrenta dificuldades para cumprir, nos prazos legais, o seu papel regulat\u00f3rio &#8211; vide a infinidade de a\u00e7\u00f5es que tramitam perante este foro nacional de Bras\u00edlia com o escopo de atacar a sua hist\u00f3rica mora, gerada pelos motivos j\u00e1 delineados acima) e\/ou da edi\u00e7\u00e3o de uma regulamenta\u00e7\u00e3o especial\u201d, decidiu.<\/p>\n\n\n\n<p>Ag\u00eancia Brasil<\/p>\n","protected":false},"excerpt":{"rendered":"<p>O juiz Rolando Valcir Spanholo, da 21\u00aa Vara Federal de Bras\u00edlia, autorizou nesta quarta-feira\u00a0(4) o Sindicato dos Motoristas Aut\u00f4nomos de Transportes Privado Individual por Aplicativos do Distrito Federal (Sindmaap) a importar vacinas contra a covid-19. A decis\u00e3o n\u00e3o \u00e9 definitiva e ainda cabe recurso. No pedido feito \u00e0 Justi\u00e7a, o sindicato alegou que os profissionais<br \/><a class=\"more-link\" href=\"https:\/\/justicapotiguar.com.br\/index.php\/2021\/03\/05\/juiz-autoriza-importacao-de-vacinas-para-motoristas-de-aplicativo\/\">Mais&#8230;<\/a><\/p>\n","protected":false},"author":5,"featured_media":11028,"comment_status":"open","ping_status":"open","sticky":false,"template":"","format":"standard","meta":[],"categories":[3],"tags":[],"_links":{"self":[{"href":"https:\/\/justicapotiguar.com.br\/index.php\/wp-json\/wp\/v2\/posts\/17094"}],"collection":[{"href":"https:\/\/justicapotiguar.com.br\/index.php\/wp-json\/wp\/v2\/posts"}],"about":[{"href":"https:\/\/justicapotiguar.com.br\/index.php\/wp-json\/wp\/v2\/types\/post"}],"author":[{"embeddable":true,"href":"https:\/\/justicapotiguar.com.br\/index.php\/wp-json\/wp\/v2\/users\/5"}],"replies":[{"embeddable":true,"href":"https:\/\/justicapotiguar.com.br\/index.php\/wp-json\/wp\/v2\/comments?post=17094"}],"version-history":[{"count":1,"href":"https:\/\/justicapotiguar.com.br\/index.php\/wp-json\/wp\/v2\/posts\/17094\/revisions"}],"predecessor-version":[{"id":17095,"href":"https:\/\/justicapotiguar.com.br\/index.php\/wp-json\/wp\/v2\/posts\/17094\/revisions\/17095"}],"wp:featuredmedia":[{"embeddable":true,"href":"https:\/\/justicapotiguar.com.br\/index.php\/wp-json\/wp\/v2\/media\/11028"}],"wp:attachment":[{"href":"https:\/\/justicapotiguar.com.br\/index.php\/wp-json\/wp\/v2\/media?parent=17094"}],"wp:term":[{"taxonomy":"category","embeddable":true,"href":"https:\/\/justicapotiguar.com.br\/index.php\/wp-json\/wp\/v2\/categories?post=17094"},{"taxonomy":"post_tag","embeddable":true,"href":"https:\/\/justicapotiguar.com.br\/index.php\/wp-json\/wp\/v2\/tags?post=17094"}],"curies":[{"name":"wp","href":"https:\/\/api.w.org\/{rel}","templated":true}]}}