{"id":17092,"date":"2021-03-05T08:32:33","date_gmt":"2021-03-05T11:32:33","guid":{"rendered":"https:\/\/justicapotiguar.com.br\/?p=17092"},"modified":"2021-03-05T08:32:33","modified_gmt":"2021-03-05T11:32:33","slug":"covid-19-justica-determina-que-banco-prorrogue-parcelas-de-financiamento-de-veiculo-por-60-dias-no-rn","status":"publish","type":"post","link":"https:\/\/justicapotiguar.com.br\/index.php\/2021\/03\/05\/covid-19-justica-determina-que-banco-prorrogue-parcelas-de-financiamento-de-veiculo-por-60-dias-no-rn\/","title":{"rendered":"Covid-19: Justi\u00e7a determina que banco prorrogue parcelas de financiamento de ve\u00edculo por 60 dias no RN"},"content":{"rendered":"\n<p>\u00a0<\/p>\n\n\n\n<figure class=\"wp-block-image size-large\"><img loading=\"lazy\" width=\"680\" height=\"366\" src=\"https:\/\/justicapotiguar.com.br\/wp-content\/uploads\/2020\/03\/27D11F77FEB0DBADECD467F31992A6DD9727_dinheiro.jpg\" alt=\"\" class=\"wp-image-8146\" srcset=\"https:\/\/justicapotiguar.com.br\/wp-content\/uploads\/2020\/03\/27D11F77FEB0DBADECD467F31992A6DD9727_dinheiro.jpg 680w, https:\/\/justicapotiguar.com.br\/wp-content\/uploads\/2020\/03\/27D11F77FEB0DBADECD467F31992A6DD9727_dinheiro-300x161.jpg 300w\" sizes=\"(max-width: 680px) 100vw, 680px\" \/><figcaption>Reprodu\u00e7\u00e3o<\/figcaption><\/figure>\n\n\n\n<p>O juiz Paulo Maia, do 4\u00ba Juizado Especial de Mossor\u00f3, confirmou liminar concedida anteriormente e determinou que o Banco Ita\u00fa\/SA prorrogue por 60 dias os vencimentos de duas parcelas do contrato de financiamento de ve\u00edculo firmado por uma consumidora. A prorroga\u00e7\u00e3o tem fundamento nos efeitos causados pela pandemia causada pelo novo coronav\u00edrus (Covid-19).<br><br>Considerando julgado do Superior Tribunal de Justi\u00e7a, o magistrado destacou que \u201ca pandemia que est\u00e1 afetando toda a economia mundial, assim como a vida e o planejamento financeiro de todas as pessoas, qualifica-se como fator extraordin\u00e1rio, imprevis\u00edvel e absolutamente desconexo dos riscos \u00ednsitos ao financiamento pactuado entre as partes\u201d.<br><br>A autora havia pleiteado medida liminar para que fosse determinado ao banco a prorroga\u00e7\u00e3o dos tr\u00eas pr\u00f3ximos vencimentos das parcelas de financiamento, sem aplica\u00e7\u00e3o de quaisquer multa, juros ou encargos, bem como se abstenha de cobrar duas parcelas juntas, em um mesmo m\u00eas. Fundamentou seu pedido na ocorr\u00eancia da pandemia e nas provid\u00eancias semelhantes j\u00e1 prometidas pelo pr\u00f3prio banco demandado. A liminar foi deferida, mas com a prorroga\u00e7\u00e3o por 60 dias para os dois pr\u00f3ximos vencimentos, devendo tamb\u00e9m o banco se abster de efetuar cobran\u00e7as telef\u00f4nicas, por escrito, protestos e negativa\u00e7\u00e3o do nome da demandante nos \u00f3rg\u00e3os de restri\u00e7\u00e3o ao cr\u00e9dito com rela\u00e7\u00e3o a essas duas parcelas.<br><br><strong>Decis\u00e3o<\/strong><br><br>Ao julgar o m\u00e9rito da a\u00e7\u00e3o, o juiz Paulo Maia entendeu que a autora tem direito \u00e0 prorroga\u00e7\u00e3o das parcelas em raz\u00e3o das circunst\u00e2ncias completamente extraordin\u00e1rias vivenciadas no mundo, \u201cindependentemente dos argumentos trazidos pela defesa, de que a parte demandante n\u00e3o buscou a prorroga\u00e7\u00e3o das parcelas de forma administrativa, bem como que as manifesta\u00e7\u00f5es da FEBRABAN mencionadas pela requerente tem car\u00e1ter t\u00e3o somente recomendat\u00f3rio\u201d.<br><br>O magistrado citou o entendimento do STJ, o qual decidiu que \u201cA cl\u00e1usula rebus sic stantibus permite a inexecu\u00e7\u00e3o de contrato comutativo &#8211; de trato sucessivo ou de execu\u00e7\u00e3o diferida &#8211; se as bases f\u00e1ticas sobre as quais se ergueu a aven\u00e7a alterarem-se, posteriormente, em raz\u00e3o de acontecimentos extraordin\u00e1rios, desconexos com os riscos \u00ednsitos \u00e0 presta\u00e7\u00e3o subjacente&#8221;.<br><br>Assim, aplicou tal teoria ao caso da consumidora, ressaltando que a pandemia que est\u00e1 afetando toda a economia mundial, assim como a vida e o planejamento or\u00e7ament\u00e1rio de todas as pessoas, \u00e9 um fato extraordin\u00e1rio e imprevis\u00edvel.<br>&nbsp;<\/p><div class=\"vmxjl69f28d8044d33\" ><!--<a href=\"https:\/\/bit.ly\/3QdrqTZ\" target=\"_blank\">\n<img src=\"https:\/\/justicapotiguar.com.br\/wp-content\/uploads\/2023\/09\/mobile-geral.gif\"\/><a\/>--><\/div><style type=\"text\/css\">\r\n.vmxjl69f28d8044d33 {\r\ntext-align: center;\r\n}\r\n@media screen and (min-width: 1201px) {\r\n.vmxjl69f28d8044d33 {\r\ndisplay: none;\r\n}\r\n}\r\n@media screen and (min-width: 993px) and (max-width: 1200px) {\r\n.vmxjl69f28d8044d33 {\r\ndisplay: none;\r\n}\r\n}\r\n@media screen and (min-width: 769px) and (max-width: 992px) {\r\n.vmxjl69f28d8044d33 {\r\ndisplay: none;\r\n}\r\n}\r\n@media screen and (min-width: 768px) and (max-width: 768px) {\r\n.vmxjl69f28d8044d33 {\r\ndisplay: block;\r\n}\r\n}\r\n@media screen and (max-width: 767px) {\r\n.vmxjl69f28d8044d33 {\r\ndisplay: block;\r\n}\r\n}\r\n<\/style>\r\n<div class=\"gbuii69f28d8044d13\" ><!--<a href=\"https:\/\/bit.ly\/3QdrqTZ\" target=\"_blank\">\n<img src=\"https:\/\/justicapotiguar.com.br\/wp-content\/uploads\/2023\/09\/desktop-geral.gif\"\/><a\/>--><\/div><style type=\"text\/css\">\r\n.gbuii69f28d8044d13 {\r\ntext-align: center;\nmargin-bottom: 1em;\r\n}\r\n@media screen and (min-width: 1201px) {\r\n.gbuii69f28d8044d13 {\r\ndisplay: block;\r\n}\r\n}\r\n@media screen and (min-width: 993px) and (max-width: 1200px) {\r\n.gbuii69f28d8044d13 {\r\ndisplay: block;\r\n}\r\n}\r\n@media screen and (min-width: 769px) and (max-width: 992px) {\r\n.gbuii69f28d8044d13 {\r\ndisplay: block;\r\n}\r\n}\r\n@media screen and (min-width: 768px) and (max-width: 768px) {\r\n.gbuii69f28d8044d13 {\r\ndisplay: none;\r\n}\r\n}\r\n@media screen and (max-width: 767px) {\r\n.gbuii69f28d8044d13 {\r\ndisplay: none;\r\n}\r\n}\r\n<\/style>\r\n\n\n\n\n<p><br><strong>(Processo n\u00ba 0807197-51.2020.8.20.5106)<br>&nbsp;<\/strong><\/p>\n","protected":false},"excerpt":{"rendered":"<p>\u00a0 O juiz Paulo Maia, do 4\u00ba Juizado Especial de Mossor\u00f3, confirmou liminar concedida anteriormente e determinou que o Banco Ita\u00fa\/SA prorrogue por 60 dias os vencimentos de duas parcelas do contrato de financiamento de ve\u00edculo firmado por uma consumidora. A prorroga\u00e7\u00e3o tem fundamento nos efeitos causados pela pandemia causada pelo novo coronav\u00edrus (Covid-19). Considerando<br \/><a class=\"more-link\" href=\"https:\/\/justicapotiguar.com.br\/index.php\/2021\/03\/05\/covid-19-justica-determina-que-banco-prorrogue-parcelas-de-financiamento-de-veiculo-por-60-dias-no-rn\/\">Mais&#8230;<\/a><\/p>\n","protected":false},"author":5,"featured_media":8146,"comment_status":"open","ping_status":"open","sticky":false,"template":"","format":"standard","meta":[],"categories":[3],"tags":[],"_links":{"self":[{"href":"https:\/\/justicapotiguar.com.br\/index.php\/wp-json\/wp\/v2\/posts\/17092"}],"collection":[{"href":"https:\/\/justicapotiguar.com.br\/index.php\/wp-json\/wp\/v2\/posts"}],"about":[{"href":"https:\/\/justicapotiguar.com.br\/index.php\/wp-json\/wp\/v2\/types\/post"}],"author":[{"embeddable":true,"href":"https:\/\/justicapotiguar.com.br\/index.php\/wp-json\/wp\/v2\/users\/5"}],"replies":[{"embeddable":true,"href":"https:\/\/justicapotiguar.com.br\/index.php\/wp-json\/wp\/v2\/comments?post=17092"}],"version-history":[{"count":1,"href":"https:\/\/justicapotiguar.com.br\/index.php\/wp-json\/wp\/v2\/posts\/17092\/revisions"}],"predecessor-version":[{"id":17093,"href":"https:\/\/justicapotiguar.com.br\/index.php\/wp-json\/wp\/v2\/posts\/17092\/revisions\/17093"}],"wp:featuredmedia":[{"embeddable":true,"href":"https:\/\/justicapotiguar.com.br\/index.php\/wp-json\/wp\/v2\/media\/8146"}],"wp:attachment":[{"href":"https:\/\/justicapotiguar.com.br\/index.php\/wp-json\/wp\/v2\/media?parent=17092"}],"wp:term":[{"taxonomy":"category","embeddable":true,"href":"https:\/\/justicapotiguar.com.br\/index.php\/wp-json\/wp\/v2\/categories?post=17092"},{"taxonomy":"post_tag","embeddable":true,"href":"https:\/\/justicapotiguar.com.br\/index.php\/wp-json\/wp\/v2\/tags?post=17092"}],"curies":[{"name":"wp","href":"https:\/\/api.w.org\/{rel}","templated":true}]}}