{"id":17090,"date":"2021-03-04T21:43:02","date_gmt":"2021-03-05T00:43:02","guid":{"rendered":"https:\/\/justicapotiguar.com.br\/?p=17090"},"modified":"2021-03-04T21:43:02","modified_gmt":"2021-03-05T00:43:02","slug":"caso-kerinho-plenario-do-tse-vai-julgar-mandado-de-seguranca-que-manteve-beto-rosado-como-deputado-federal-no-dia-12","status":"publish","type":"post","link":"https:\/\/justicapotiguar.com.br\/index.php\/2021\/03\/04\/caso-kerinho-plenario-do-tse-vai-julgar-mandado-de-seguranca-que-manteve-beto-rosado-como-deputado-federal-no-dia-12\/","title":{"rendered":"CASO KERINHO: Plen\u00e1rio do TSE vai julgar mandado de seguran\u00e7a que manteve Beto Rosado como deputado federal no dia 12"},"content":{"rendered":"\n<figure class=\"wp-block-image size-large\"><img loading=\"lazy\" width=\"1024\" height=\"678\" src=\"https:\/\/justicapotiguar.com.br\/wp-content\/uploads\/2020\/09\/mineiro-beto-1024x678.jpg\" alt=\"\" class=\"wp-image-12898\" srcset=\"https:\/\/justicapotiguar.com.br\/wp-content\/uploads\/2020\/09\/mineiro-beto.jpg 1024w, https:\/\/justicapotiguar.com.br\/wp-content\/uploads\/2020\/09\/mineiro-beto-300x199.jpg 300w, https:\/\/justicapotiguar.com.br\/wp-content\/uploads\/2020\/09\/mineiro-beto-768x509.jpg 768w\" sizes=\"(max-width: 1024px) 100vw, 1024px\" \/><figcaption>Reprodu\u00e7\u00e3o<\/figcaption><\/figure>\n\n\n\n<p>O mandado de seguran\u00e7a que manteve o deputado federal do deputado Beto Rosado (PP), em decis\u00e3o monocr\u00e1tica do ministro Lu\u00eds Felipe Salom\u00e3o ir\u00e1 ao Plen\u00e1rio Virtual do Tribunal Superior Eleitoral no pr\u00f3ximo dia 12. A decis\u00e3o suspendeu  os efeitos do julgamento do TRE-RN no &#8220;Caso Kerinho&#8221; que avalia anulado os votos do candidato Kericles Alves que teve ir egistro indeferido para as elei\u00e7\u00f5es de 2018 e havia tornado assim Fernando Mineiro (PT) deputado federal.<\/p>\n\n\n\n<p>Al\u00e9m da decis\u00e3o de Salom\u00e3o, o parecer do MPE tamb\u00e9m foi favor\u00e1vel ao pleito<div> de Beto Rosado em n\u00e3o anular os votos de Kerinho.<\/div><\/p><div class=\"brjcn69f28ede98fe7\" ><!--<a href=\"https:\/\/bit.ly\/3QdrqTZ\" target=\"_blank\">\n<img src=\"https:\/\/justicapotiguar.com.br\/wp-content\/uploads\/2023\/09\/mobile-geral.gif\"\/><a\/>--><\/div><style type=\"text\/css\">\r\n.brjcn69f28ede98fe7 {\r\ntext-align: center;\r\n}\r\n@media screen and (min-width: 1201px) {\r\n.brjcn69f28ede98fe7 {\r\ndisplay: none;\r\n}\r\n}\r\n@media screen and (min-width: 993px) and (max-width: 1200px) {\r\n.brjcn69f28ede98fe7 {\r\ndisplay: none;\r\n}\r\n}\r\n@media screen and (min-width: 769px) and (max-width: 992px) {\r\n.brjcn69f28ede98fe7 {\r\ndisplay: none;\r\n}\r\n}\r\n@media screen and (min-width: 768px) and (max-width: 768px) {\r\n.brjcn69f28ede98fe7 {\r\ndisplay: block;\r\n}\r\n}\r\n@media screen and (max-width: 767px) {\r\n.brjcn69f28ede98fe7 {\r\ndisplay: block;\r\n}\r\n}\r\n<\/style>\r\n<div class=\"lewru69f28ede98fd0\" ><!--<a href=\"https:\/\/bit.ly\/3QdrqTZ\" target=\"_blank\">\n<img src=\"https:\/\/justicapotiguar.com.br\/wp-content\/uploads\/2023\/09\/desktop-geral.gif\"\/><a\/>--><\/div><style type=\"text\/css\">\r\n.lewru69f28ede98fd0 {\r\ntext-align: center;\nmargin-bottom: 1em;\r\n}\r\n@media screen and (min-width: 1201px) {\r\n.lewru69f28ede98fd0 {\r\ndisplay: block;\r\n}\r\n}\r\n@media screen and (min-width: 993px) and (max-width: 1200px) {\r\n.lewru69f28ede98fd0 {\r\ndisplay: block;\r\n}\r\n}\r\n@media screen and (min-width: 769px) and (max-width: 992px) {\r\n.lewru69f28ede98fd0 {\r\ndisplay: block;\r\n}\r\n}\r\n@media screen and (min-width: 768px) and (max-width: 768px) {\r\n.lewru69f28ede98fd0 {\r\ndisplay: none;\r\n}\r\n}\r\n@media screen and (max-width: 767px) {\r\n.lewru69f28ede98fd0 {\r\ndisplay: none;\r\n}\r\n}\r\n<\/style>\r\n\n\n\n\n<p>No julgamento em plen\u00e1rio os sete ministros do TSE decidir\u00e3o quem dever\u00e1 ocupar a cadeira na bancada federal potiguar <\/p>\n","protected":false},"excerpt":{"rendered":"<p>O mandado de seguran\u00e7a que manteve o deputado federal do deputado Beto Rosado (PP), em decis\u00e3o monocr\u00e1tica do ministro Lu\u00eds Felipe Salom\u00e3o ir\u00e1 ao Plen\u00e1rio Virtual do Tribunal Superior Eleitoral no pr\u00f3ximo dia 12. A decis\u00e3o suspendeu os efeitos do julgamento do TRE-RN no &#8220;Caso Kerinho&#8221; que avalia anulado os votos do candidato Kericles Alves<br \/><a class=\"more-link\" href=\"https:\/\/justicapotiguar.com.br\/index.php\/2021\/03\/04\/caso-kerinho-plenario-do-tse-vai-julgar-mandado-de-seguranca-que-manteve-beto-rosado-como-deputado-federal-no-dia-12\/\">Mais&#8230;<\/a><\/p>\n","protected":false},"author":5,"featured_media":12898,"comment_status":"open","ping_status":"open","sticky":false,"template":"","format":"standard","meta":[],"categories":[3],"tags":[],"_links":{"self":[{"href":"https:\/\/justicapotiguar.com.br\/index.php\/wp-json\/wp\/v2\/posts\/17090"}],"collection":[{"href":"https:\/\/justicapotiguar.com.br\/index.php\/wp-json\/wp\/v2\/posts"}],"about":[{"href":"https:\/\/justicapotiguar.com.br\/index.php\/wp-json\/wp\/v2\/types\/post"}],"author":[{"embeddable":true,"href":"https:\/\/justicapotiguar.com.br\/index.php\/wp-json\/wp\/v2\/users\/5"}],"replies":[{"embeddable":true,"href":"https:\/\/justicapotiguar.com.br\/index.php\/wp-json\/wp\/v2\/comments?post=17090"}],"version-history":[{"count":1,"href":"https:\/\/justicapotiguar.com.br\/index.php\/wp-json\/wp\/v2\/posts\/17090\/revisions"}],"predecessor-version":[{"id":17091,"href":"https:\/\/justicapotiguar.com.br\/index.php\/wp-json\/wp\/v2\/posts\/17090\/revisions\/17091"}],"wp:featuredmedia":[{"embeddable":true,"href":"https:\/\/justicapotiguar.com.br\/index.php\/wp-json\/wp\/v2\/media\/12898"}],"wp:attachment":[{"href":"https:\/\/justicapotiguar.com.br\/index.php\/wp-json\/wp\/v2\/media?parent=17090"}],"wp:term":[{"taxonomy":"category","embeddable":true,"href":"https:\/\/justicapotiguar.com.br\/index.php\/wp-json\/wp\/v2\/categories?post=17090"},{"taxonomy":"post_tag","embeddable":true,"href":"https:\/\/justicapotiguar.com.br\/index.php\/wp-json\/wp\/v2\/tags?post=17090"}],"curies":[{"name":"wp","href":"https:\/\/api.w.org\/{rel}","templated":true}]}}