{"id":17081,"date":"2021-03-04T15:00:57","date_gmt":"2021-03-04T18:00:57","guid":{"rendered":"https:\/\/justicapotiguar.com.br\/?p=17081"},"modified":"2021-03-04T13:45:26","modified_gmt":"2021-03-04T16:45:26","slug":"informativo-1-006-do-stf-de-1o-de-marco-de-2021","status":"publish","type":"post","link":"https:\/\/justicapotiguar.com.br\/index.php\/2021\/03\/04\/informativo-1-006-do-stf-de-1o-de-marco-de-2021\/","title":{"rendered":"Informativo 1.006 do STF, de 1\u00ba de mar\u00e7o de 2021."},"content":{"rendered":"\n<figure class=\"wp-block-image size-large\"><img loading=\"lazy\" width=\"680\" height=\"457\" src=\"https:\/\/justicapotiguar.com.br\/wp-content\/uploads\/2020\/03\/FA65EBD29964946D6535605479BEB50E71F3_stf-1.jpg\" alt=\"\" class=\"wp-image-7753\" srcset=\"https:\/\/justicapotiguar.com.br\/wp-content\/uploads\/2020\/03\/FA65EBD29964946D6535605479BEB50E71F3_stf-1.jpg 680w, https:\/\/justicapotiguar.com.br\/wp-content\/uploads\/2020\/03\/FA65EBD29964946D6535605479BEB50E71F3_stf-1-300x202.jpg 300w\" sizes=\"(max-width: 680px) 100vw, 680px\" \/><figcaption> Foto: Se\u0301rgio Lima\/Poder 360<\/figcaption><\/figure>\n\n\n\n<p><strong>Rodrigo Leite | Canal P\u00edlulas Jur\u00eddicas | STF e STJ | Link de acesso: <\/strong>&nbsp;<a href=\"https:\/\/t.me\/pilulasjuridicasSTFSTJ\">https:\/\/t.me\/pilulasjuridicasSTFSTJ<\/a><\/p>\n\n\n\n<p><strong>PLEN\u00c1RIO<\/strong><\/p>\n\n\n\n<p>&#8211; \u00c9 constitucional a inclus\u00e3o do Imposto Sobre Circula\u00e7\u00e3o de Mercadorias e Servi\u00e7os &#8211; ICMS na base de c\u00e1lculo da Contribui\u00e7\u00e3o Previdenci\u00e1ria sobre a Receita Bruta &#8211; CPRB \u2013 <strong>RE 1187264\/SP<\/strong>, <strong>Tema 1048<\/strong>.<\/p>\n\n\n\n<p>&#8211; Atentar contra a democracia e o Estado de Direito n\u00e3o configura exerc\u00edcio da fun\u00e7\u00e3o parlamentar a invocar a imunidade constitucional prevista no art. 53, <em>caput<\/em>, da Constitui\u00e7\u00e3o Federal. A imunidade material parlamentar n\u00e3o deve ser utilizada para atentar frontalmente contra a pr\u00f3pria manuten\u00e7\u00e3o do Estado Democr\u00e1tico de Direito (<strong>Inq 4778\/DF<\/strong>)<\/p>\n\n\n\n<p>&#8211; Os estados, o Distrito Federal e os munic\u00edpios, no caso de descumprimento do Plano Nacional de Operacionaliza\u00e7\u00e3o da Vacina\u00e7\u00e3o contra a Covid-19 ou na hip\u00f3tese de cobertura imunol\u00f3gica intempestiva e insuficiente, poder\u00e3o dispensar \u00e0s respectivas popula\u00e7\u00f5es (a) vacinas das quais disponham, previamente aprovadas pela Anvisa; e (b) no caso n\u00e3o expedi\u00e7\u00e3o da autoriza\u00e7\u00e3o competente, no prazo de 72 horas, vacinas registradas por pelo menos uma das autoridades sanit\u00e1rias estrangeiras e liberadas para distribui\u00e7\u00e3o comercial nos respectivos pa\u00edses, bem como quaisquer outras que vierem a ser aprovadas, em car\u00e1ter emergencial (<strong>ADPF 770\/DF<\/strong> e <strong>ACO 3451\/MA<\/strong>)<\/p><div class=\"qvaqg69f28da9ee48f\" ><!--<a href=\"https:\/\/bit.ly\/3QdrqTZ\" target=\"_blank\">\n<img src=\"https:\/\/justicapotiguar.com.br\/wp-content\/uploads\/2023\/09\/mobile-geral.gif\"\/><a\/>--><\/div><style type=\"text\/css\">\r\n.qvaqg69f28da9ee48f {\r\ntext-align: center;\r\n}\r\n@media screen and (min-width: 1201px) {\r\n.qvaqg69f28da9ee48f {\r\ndisplay: none;\r\n}\r\n}\r\n@media screen and (min-width: 993px) and (max-width: 1200px) {\r\n.qvaqg69f28da9ee48f {\r\ndisplay: none;\r\n}\r\n}\r\n@media screen and (min-width: 769px) and (max-width: 992px) {\r\n.qvaqg69f28da9ee48f {\r\ndisplay: none;\r\n}\r\n}\r\n@media screen and (min-width: 768px) and (max-width: 768px) {\r\n.qvaqg69f28da9ee48f {\r\ndisplay: block;\r\n}\r\n}\r\n@media screen and (max-width: 767px) {\r\n.qvaqg69f28da9ee48f {\r\ndisplay: block;\r\n}\r\n}\r\n<\/style>\r\n<div class=\"fztjn69f28da9ee47a\" ><!--<a href=\"https:\/\/bit.ly\/3QdrqTZ\" target=\"_blank\">\n<img src=\"https:\/\/justicapotiguar.com.br\/wp-content\/uploads\/2023\/09\/desktop-geral.gif\"\/><a\/>--><\/div><style type=\"text\/css\">\r\n.fztjn69f28da9ee47a {\r\ntext-align: center;\nmargin-bottom: 1em;\r\n}\r\n@media screen and (min-width: 1201px) {\r\n.fztjn69f28da9ee47a {\r\ndisplay: block;\r\n}\r\n}\r\n@media screen and (min-width: 993px) and (max-width: 1200px) {\r\n.fztjn69f28da9ee47a {\r\ndisplay: block;\r\n}\r\n}\r\n@media screen and (min-width: 769px) and (max-width: 992px) {\r\n.fztjn69f28da9ee47a {\r\ndisplay: block;\r\n}\r\n}\r\n@media screen and (min-width: 768px) and (max-width: 768px) {\r\n.fztjn69f28da9ee47a {\r\ndisplay: none;\r\n}\r\n}\r\n@media screen and (max-width: 767px) {\r\n.fztjn69f28da9ee47a {\r\ndisplay: none;\r\n}\r\n}\r\n<\/style>\r\n\n\n\n\n<p>&#8211; \u00c9 inconstitucional lei estadual anterior \u00e0 EC n\u00ba 87\/2015 que estabele\u00e7a a cobran\u00e7a de ICMS pelo Estado de destino nas opera\u00e7\u00f5es interestaduais de circula\u00e7\u00e3o de mercadorias realizadas de forma n\u00e3o presencial e destinadas a consumidor final n\u00e3o contribuinte desse imposto (<strong>ADI 4565\/PI<\/strong>)<\/p>\n\n\n\n<p>&#8211; O legislador federal, para garantir a universaliza\u00e7\u00e3o e a presta\u00e7\u00e3o eficiente dos servi\u00e7os de telecomunica\u00e7\u00f5es, pode \u2014 por exce\u00e7\u00e3o normativa expl\u00edcita \u2014 impedir a cobran\u00e7a de pre\u00e7o p\u00fablico pelo uso das faixas de dom\u00ednio. O regramento do direito de passagem previsto na Lei Geral das Antenas [Lei 13.116\/2015, art. 12, \u201ccaput\u201d] se insere no \u00e2mbito da compet\u00eancia privativa da Uni\u00e3o para legislar sobre telecomunica\u00e7\u00f5es [Constitui\u00e7\u00e3o Federal), art. 22, IV] e sobre normas gerais de licita\u00e7\u00e3o e contrata\u00e7\u00e3o administrativa [CF, art. 22, XXVII] \u2013 <strong>ADI 6482\/DF<\/strong>.<\/p>\n\n\n\n<p>&#8211; \u00c9 dever do Poder P\u00fablico elaborar e implementar plano para o enfrentamento da pandemia COVID-19 nas comunidades quilombolas (<strong>ADPF 742\/DF<\/strong>)<\/p>\n\n\n\n<p><strong>SEGUNDA TURMA<\/strong><\/p>\n\n\n\n<p>&#8211; Diante da persist\u00eancia do quadro pand\u00eamico de emerg\u00eancia sanit\u00e1ria decorrente da Covid-19 e presentes a plausibilidade jur\u00eddica do direito invocado, bem como o perigo de les\u00e3o irrepar\u00e1vel ou de dif\u00edcil repara\u00e7\u00e3o a direitos fundamentais das pessoas levadas ao c\u00e1rcere, admite-se \u2014 analisadas as peculiaridades dos processos individuais pelos respectivos ju\u00edzos de execu\u00e7\u00e3o penal, e desde que presentes os requisitos subjetivos \u2014 a ado\u00e7\u00e3o de medidas tendentes a evitar a infec\u00e7\u00e3o e a propaga\u00e7\u00e3o da Covid-19 em estabelecimentos prisionais, dentre as quais a progress\u00e3o antecipada da pena \u2013<strong> HC 188.820\/DF.<\/strong><\/p>\n","protected":false},"excerpt":{"rendered":"<p>Rodrigo Leite | Canal P\u00edlulas Jur\u00eddicas | STF e STJ | Link de acesso: &nbsp;https:\/\/t.me\/pilulasjuridicasSTFSTJ PLEN\u00c1RIO &#8211; \u00c9 constitucional a inclus\u00e3o do Imposto Sobre Circula\u00e7\u00e3o de Mercadorias e Servi\u00e7os &#8211; ICMS na base de c\u00e1lculo da Contribui\u00e7\u00e3o Previdenci\u00e1ria sobre a Receita Bruta &#8211; CPRB \u2013 RE 1187264\/SP, Tema 1048. &#8211; Atentar contra a democracia e<br \/><a class=\"more-link\" href=\"https:\/\/justicapotiguar.com.br\/index.php\/2021\/03\/04\/informativo-1-006-do-stf-de-1o-de-marco-de-2021\/\">Mais&#8230;<\/a><\/p>\n","protected":false},"author":5,"featured_media":6068,"comment_status":"open","ping_status":"open","sticky":false,"template":"","format":"standard","meta":[],"categories":[3],"tags":[],"_links":{"self":[{"href":"https:\/\/justicapotiguar.com.br\/index.php\/wp-json\/wp\/v2\/posts\/17081"}],"collection":[{"href":"https:\/\/justicapotiguar.com.br\/index.php\/wp-json\/wp\/v2\/posts"}],"about":[{"href":"https:\/\/justicapotiguar.com.br\/index.php\/wp-json\/wp\/v2\/types\/post"}],"author":[{"embeddable":true,"href":"https:\/\/justicapotiguar.com.br\/index.php\/wp-json\/wp\/v2\/users\/5"}],"replies":[{"embeddable":true,"href":"https:\/\/justicapotiguar.com.br\/index.php\/wp-json\/wp\/v2\/comments?post=17081"}],"version-history":[{"count":1,"href":"https:\/\/justicapotiguar.com.br\/index.php\/wp-json\/wp\/v2\/posts\/17081\/revisions"}],"predecessor-version":[{"id":17082,"href":"https:\/\/justicapotiguar.com.br\/index.php\/wp-json\/wp\/v2\/posts\/17081\/revisions\/17082"}],"wp:featuredmedia":[{"embeddable":true,"href":"https:\/\/justicapotiguar.com.br\/index.php\/wp-json\/wp\/v2\/media\/6068"}],"wp:attachment":[{"href":"https:\/\/justicapotiguar.com.br\/index.php\/wp-json\/wp\/v2\/media?parent=17081"}],"wp:term":[{"taxonomy":"category","embeddable":true,"href":"https:\/\/justicapotiguar.com.br\/index.php\/wp-json\/wp\/v2\/categories?post=17081"},{"taxonomy":"post_tag","embeddable":true,"href":"https:\/\/justicapotiguar.com.br\/index.php\/wp-json\/wp\/v2\/tags?post=17081"}],"curies":[{"name":"wp","href":"https:\/\/api.w.org\/{rel}","templated":true}]}}