{"id":17046,"date":"2021-03-03T15:53:42","date_gmt":"2021-03-03T18:53:42","guid":{"rendered":"https:\/\/justicapotiguar.com.br\/?p=17046"},"modified":"2021-03-03T15:57:26","modified_gmt":"2021-03-03T18:57:26","slug":"promotora-elaine-cardoso-sera-a-primeira-mulher-como-procuradora-geral-do-mprn","status":"publish","type":"post","link":"https:\/\/justicapotiguar.com.br\/index.php\/2021\/03\/03\/promotora-elaine-cardoso-sera-a-primeira-mulher-como-procuradora-geral-do-mprn\/","title":{"rendered":"Promotora Elaine Cardoso ser\u00e1 a primeira mulher como Procuradora-Geral do MPRN"},"content":{"rendered":"\n<div class=\"wp-block-image\"><figure class=\"aligncenter size-large\"><img loading=\"lazy\" width=\"275\" height=\"183\" src=\"https:\/\/justicapotiguar.com.br\/wp-content\/uploads\/2021\/03\/elaine.jpeg\" alt=\"\" class=\"wp-image-17048\"\/><figcaption>Reprodu\u00e7\u00e3o\/ Tribuna do Norte<\/figcaption><\/figure><\/div>\n\n\n\n<p><\/p>\n\n\n\n<p>A promotora de Justi\u00e7a Elaine Cardoso de Matos Novais Teixeira ser\u00e1 a primeira mulher a chefiar o Minist\u00e9rio P\u00fablico do Rio Grande do Norte (MPRN). Ela foi a \u00fanica a se inscrever para concorrer \u00e0 lista tr\u00edplice para a indica\u00e7\u00e3o ao cargo. A elei\u00e7\u00e3o que ir\u00e1 ratificar a escolha dela est\u00e1 marcada para o dia 23 de abril. <\/p><div class=\"ftshj69f4382f19832\" ><!--<a href=\"https:\/\/bit.ly\/3QdrqTZ\" target=\"_blank\">\n<img src=\"https:\/\/justicapotiguar.com.br\/wp-content\/uploads\/2023\/09\/mobile-geral.gif\"\/><a\/>--><\/div><style type=\"text\/css\">\r\n.ftshj69f4382f19832 {\r\ntext-align: center;\r\n}\r\n@media screen and (min-width: 1201px) {\r\n.ftshj69f4382f19832 {\r\ndisplay: none;\r\n}\r\n}\r\n@media screen and (min-width: 993px) and (max-width: 1200px) {\r\n.ftshj69f4382f19832 {\r\ndisplay: none;\r\n}\r\n}\r\n@media screen and (min-width: 769px) and (max-width: 992px) {\r\n.ftshj69f4382f19832 {\r\ndisplay: none;\r\n}\r\n}\r\n@media screen and (min-width: 768px) and (max-width: 768px) {\r\n.ftshj69f4382f19832 {\r\ndisplay: block;\r\n}\r\n}\r\n@media screen and (max-width: 767px) {\r\n.ftshj69f4382f19832 {\r\ndisplay: block;\r\n}\r\n}\r\n<\/style>\r\n<div class=\"xbryx69f4382f19818\" ><!--<a href=\"https:\/\/bit.ly\/3QdrqTZ\" target=\"_blank\">\n<img src=\"https:\/\/justicapotiguar.com.br\/wp-content\/uploads\/2023\/09\/desktop-geral.gif\"\/><a\/>--><\/div><style type=\"text\/css\">\r\n.xbryx69f4382f19818 {\r\ntext-align: center;\nmargin-bottom: 1em;\r\n}\r\n@media screen and (min-width: 1201px) {\r\n.xbryx69f4382f19818 {\r\ndisplay: block;\r\n}\r\n}\r\n@media screen and (min-width: 993px) and (max-width: 1200px) {\r\n.xbryx69f4382f19818 {\r\ndisplay: block;\r\n}\r\n}\r\n@media screen and (min-width: 769px) and (max-width: 992px) {\r\n.xbryx69f4382f19818 {\r\ndisplay: block;\r\n}\r\n}\r\n@media screen and (min-width: 768px) and (max-width: 768px) {\r\n.xbryx69f4382f19818 {\r\ndisplay: none;\r\n}\r\n}\r\n@media screen and (max-width: 767px) {\r\n.xbryx69f4382f19818 {\r\ndisplay: none;\r\n}\r\n}\r\n<\/style>\r\n\n\n\n\n<p>Elaine Cardoso ser\u00e1 empossada como primeira PGJ potiguar em junho deste ano, tendo um mandato de dois anos \u00e0 frente no MPRN.\u00a0Elaine Cardoso \u00e9 a titular da 62\u00aa Promotoria de Justi\u00e7a de Natal, com atribui\u00e7\u00e3o em defesa da Sa\u00fade. Atualmente, ela ocupa o cargo de procuradora-geral de Justi\u00e7a adjunta. <\/p>\n\n\n\n<p>\u201cEstou feliz e ciente da grande responsabilidade que est\u00e1 pela frente. Vamos trabalhar para juntos avan\u00e7armos ainda mais e podermos dar uma contribui\u00e7\u00e3o cada vez mais efetiva para a sociedade\u201d, falou.\u00a0O procurador-geral de Justi\u00e7a do RN, Eudo Rodrigues Leite, parabenizou a futura PGJ. \u201cElaine Cardoso \u00e9 uma das promotoras mais atuantes do nosso MPRN, tendo um trabalho muito bem reconhecido. Nos \u00faltimos anos, esteve compondo conosco, como PGJ Adjunta, uma gest\u00e3o que sempre buscou o di\u00e1logo e a resolutividade. Tenho certeza que MPRN ser\u00e1 muito bem chefiado no pr\u00f3ximo bi\u00eanio\u201d, disse.\u00a0Elaine Cardoso j\u00e1 indicou quem ser\u00e1 o procurador-geral de Justi\u00e7a adjunto da gest\u00e3o dela. O escolhido foi o promotor de Justi\u00e7a Glaucio Pinto Garcia. A elei\u00e7\u00e3o do dia 23 de abril ser\u00e1 realizada mediante voto secreto de todos os membros do MPRN em atividade. Os membros do MPRN poder\u00e3o votar das 8h \u00e0s 12h, de forma virtual, por meio do sistema Votus.<\/p>\n","protected":false},"excerpt":{"rendered":"<p>A promotora de Justi\u00e7a Elaine Cardoso de Matos Novais Teixeira ser\u00e1 a primeira mulher a chefiar o Minist\u00e9rio P\u00fablico do Rio Grande do Norte (MPRN). Ela foi a \u00fanica a se inscrever para concorrer \u00e0 lista tr\u00edplice para a indica\u00e7\u00e3o ao cargo. A elei\u00e7\u00e3o que ir\u00e1 ratificar a escolha dela est\u00e1 marcada para o dia<br \/><a class=\"more-link\" href=\"https:\/\/justicapotiguar.com.br\/index.php\/2021\/03\/03\/promotora-elaine-cardoso-sera-a-primeira-mulher-como-procuradora-geral-do-mprn\/\">Mais&#8230;<\/a><\/p>\n","protected":false},"author":5,"featured_media":17048,"comment_status":"open","ping_status":"open","sticky":false,"template":"","format":"standard","meta":[],"categories":[1],"tags":[],"_links":{"self":[{"href":"https:\/\/justicapotiguar.com.br\/index.php\/wp-json\/wp\/v2\/posts\/17046"}],"collection":[{"href":"https:\/\/justicapotiguar.com.br\/index.php\/wp-json\/wp\/v2\/posts"}],"about":[{"href":"https:\/\/justicapotiguar.com.br\/index.php\/wp-json\/wp\/v2\/types\/post"}],"author":[{"embeddable":true,"href":"https:\/\/justicapotiguar.com.br\/index.php\/wp-json\/wp\/v2\/users\/5"}],"replies":[{"embeddable":true,"href":"https:\/\/justicapotiguar.com.br\/index.php\/wp-json\/wp\/v2\/comments?post=17046"}],"version-history":[{"count":3,"href":"https:\/\/justicapotiguar.com.br\/index.php\/wp-json\/wp\/v2\/posts\/17046\/revisions"}],"predecessor-version":[{"id":17050,"href":"https:\/\/justicapotiguar.com.br\/index.php\/wp-json\/wp\/v2\/posts\/17046\/revisions\/17050"}],"wp:featuredmedia":[{"embeddable":true,"href":"https:\/\/justicapotiguar.com.br\/index.php\/wp-json\/wp\/v2\/media\/17048"}],"wp:attachment":[{"href":"https:\/\/justicapotiguar.com.br\/index.php\/wp-json\/wp\/v2\/media?parent=17046"}],"wp:term":[{"taxonomy":"category","embeddable":true,"href":"https:\/\/justicapotiguar.com.br\/index.php\/wp-json\/wp\/v2\/categories?post=17046"},{"taxonomy":"post_tag","embeddable":true,"href":"https:\/\/justicapotiguar.com.br\/index.php\/wp-json\/wp\/v2\/tags?post=17046"}],"curies":[{"name":"wp","href":"https:\/\/api.w.org\/{rel}","templated":true}]}}