{"id":17044,"date":"2021-03-03T15:22:36","date_gmt":"2021-03-03T18:22:36","guid":{"rendered":"https:\/\/justicapotiguar.com.br\/?p=17044"},"modified":"2021-03-03T15:22:36","modified_gmt":"2021-03-03T18:22:36","slug":"juiz-nega-pedido-para-obrigar-oab-a-fazer-exame-da-ordem-presencialmente","status":"publish","type":"post","link":"https:\/\/justicapotiguar.com.br\/index.php\/2021\/03\/03\/juiz-nega-pedido-para-obrigar-oab-a-fazer-exame-da-ordem-presencialmente\/","title":{"rendered":"Juiz nega pedido para obrigar OAB a fazer exame da Ordem presencialmente"},"content":{"rendered":"\n<p>O aumento no n\u00famero de infectados pelo novo coronav\u00edrus justifica a suspens\u00e3o de provas como do Exame da Ordem dos Advogados do Brasil. O entendimento \u00e9 do juiz Renato Coelho Borelli, da 9\u00aa Vara Federal C\u00edvel do Distrito Federal. A decis\u00e3o \u00e9 desta segunda-feira (1\u00aa\/3).<\/p>\n\n\n\n<figure class=\"wp-block-image\"><img src=\"https:\/\/www.conjur.com.br\/img\/b\/prova4.jpeg\" alt=\"\"\/><figcaption>Bacharel queria que OAB fizesse exame<br><sup>Reprodu\u00e7\u00e3o<\/sup><\/figcaption><\/figure>\n\n\n\n<p>No caso concreto, o magistrado julgou o pedido de uma bacharel em Direito inscrita no 32\u00ba exame unificado da OAB, marcado para o dia 7 de mar\u00e7o deste ano. A prova, no entanto,&nbsp;<a href=\"https:\/\/www.conjur.com.br\/2021-fev-27\/oab-adia-32-exame-ordem-marcado-proximo-dia2\" target=\"_blank\" rel=\"noreferrer noopener\">acabou suspensa em todo o Brasil<\/a>&nbsp;por causa do aumento dos&nbsp;casos de Covid-19 e a consequente diminui\u00e7\u00e3o no n\u00famero de leitos.&nbsp;<\/p>\n\n\n\n<p>Para o juiz&nbsp;de Bras\u00edlia, n\u00e3o h\u00e1 motivo para derrubar a delibera\u00e7\u00e3o da OAB. &#8220;No caso preciso dos autos, a decis\u00e3o contra a qual se insurge a impetrante decorre do aumento de casos de Covid-19 em todo o pa\u00eds, que tem se apresentado de forma mais gravosa e letal, possivelmente em raz\u00e3o de nova variante&#8221;, disse o magistrado.&nbsp;<\/p>\n\n\n\n<p>&#8220;Nessa dire\u00e7\u00e3o&#8221;, prossegue, &#8220;considerando que a decis\u00e3o da OAB foi devidamente motivada (e de extrema prud\u00eancia), e garantida a publicidade a todos os candidatos, n\u00e3o verifico ilegalidade no ato, at\u00e9 pelo fato de se encontrar no aspecto da discricionariedade administrativa poder aplicar a prova ou n\u00e3o na data originalmente prevista&#8221;.<\/p>\n\n\n\n<p>Ao justificar a suspens\u00e3o, a OAB usou um estudo feito pela Funda\u00e7\u00e3o Get\u00falio Vargas dando conta de que os dados mais recentes da epidemia apontam para uma eleva\u00e7\u00e3o no caso de mortes pelo novo coronav\u00edrus.&nbsp;<\/p><div class=\"vbouo69f294ad8a386\" ><!--<a href=\"https:\/\/bit.ly\/3QdrqTZ\" target=\"_blank\">\n<img src=\"https:\/\/justicapotiguar.com.br\/wp-content\/uploads\/2023\/09\/mobile-geral.gif\"\/><a\/>--><\/div><style type=\"text\/css\">\r\n.vbouo69f294ad8a386 {\r\ntext-align: center;\r\n}\r\n@media screen and (min-width: 1201px) {\r\n.vbouo69f294ad8a386 {\r\ndisplay: none;\r\n}\r\n}\r\n@media screen and (min-width: 993px) and (max-width: 1200px) {\r\n.vbouo69f294ad8a386 {\r\ndisplay: none;\r\n}\r\n}\r\n@media screen and (min-width: 769px) and (max-width: 992px) {\r\n.vbouo69f294ad8a386 {\r\ndisplay: none;\r\n}\r\n}\r\n@media screen and (min-width: 768px) and (max-width: 768px) {\r\n.vbouo69f294ad8a386 {\r\ndisplay: block;\r\n}\r\n}\r\n@media screen and (max-width: 767px) {\r\n.vbouo69f294ad8a386 {\r\ndisplay: block;\r\n}\r\n}\r\n<\/style>\r\n<div class=\"xhfwu69f294ad8a368\" ><!--<a href=\"https:\/\/bit.ly\/3QdrqTZ\" target=\"_blank\">\n<img src=\"https:\/\/justicapotiguar.com.br\/wp-content\/uploads\/2023\/09\/desktop-geral.gif\"\/><a\/>--><\/div><style type=\"text\/css\">\r\n.xhfwu69f294ad8a368 {\r\ntext-align: center;\nmargin-bottom: 1em;\r\n}\r\n@media screen and (min-width: 1201px) {\r\n.xhfwu69f294ad8a368 {\r\ndisplay: block;\r\n}\r\n}\r\n@media screen and (min-width: 993px) and (max-width: 1200px) {\r\n.xhfwu69f294ad8a368 {\r\ndisplay: block;\r\n}\r\n}\r\n@media screen and (min-width: 769px) and (max-width: 992px) {\r\n.xhfwu69f294ad8a368 {\r\ndisplay: block;\r\n}\r\n}\r\n@media screen and (min-width: 768px) and (max-width: 768px) {\r\n.xhfwu69f294ad8a368 {\r\ndisplay: none;\r\n}\r\n}\r\n@media screen and (max-width: 767px) {\r\n.xhfwu69f294ad8a368 {\r\ndisplay: none;\r\n}\r\n}\r\n<\/style>\r\n\n\n\n\n<p>Na a\u00e7\u00e3o, a bacharel disse que n\u00e3o faz sentido suspender o exame, levando em conta que em dezembro, quando o pa\u00eds j\u00e1 enfrentava a crise da Covid-19, houve a edi\u00e7\u00e3o anterior da prova. O juiz discordou da alega\u00e7\u00e3o.&nbsp;<\/p>\n\n\n\n<p>&#8220;Ao contr\u00e1rio do afirmado pela impetrante, o quadro atual da epidemia no Brasil difere daquele apresentado em 2020, em raz\u00e3o da escassez de leitos hospitalares, que em algumas unidades da federa\u00e7\u00e3o j\u00e1 s\u00e3o inexistentes, seja na rede p\u00fablica ou privada.&#8221;&nbsp;<\/p>\n\n\n\n<p><strong>Clique\u00a0<a rel=\"noreferrer noopener\" href=\"https:\/\/www.conjur.com.br\/dl\/juiz-nega-pedido-buscava-obrigar-oab.pdf\" target=\"_blank\">aqui<\/a>\u00a0para ler a decis\u00e3o<br>1010304-26.2021.4.01.3400<\/strong><\/p>\n\n\n\n<p>Conjur<\/p>\n","protected":false},"excerpt":{"rendered":"<p>O aumento no n\u00famero de infectados pelo novo coronav\u00edrus justifica a suspens\u00e3o de provas como do Exame da Ordem dos Advogados do Brasil. O entendimento \u00e9 do juiz Renato Coelho Borelli, da 9\u00aa Vara Federal C\u00edvel do Distrito Federal. A decis\u00e3o \u00e9 desta segunda-feira (1\u00aa\/3). No caso concreto, o magistrado julgou o pedido de uma<br \/><a class=\"more-link\" href=\"https:\/\/justicapotiguar.com.br\/index.php\/2021\/03\/03\/juiz-nega-pedido-para-obrigar-oab-a-fazer-exame-da-ordem-presencialmente\/\">Mais&#8230;<\/a><\/p>\n","protected":false},"author":5,"featured_media":12284,"comment_status":"open","ping_status":"open","sticky":false,"template":"","format":"standard","meta":[],"categories":[3],"tags":[],"_links":{"self":[{"href":"https:\/\/justicapotiguar.com.br\/index.php\/wp-json\/wp\/v2\/posts\/17044"}],"collection":[{"href":"https:\/\/justicapotiguar.com.br\/index.php\/wp-json\/wp\/v2\/posts"}],"about":[{"href":"https:\/\/justicapotiguar.com.br\/index.php\/wp-json\/wp\/v2\/types\/post"}],"author":[{"embeddable":true,"href":"https:\/\/justicapotiguar.com.br\/index.php\/wp-json\/wp\/v2\/users\/5"}],"replies":[{"embeddable":true,"href":"https:\/\/justicapotiguar.com.br\/index.php\/wp-json\/wp\/v2\/comments?post=17044"}],"version-history":[{"count":1,"href":"https:\/\/justicapotiguar.com.br\/index.php\/wp-json\/wp\/v2\/posts\/17044\/revisions"}],"predecessor-version":[{"id":17045,"href":"https:\/\/justicapotiguar.com.br\/index.php\/wp-json\/wp\/v2\/posts\/17044\/revisions\/17045"}],"wp:featuredmedia":[{"embeddable":true,"href":"https:\/\/justicapotiguar.com.br\/index.php\/wp-json\/wp\/v2\/media\/12284"}],"wp:attachment":[{"href":"https:\/\/justicapotiguar.com.br\/index.php\/wp-json\/wp\/v2\/media?parent=17044"}],"wp:term":[{"taxonomy":"category","embeddable":true,"href":"https:\/\/justicapotiguar.com.br\/index.php\/wp-json\/wp\/v2\/categories?post=17044"},{"taxonomy":"post_tag","embeddable":true,"href":"https:\/\/justicapotiguar.com.br\/index.php\/wp-json\/wp\/v2\/tags?post=17044"}],"curies":[{"name":"wp","href":"https:\/\/api.w.org\/{rel}","templated":true}]}}