{"id":17034,"date":"2021-03-03T09:37:46","date_gmt":"2021-03-03T12:37:46","guid":{"rendered":"https:\/\/justicapotiguar.com.br\/?p=17034"},"modified":"2021-03-03T09:37:46","modified_gmt":"2021-03-03T12:37:46","slug":"ministro-do-stj-se-emociona-ao-falar-que-seus-pais-foram-vacinados-veja","status":"publish","type":"post","link":"https:\/\/justicapotiguar.com.br\/index.php\/2021\/03\/03\/ministro-do-stj-se-emociona-ao-falar-que-seus-pais-foram-vacinados-veja\/","title":{"rendered":"Ministro do STJ se emociona ao falar que seus pais foram vacinados; veja"},"content":{"rendered":"\n<p>Em sess\u00e3o nesta tarde, o ministro Schietti, visivelmente emocionado, destacou que era uma sess\u00e3o marcante para ele e que teria motivos para a emo\u00e7\u00e3o. Primeiro, em raz\u00e3o da surpresa do pedido de&nbsp;<a href=\"https:\/\/migalhas.uol.com.br\/quentes\/341046\/ministro-nefi-cordeiro-anuncia-pedido-de-aposentadoria\" target=\"_blank\" rel=\"noreferrer noopener\">aposentadoria<\/a>&nbsp;do ministro Nefi Cordeiro. Segundo, porque seus pais, idosos, haviam tomado a segunda dose da vacina contra o coronav\u00edrus. &#8220;<em>Uma esperan\u00e7a de vida muito grande<\/em>&#8220;, disse.<\/p>\n\n\n\n<p><em>&#8220;Em um momento em que o Brasil, infelizmente, ainda discute se vacina s\u00e3o eficazes, se m\u00e1scaras devem ser usadas, se restri\u00e7\u00f5es sociais s\u00e3o efetivas, para mim, pessoalmente, \u00e9 motivo de alento ver pessoas t\u00e3o queridas pr\u00f3ximas estarem imunizadas por acreditarem na ci\u00eancia.&#8221;<\/em><\/p><div class=\"gjoil69f45c0b36876\" ><!--<a href=\"https:\/\/bit.ly\/3QdrqTZ\" target=\"_blank\">\n<img src=\"https:\/\/justicapotiguar.com.br\/wp-content\/uploads\/2023\/09\/mobile-geral.gif\"\/><a\/>--><\/div><style type=\"text\/css\">\r\n.gjoil69f45c0b36876 {\r\ntext-align: center;\r\n}\r\n@media screen and (min-width: 1201px) {\r\n.gjoil69f45c0b36876 {\r\ndisplay: none;\r\n}\r\n}\r\n@media screen and (min-width: 993px) and (max-width: 1200px) {\r\n.gjoil69f45c0b36876 {\r\ndisplay: none;\r\n}\r\n}\r\n@media screen and (min-width: 769px) and (max-width: 992px) {\r\n.gjoil69f45c0b36876 {\r\ndisplay: none;\r\n}\r\n}\r\n@media screen and (min-width: 768px) and (max-width: 768px) {\r\n.gjoil69f45c0b36876 {\r\ndisplay: block;\r\n}\r\n}\r\n@media screen and (max-width: 767px) {\r\n.gjoil69f45c0b36876 {\r\ndisplay: block;\r\n}\r\n}\r\n<\/style>\r\n<div class=\"rhbzd69f45c0b36864\" ><!--<a href=\"https:\/\/bit.ly\/3QdrqTZ\" target=\"_blank\">\n<img src=\"https:\/\/justicapotiguar.com.br\/wp-content\/uploads\/2023\/09\/desktop-geral.gif\"\/><a\/>--><\/div><style type=\"text\/css\">\r\n.rhbzd69f45c0b36864 {\r\ntext-align: center;\nmargin-bottom: 1em;\r\n}\r\n@media screen and (min-width: 1201px) {\r\n.rhbzd69f45c0b36864 {\r\ndisplay: block;\r\n}\r\n}\r\n@media screen and (min-width: 993px) and (max-width: 1200px) {\r\n.rhbzd69f45c0b36864 {\r\ndisplay: block;\r\n}\r\n}\r\n@media screen and (min-width: 769px) and (max-width: 992px) {\r\n.rhbzd69f45c0b36864 {\r\ndisplay: block;\r\n}\r\n}\r\n@media screen and (min-width: 768px) and (max-width: 768px) {\r\n.rhbzd69f45c0b36864 {\r\ndisplay: none;\r\n}\r\n}\r\n@media screen and (max-width: 767px) {\r\n.rhbzd69f45c0b36864 {\r\ndisplay: none;\r\n}\r\n}\r\n<\/style>\r\n\n\n\n\n<figure class=\"wp-block-embed-youtube wp-block-embed is-type-video is-provider-youtube wp-embed-aspect-16-9 wp-has-aspect-ratio\"><div class=\"wp-block-embed__wrapper\">\n<iframe loading=\"lazy\" title=\"Schietti se emociona ao falar que seus pais foram vacinados\" width=\"640\" height=\"360\" src=\"https:\/\/www.youtube.com\/embed\/SlxhnHGbvCc?feature=oembed\" frameborder=\"0\" allow=\"accelerometer; autoplay; clipboard-write; encrypted-media; gyroscope; picture-in-picture\" allowfullscreen><\/iframe>\n<\/div><\/figure>\n\n\n\n<p>Migalhas<\/p>\n","protected":false},"excerpt":{"rendered":"<p>Em sess\u00e3o nesta tarde, o ministro Schietti, visivelmente emocionado, destacou que era uma sess\u00e3o marcante para ele e que teria motivos para a emo\u00e7\u00e3o. Primeiro, em raz\u00e3o da surpresa do pedido de&nbsp;aposentadoria&nbsp;do ministro Nefi Cordeiro. Segundo, porque seus pais, idosos, haviam tomado a segunda dose da vacina contra o coronav\u00edrus. &#8220;Uma esperan\u00e7a de vida muito<br \/><a class=\"more-link\" href=\"https:\/\/justicapotiguar.com.br\/index.php\/2021\/03\/03\/ministro-do-stj-se-emociona-ao-falar-que-seus-pais-foram-vacinados-veja\/\">Mais&#8230;<\/a><\/p>\n","protected":false},"author":5,"featured_media":0,"comment_status":"open","ping_status":"open","sticky":false,"template":"","format":"standard","meta":[],"categories":[3],"tags":[],"_links":{"self":[{"href":"https:\/\/justicapotiguar.com.br\/index.php\/wp-json\/wp\/v2\/posts\/17034"}],"collection":[{"href":"https:\/\/justicapotiguar.com.br\/index.php\/wp-json\/wp\/v2\/posts"}],"about":[{"href":"https:\/\/justicapotiguar.com.br\/index.php\/wp-json\/wp\/v2\/types\/post"}],"author":[{"embeddable":true,"href":"https:\/\/justicapotiguar.com.br\/index.php\/wp-json\/wp\/v2\/users\/5"}],"replies":[{"embeddable":true,"href":"https:\/\/justicapotiguar.com.br\/index.php\/wp-json\/wp\/v2\/comments?post=17034"}],"version-history":[{"count":1,"href":"https:\/\/justicapotiguar.com.br\/index.php\/wp-json\/wp\/v2\/posts\/17034\/revisions"}],"predecessor-version":[{"id":17035,"href":"https:\/\/justicapotiguar.com.br\/index.php\/wp-json\/wp\/v2\/posts\/17034\/revisions\/17035"}],"wp:attachment":[{"href":"https:\/\/justicapotiguar.com.br\/index.php\/wp-json\/wp\/v2\/media?parent=17034"}],"wp:term":[{"taxonomy":"category","embeddable":true,"href":"https:\/\/justicapotiguar.com.br\/index.php\/wp-json\/wp\/v2\/categories?post=17034"},{"taxonomy":"post_tag","embeddable":true,"href":"https:\/\/justicapotiguar.com.br\/index.php\/wp-json\/wp\/v2\/tags?post=17034"}],"curies":[{"name":"wp","href":"https:\/\/api.w.org\/{rel}","templated":true}]}}