{"id":17029,"date":"2021-03-02T15:56:52","date_gmt":"2021-03-02T18:56:52","guid":{"rendered":"https:\/\/justicapotiguar.com.br\/?p=17029"},"modified":"2021-03-02T15:56:52","modified_gmt":"2021-03-02T18:56:52","slug":"promotor-de-justica-natalense-morre-aos-38-anos-de-covid-19-em-rondonia","status":"publish","type":"post","link":"https:\/\/justicapotiguar.com.br\/index.php\/2021\/03\/02\/promotor-de-justica-natalense-morre-aos-38-anos-de-covid-19-em-rondonia\/","title":{"rendered":"Promotor de Justi\u00e7a natalense morre aos 38 anos de Covid-19, em Rond\u00f4nia"},"content":{"rendered":"\n<figure class=\"wp-block-image size-large\"><img loading=\"lazy\" width=\"600\" height=\"337\" src=\"https:\/\/justicapotiguar.com.br\/wp-content\/uploads\/2021\/03\/whatsapp-image-2021-03-01-at-11.29.56.jpeg\" alt=\"\" class=\"wp-image-17030\" srcset=\"https:\/\/justicapotiguar.com.br\/wp-content\/uploads\/2021\/03\/whatsapp-image-2021-03-01-at-11.29.56.jpeg 600w, https:\/\/justicapotiguar.com.br\/wp-content\/uploads\/2021\/03\/whatsapp-image-2021-03-01-at-11.29.56-300x169.jpeg 300w\" sizes=\"(max-width: 600px) 100vw, 600px\" \/><figcaption>Reprodu\u00e7\u00e3o Facebook<\/figcaption><\/figure>\n\n\n\n<p>O promotor de justi\u00e7a&nbsp;<strong>J\u00f4natas Albuquerque Pires Rocha<\/strong>, de 38 anos, morreu v\u00edtima da Covid-19 em Porto Velho. Ele estava internado h\u00e1 v\u00e1rios dias em um hospital particular da capital e veio a \u00f3bito no domingo (28). Albuquerque deixa esposa e uma filha.<\/p>\n\n\n\n<p>O promotor era natural de Natal (RN) e ingressou no Minist\u00e9rio P\u00fablico do Estado de Rond\u00f4nia (MPRO) em julho de 2012.<\/p>\n\n\n\n<p>J\u00f4natas atuava na Comarca de Espig\u00e3o do Oeste, com atribui\u00e7\u00f5es na \u00e1rea do Tribunal de J\u00fari, Execu\u00e7\u00e3o Penal, Seguran\u00e7a P\u00fablica e Defesa da Probidade Administrativa.<\/p><div class=\"mbrgq69f29fad5c21d\" ><!--<a href=\"https:\/\/bit.ly\/3QdrqTZ\" target=\"_blank\">\n<img src=\"https:\/\/justicapotiguar.com.br\/wp-content\/uploads\/2023\/09\/mobile-geral.gif\"\/><a\/>--><\/div><style type=\"text\/css\">\r\n.mbrgq69f29fad5c21d {\r\ntext-align: center;\r\n}\r\n@media screen and (min-width: 1201px) {\r\n.mbrgq69f29fad5c21d {\r\ndisplay: none;\r\n}\r\n}\r\n@media screen and (min-width: 993px) and (max-width: 1200px) {\r\n.mbrgq69f29fad5c21d {\r\ndisplay: none;\r\n}\r\n}\r\n@media screen and (min-width: 769px) and (max-width: 992px) {\r\n.mbrgq69f29fad5c21d {\r\ndisplay: none;\r\n}\r\n}\r\n@media screen and (min-width: 768px) and (max-width: 768px) {\r\n.mbrgq69f29fad5c21d {\r\ndisplay: block;\r\n}\r\n}\r\n@media screen and (max-width: 767px) {\r\n.mbrgq69f29fad5c21d {\r\ndisplay: block;\r\n}\r\n}\r\n<\/style>\r\n<div class=\"lxrwb69f29fad5c209\" ><!--<a href=\"https:\/\/bit.ly\/3QdrqTZ\" target=\"_blank\">\n<img src=\"https:\/\/justicapotiguar.com.br\/wp-content\/uploads\/2023\/09\/desktop-geral.gif\"\/><a\/>--><\/div><style type=\"text\/css\">\r\n.lxrwb69f29fad5c209 {\r\ntext-align: center;\nmargin-bottom: 1em;\r\n}\r\n@media screen and (min-width: 1201px) {\r\n.lxrwb69f29fad5c209 {\r\ndisplay: block;\r\n}\r\n}\r\n@media screen and (min-width: 993px) and (max-width: 1200px) {\r\n.lxrwb69f29fad5c209 {\r\ndisplay: block;\r\n}\r\n}\r\n@media screen and (min-width: 769px) and (max-width: 992px) {\r\n.lxrwb69f29fad5c209 {\r\ndisplay: block;\r\n}\r\n}\r\n@media screen and (min-width: 768px) and (max-width: 768px) {\r\n.lxrwb69f29fad5c209 {\r\ndisplay: none;\r\n}\r\n}\r\n@media screen and (max-width: 767px) {\r\n.lxrwb69f29fad5c209 {\r\ndisplay: none;\r\n}\r\n}\r\n<\/style>\r\n\n\n\n\n<p>Em uma rede social, a irm\u00e3 do promotor escreveu nesta segunda-feira (1\u00b0) sobre o carisma dele e afirma estar tentando confortar o cora\u00e7\u00e3o:<\/p>\n\n\n\n<p><em>&#8220;Queridos, nosso querido J\u00f4natas Albuquerque se foi para os bra\u00e7os do Senhor. N\u00e3o foi por falta de ora\u00e7\u00f5es, de clamor, nem de cuidados m\u00e9dicos. Foi porque o Senhor o recolheu para Si. Ele \u00e9 o criador e mantenedor da vida, e \u00e9 a raz\u00e3o da nossa f\u00e9. J\u00f4natas foi muito feliz! Acho que n\u00e3o consigo agora pensar em algu\u00e9m que tivesse tamanho carisma como ele! Foi um irm\u00e3o maravilhoso, um filho excelente, um exemplo para muitos adolescentes e jovens da sua gera\u00e7\u00e3o, um profissional de destaque, um marido incr\u00edvel, um rec\u00e9m-papai amoroso, um amigo fiel para muitos. S\u00f3 posso agradecer pela vida dele. Foi um privil\u00e9gio ser sua irm\u00e3, J\u00f4natas. \u00c9 uma honra ser sua cunhada Daniela Albuquerque Rezende, e uma alegria enorme ser titia da Lu\u00edsa. N\u00e3o sei quando, mas sei que nos veremos novamente no nosso lar celestial, onde n\u00e3o h\u00e1 dor nem l\u00e1grimas.<\/em><\/p>\n\n\n\n<p>G1<\/p>\n","protected":false},"excerpt":{"rendered":"<p>O promotor de justi\u00e7a&nbsp;J\u00f4natas Albuquerque Pires Rocha, de 38 anos, morreu v\u00edtima da Covid-19 em Porto Velho. Ele estava internado h\u00e1 v\u00e1rios dias em um hospital particular da capital e veio a \u00f3bito no domingo (28). Albuquerque deixa esposa e uma filha. O promotor era natural de Natal (RN) e ingressou no Minist\u00e9rio P\u00fablico do<br \/><a class=\"more-link\" href=\"https:\/\/justicapotiguar.com.br\/index.php\/2021\/03\/02\/promotor-de-justica-natalense-morre-aos-38-anos-de-covid-19-em-rondonia\/\">Mais&#8230;<\/a><\/p>\n","protected":false},"author":5,"featured_media":17030,"comment_status":"open","ping_status":"open","sticky":false,"template":"","format":"standard","meta":[],"categories":[3],"tags":[],"_links":{"self":[{"href":"https:\/\/justicapotiguar.com.br\/index.php\/wp-json\/wp\/v2\/posts\/17029"}],"collection":[{"href":"https:\/\/justicapotiguar.com.br\/index.php\/wp-json\/wp\/v2\/posts"}],"about":[{"href":"https:\/\/justicapotiguar.com.br\/index.php\/wp-json\/wp\/v2\/types\/post"}],"author":[{"embeddable":true,"href":"https:\/\/justicapotiguar.com.br\/index.php\/wp-json\/wp\/v2\/users\/5"}],"replies":[{"embeddable":true,"href":"https:\/\/justicapotiguar.com.br\/index.php\/wp-json\/wp\/v2\/comments?post=17029"}],"version-history":[{"count":1,"href":"https:\/\/justicapotiguar.com.br\/index.php\/wp-json\/wp\/v2\/posts\/17029\/revisions"}],"predecessor-version":[{"id":17031,"href":"https:\/\/justicapotiguar.com.br\/index.php\/wp-json\/wp\/v2\/posts\/17029\/revisions\/17031"}],"wp:featuredmedia":[{"embeddable":true,"href":"https:\/\/justicapotiguar.com.br\/index.php\/wp-json\/wp\/v2\/media\/17030"}],"wp:attachment":[{"href":"https:\/\/justicapotiguar.com.br\/index.php\/wp-json\/wp\/v2\/media?parent=17029"}],"wp:term":[{"taxonomy":"category","embeddable":true,"href":"https:\/\/justicapotiguar.com.br\/index.php\/wp-json\/wp\/v2\/categories?post=17029"},{"taxonomy":"post_tag","embeddable":true,"href":"https:\/\/justicapotiguar.com.br\/index.php\/wp-json\/wp\/v2\/tags?post=17029"}],"curies":[{"name":"wp","href":"https:\/\/api.w.org\/{rel}","templated":true}]}}