{"id":17027,"date":"2021-03-02T18:00:12","date_gmt":"2021-03-02T21:00:12","guid":{"rendered":"https:\/\/justicapotiguar.com.br\/?p=17027"},"modified":"2021-03-02T15:59:36","modified_gmt":"2021-03-02T18:59:36","slug":"informativo-686-do-stj-de-1o-de-marco-de-2021","status":"publish","type":"post","link":"https:\/\/justicapotiguar.com.br\/index.php\/2021\/03\/02\/informativo-686-do-stj-de-1o-de-marco-de-2021\/","title":{"rendered":"Informativo 686 do STJ, de 1\u00ba de mar\u00e7o de 2021"},"content":{"rendered":"\n<p><strong>Rodrigo Leite | Canal P\u00edlulas Jur\u00eddicas | STF e STJ<\/strong> https:\/\/t.me\/pilulasjuridicasSTFSTJ<\/p>\n\n\n\n<p><strong>PRIMEIRA SE\u00c7\u00c3O<\/strong><\/p>\n\n\n\n<figure class=\"wp-block-image size-large\"><img loading=\"lazy\" width=\"680\" height=\"382\" src=\"https:\/\/justicapotiguar.com.br\/wp-content\/uploads\/2020\/03\/CAF8748F04366BA854D310F46072236A80B3_stj.jpg\" alt=\"\" class=\"wp-image-6777\" srcset=\"https:\/\/justicapotiguar.com.br\/wp-content\/uploads\/2020\/03\/CAF8748F04366BA854D310F46072236A80B3_stj.jpg 680w, https:\/\/justicapotiguar.com.br\/wp-content\/uploads\/2020\/03\/CAF8748F04366BA854D310F46072236A80B3_stj-300x169.jpg 300w\" sizes=\"(max-width: 680px) 100vw, 680px\" \/><figcaption>Reprodu\u00e7\u00e3o<\/figcaption><\/figure>\n\n\n\n<p>O art. 782, \u00a73\u00ba, do CPC \u00e9 aplic\u00e1vel \u00e0s execu\u00e7\u00f5es fiscais, devendo o magistrado deferir o requerimento de inclus\u00e3o do nome do executado em cadastros de inadimplentes, preferencialmente pelo sistema SERASAJUD, independentemente do esgotamento pr\u00e9vio de outras medidas executivas, salvo se vislumbrar alguma d\u00favida razo\u00e1vel \u00e0 exist\u00eancia do direito ao cr\u00e9dito previsto na Certid\u00e3o de D\u00edvida Ativa \u2013 CDA (<strong>REsp 1.807.180\/PR<\/strong>, Tema 1026)<\/p>\n\n\n\n<p>Nos contratos de m\u00fatuo imobili\u00e1rio regidos pelo Plano de Equival\u00eancia Salarial &#8211; PES, segurados pelo Fundo de Compensa\u00e7\u00e3o de Valoriza\u00e7\u00f5es Salariais &#8211; FCVS, o reconhecimento de anatocismo n\u00e3o gera direito a repeti\u00e7\u00e3o de ind\u00e9bito se tal procedimento impactou apenas no valor do saldo devedor do contrato (<strong>EREsp 1.460.696\/PR<\/strong>)<\/p>\n\n\n\n<p><strong>TERCEIRA SE\u00c7\u00c3O<\/strong><\/p>\n\n\n\n<p>Ap\u00f3s o advento da Lei n. 13.964\/2019, n\u00e3o \u00e9 poss\u00edvel a convers\u00e3o <em>ex off\u00edcio<\/em> da pris\u00e3o em flagrante em preventiva, mesmo nas situa\u00e7\u00f5es em que n\u00e3o ocorre audi\u00eancia de cust\u00f3dia (<strong>RHC 131.263<\/strong>)<\/p>\n\n\n\n<p><strong>PRIMEIRA TURMA<\/strong><\/p>\n\n\n\n<p>\u00c9 poss\u00edvel acordo de n\u00e3o persecu\u00e7\u00e3o c\u00edvel no \u00e2mbito da a\u00e7\u00e3o de improbidade administrativa em fase recursal (<strong>AREsp 1.314.581\/SP<\/strong>)<\/p>\n\n\n\n<p><strong>SEGUNDA TURMA<\/strong><\/p>\n\n\n\n<p>N\u00e3o \u00e9 vedado, ao Procurador da Fazenda Nacional que emitiu a certid\u00e3o de d\u00edvida ativa, atuar como representante judicial da Fazenda Nacional, na respectiva execu\u00e7\u00e3o fiscal (<strong>REsp 1.311.899-RS<\/strong>)<\/p>\n\n\n\n<p><strong>TERCEIRA TURMA<\/strong><\/p>\n\n\n\n<p>No caso de a anula\u00e7\u00e3o de partilha acarretar a perda de im\u00f3vel j\u00e1 registrado em nome de herdeiro casado sob o regime de comunh\u00e3o universal de bens, a cita\u00e7\u00e3o do c\u00f4njuge \u00e9 indispens\u00e1vel, tratando-se de hip\u00f3tese de litiscons\u00f3rcio necess\u00e1rio (<strong>REsp 1.706.999-SP<\/strong>)<\/p><div class=\"pdzgi69f29df4bc412\" ><!--<a href=\"https:\/\/bit.ly\/3QdrqTZ\" target=\"_blank\">\n<img src=\"https:\/\/justicapotiguar.com.br\/wp-content\/uploads\/2023\/09\/mobile-geral.gif\"\/><a\/>--><\/div><style type=\"text\/css\">\r\n.pdzgi69f29df4bc412 {\r\ntext-align: center;\r\n}\r\n@media screen and (min-width: 1201px) {\r\n.pdzgi69f29df4bc412 {\r\ndisplay: none;\r\n}\r\n}\r\n@media screen and (min-width: 993px) and (max-width: 1200px) {\r\n.pdzgi69f29df4bc412 {\r\ndisplay: none;\r\n}\r\n}\r\n@media screen and (min-width: 769px) and (max-width: 992px) {\r\n.pdzgi69f29df4bc412 {\r\ndisplay: none;\r\n}\r\n}\r\n@media screen and (min-width: 768px) and (max-width: 768px) {\r\n.pdzgi69f29df4bc412 {\r\ndisplay: block;\r\n}\r\n}\r\n@media screen and (max-width: 767px) {\r\n.pdzgi69f29df4bc412 {\r\ndisplay: block;\r\n}\r\n}\r\n<\/style>\r\n<div class=\"ejcav69f29df4bc3fc\" ><!--<a href=\"https:\/\/bit.ly\/3QdrqTZ\" target=\"_blank\">\n<img src=\"https:\/\/justicapotiguar.com.br\/wp-content\/uploads\/2023\/09\/desktop-geral.gif\"\/><a\/>--><\/div><style type=\"text\/css\">\r\n.ejcav69f29df4bc3fc {\r\ntext-align: center;\nmargin-bottom: 1em;\r\n}\r\n@media screen and (min-width: 1201px) {\r\n.ejcav69f29df4bc3fc {\r\ndisplay: block;\r\n}\r\n}\r\n@media screen and (min-width: 993px) and (max-width: 1200px) {\r\n.ejcav69f29df4bc3fc {\r\ndisplay: block;\r\n}\r\n}\r\n@media screen and (min-width: 769px) and (max-width: 992px) {\r\n.ejcav69f29df4bc3fc {\r\ndisplay: block;\r\n}\r\n}\r\n@media screen and (min-width: 768px) and (max-width: 768px) {\r\n.ejcav69f29df4bc3fc {\r\ndisplay: none;\r\n}\r\n}\r\n@media screen and (max-width: 767px) {\r\n.ejcav69f29df4bc3fc {\r\ndisplay: none;\r\n}\r\n}\r\n<\/style>\r\n\n\n\n\n<p>O mero fato de o fornecedor do produto n\u00e3o o possuir em estoque no momento da contrata\u00e7\u00e3o n\u00e3o \u00e9 condi\u00e7\u00e3o suficiente para eximi-lo do cumprimento for\u00e7ado da obriga\u00e7\u00e3o (<strong>REsp 1.872.048-RS<\/strong>)<\/p>\n\n\n\n<p>O fato de a sociedade ter somente dois s\u00f3cios n\u00e3o \u00e9 suficiente para afastar a proibi\u00e7\u00e3o de o administrador aprovar suas pr\u00f3prias contas (<strong>REsp 1.692.803-SP<\/strong>)<\/p>\n\n\n\n<p>O termo final para a remi\u00e7\u00e3o da execu\u00e7\u00e3o \u00e9 a assinatura do auto de arremata\u00e7\u00e3o (<strong>REsp 1.862.676-SP<\/strong>)<\/p>\n\n\n\n<p>Para a remi\u00e7\u00e3o da execu\u00e7\u00e3o, o executado deve depositar o montante correspondente \u00e0 totalidade da d\u00edvida executada, acrescida de juros, custas e honor\u00e1rios de advogado (<strong>REsp 1.862.676-SP<\/strong>)<\/p>\n\n\n\n<p><strong>QUARTA TURMA<\/strong><\/p>\n\n\n\n<p>\u00c9 cab\u00edvel o repasse da despesa relativa \u00e0 tarifa de emiss\u00e3o de boletos banc\u00e1rios feito pela distribuidora de medicamentos \u00e0s drogarias e farm\u00e1cias (<strong>REsp 1.580.446-RJ<\/strong>)<\/p>\n\n\n\n<p>Em a\u00e7\u00e3o de extin\u00e7\u00e3o contratual com cl\u00e1usula resolutiva, \u00e9 l\u00edcito \u00e0 parte lesada optar entre o cumprimento for\u00e7ado ou o rompimento do contrato, desde que antes da senten\u00e7a (<strong>REsp 1.907.653-RJ<\/strong>)<\/p>\n\n\n\n<p>O neg\u00f3cio jur\u00eddico processual que transige sobre o contradit\u00f3rio e os atos de titularidade judicial se aperfei\u00e7oa validamente se a ele aquiescer o juiz<strong> <\/strong>(<strong>REsp1.810.444-SP<\/strong>)<\/p>\n\n\n\n<p>Em a\u00e7\u00e3o de nulidade de registro de marca, a natureza da participa\u00e7\u00e3o processual do INPI, quando n\u00e3o figurar como autor ou corr\u00e9u, \u00e9 de interven\u00e7\u00e3o <em>sui generis <\/em>(ou at\u00edpica) obrigat\u00f3ria, na condi\u00e7\u00e3o de assistente especial (<strong>REsp1.817.109-RJ<\/strong>)<\/p>\n\n\n\n<p><strong>SEXTA TURMA<\/strong><\/p>\n\n\n\n<p>\u00c9 ilegal a senten\u00e7a de pron\u00fancia fundamentada exclusivamente em elementos colhidos no inqu\u00e9rito policial (<strong>HC 589.270<\/strong>)<\/p>\n\n\n\n<p><\/p>\n","protected":false},"excerpt":{"rendered":"<p>Rodrigo Leite | Canal P\u00edlulas Jur\u00eddicas | STF e STJ https:\/\/t.me\/pilulasjuridicasSTFSTJ PRIMEIRA SE\u00c7\u00c3O O art. 782, \u00a73\u00ba, do CPC \u00e9 aplic\u00e1vel \u00e0s execu\u00e7\u00f5es fiscais, devendo o magistrado deferir o requerimento de inclus\u00e3o do nome do executado em cadastros de inadimplentes, preferencialmente pelo sistema SERASAJUD, independentemente do esgotamento pr\u00e9vio de outras medidas executivas, salvo se vislumbrar<br \/><a class=\"more-link\" href=\"https:\/\/justicapotiguar.com.br\/index.php\/2021\/03\/02\/informativo-686-do-stj-de-1o-de-marco-de-2021\/\">Mais&#8230;<\/a><\/p>\n","protected":false},"author":5,"featured_media":6061,"comment_status":"open","ping_status":"open","sticky":false,"template":"","format":"standard","meta":[],"categories":[3],"tags":[],"_links":{"self":[{"href":"https:\/\/justicapotiguar.com.br\/index.php\/wp-json\/wp\/v2\/posts\/17027"}],"collection":[{"href":"https:\/\/justicapotiguar.com.br\/index.php\/wp-json\/wp\/v2\/posts"}],"about":[{"href":"https:\/\/justicapotiguar.com.br\/index.php\/wp-json\/wp\/v2\/types\/post"}],"author":[{"embeddable":true,"href":"https:\/\/justicapotiguar.com.br\/index.php\/wp-json\/wp\/v2\/users\/5"}],"replies":[{"embeddable":true,"href":"https:\/\/justicapotiguar.com.br\/index.php\/wp-json\/wp\/v2\/comments?post=17027"}],"version-history":[{"count":1,"href":"https:\/\/justicapotiguar.com.br\/index.php\/wp-json\/wp\/v2\/posts\/17027\/revisions"}],"predecessor-version":[{"id":17028,"href":"https:\/\/justicapotiguar.com.br\/index.php\/wp-json\/wp\/v2\/posts\/17027\/revisions\/17028"}],"wp:featuredmedia":[{"embeddable":true,"href":"https:\/\/justicapotiguar.com.br\/index.php\/wp-json\/wp\/v2\/media\/6061"}],"wp:attachment":[{"href":"https:\/\/justicapotiguar.com.br\/index.php\/wp-json\/wp\/v2\/media?parent=17027"}],"wp:term":[{"taxonomy":"category","embeddable":true,"href":"https:\/\/justicapotiguar.com.br\/index.php\/wp-json\/wp\/v2\/categories?post=17027"},{"taxonomy":"post_tag","embeddable":true,"href":"https:\/\/justicapotiguar.com.br\/index.php\/wp-json\/wp\/v2\/tags?post=17027"}],"curies":[{"name":"wp","href":"https:\/\/api.w.org\/{rel}","templated":true}]}}