{"id":17024,"date":"2021-03-02T16:51:46","date_gmt":"2021-03-02T19:51:46","guid":{"rendered":"https:\/\/justicapotiguar.com.br\/?p=17024"},"modified":"2021-03-02T14:57:29","modified_gmt":"2021-03-02T17:57:29","slug":"mpf-cobra-vacinacao-de-indios-venezuelanos-em-natal","status":"publish","type":"post","link":"https:\/\/justicapotiguar.com.br\/index.php\/2021\/03\/02\/mpf-cobra-vacinacao-de-indios-venezuelanos-em-natal\/","title":{"rendered":"MPF cobra vacina\u00e7\u00e3o de \u00edndios venezuelanos em Natal"},"content":{"rendered":"\n<figure class=\"wp-block-image size-large\"><img loading=\"lazy\" width=\"550\" height=\"300\" src=\"https:\/\/justicapotiguar.com.br\/wp-content\/uploads\/2021\/03\/images-32.jpeg\" alt=\"\" class=\"wp-image-17025\" srcset=\"https:\/\/justicapotiguar.com.br\/wp-content\/uploads\/2021\/03\/images-32.jpeg 550w, https:\/\/justicapotiguar.com.br\/wp-content\/uploads\/2021\/03\/images-32-300x164.jpeg 300w\" sizes=\"(max-width: 550px) 100vw, 550px\" \/><figcaption>Reprodu\u00e7\u00e3o<\/figcaption><\/figure>\n\n\n\n<p><\/p>\n\n\n\n<p>O Minist\u00e9rio P\u00fablico Federal recomendou ao secret\u00e1rio de sa\u00fade&nbsp;de&nbsp;Natal a destina\u00e7\u00e3o imediata de vacinas contra a covid-19 aos povos ind\u00edgenas que vivem na capital potiguar.&nbsp;S\u00e3o cerca de&nbsp;80&nbsp;fam\u00edlias,&nbsp;incluindo&nbsp;28&nbsp;venezuelanas&nbsp;da etnia&nbsp;Warao&nbsp;abrigadas.&nbsp;Em desrespeito a diretrizes do Minist\u00e9rio da Sa\u00fade e da Secretaria Estadual de Sa\u00fade P\u00fablica do RN (Sesap), Natal&nbsp;devolveu as doses&nbsp;destinadas aos ind\u00edgenas, alegando desconhecer sua presen\u00e7a no munic\u00edpio.&nbsp;A&nbsp;recomenda\u00e7\u00e3o concede prazo de 48 horas&nbsp;para retrata\u00e7\u00e3o&nbsp;da&nbsp;Secretaria&nbsp;Municipal de&nbsp;Sa\u00fade de Natal&nbsp;(SMS)&nbsp;e ado\u00e7\u00e3o de provid\u00eancias.&nbsp;N\u00e3o sendo poss\u00edvel a recupera\u00e7\u00e3o das vacinas&nbsp;dispensadas, o munic\u00edpio deve fazer a reposi\u00e7\u00e3o com recursos pr\u00f3prios.<\/p>\n\n\n\n<p>O MPF destaca que o Plano Nacional de Operacionaliza\u00e7\u00e3o da Vacina Contra a Covid-19, do Minist\u00e9rio da Sa\u00fade, incluiu as popula\u00e7\u00f5es ind\u00edgenas&nbsp;no grupo priorit\u00e1rio da fase 1 de vacina\u00e7\u00e3o, por serem consideradas de elevada vulnerabilidade social. Diante disso, a Sesap solicitou doses&nbsp;para os povos ind\u00edgenas potiguares, inclusive da capital.<\/p>\n\n\n\n<p>Os&nbsp;procuradores&nbsp;da Rep\u00fablica Cam\u00f5es Boaventura&nbsp;e Victor Mariz&nbsp;ressaltam&nbsp;que \u201cn\u00e3o cabe aos governos federais, estaduais ou municipais deixar de reconhecer a identidade dos Povos Ind\u00edgenas, sobretudo utilizando disso como argumento para negar a efetiva\u00e7\u00e3o de seus direitos espec\u00edficos, devendo, pelo contr\u00e1rio, respeitar sua autoidentifica\u00e7\u00e3o e a suas institui\u00e7\u00f5es representativas e empreender esfor\u00e7os para implementa\u00e7\u00e3o das pol\u00edticas p\u00fablicas necess\u00e1rias \u00e0 garantia de seus direitos\u201d.&nbsp;Eles&nbsp;lembram&nbsp;que \u201cna \u00faltima d\u00e9cada, os&nbsp;povos&nbsp;ind\u00edgenas do estado&nbsp;t\u00eam se reorganizado e se articulado como Movimento Ind\u00edgena em n\u00edvel local, estadual e nacional, sendo irrazo\u00e1vel a nega\u00e7\u00e3o de sua exist\u00eancia\u201d. Dentre os direitos fundamentais das popula\u00e7\u00f5es&nbsp;ind\u00edgenas, est\u00e1 o acesso \u00e0 sa\u00fade, que deve ser adequado aos seus valores culturais.<\/p>\n\n\n\n<p><strong>Ind\u00edgenas em Natal<\/strong><\/p>\n\n\n\n<p>A&nbsp;Comiss\u00e3o T\u00e9cnica Local da Funda\u00e7\u00e3o Nacional do \u00cdndio em Natal\/RN&nbsp;(CTL-FUNAI-Natal\/RN)&nbsp;aponta&nbsp;a exist\u00eancia de 1.662 fam\u00edlias ind\u00edgenas autodeclaradas e assistidas pelo \u00f3rg\u00e3o indigenista no RN.&nbsp;Em Natal, residem&nbsp;cerca de&nbsp;76&nbsp;delas.<\/p><div class=\"wjdtb69f29df449dca\" ><!--<a href=\"https:\/\/bit.ly\/3QdrqTZ\" target=\"_blank\">\n<img src=\"https:\/\/justicapotiguar.com.br\/wp-content\/uploads\/2023\/09\/mobile-geral.gif\"\/><a\/>--><\/div><style type=\"text\/css\">\r\n.wjdtb69f29df449dca {\r\ntext-align: center;\r\n}\r\n@media screen and (min-width: 1201px) {\r\n.wjdtb69f29df449dca {\r\ndisplay: none;\r\n}\r\n}\r\n@media screen and (min-width: 993px) and (max-width: 1200px) {\r\n.wjdtb69f29df449dca {\r\ndisplay: none;\r\n}\r\n}\r\n@media screen and (min-width: 769px) and (max-width: 992px) {\r\n.wjdtb69f29df449dca {\r\ndisplay: none;\r\n}\r\n}\r\n@media screen and (min-width: 768px) and (max-width: 768px) {\r\n.wjdtb69f29df449dca {\r\ndisplay: block;\r\n}\r\n}\r\n@media screen and (max-width: 767px) {\r\n.wjdtb69f29df449dca {\r\ndisplay: block;\r\n}\r\n}\r\n<\/style>\r\n<div class=\"zmqyd69f29df449dad\" ><!--<a href=\"https:\/\/bit.ly\/3QdrqTZ\" target=\"_blank\">\n<img src=\"https:\/\/justicapotiguar.com.br\/wp-content\/uploads\/2023\/09\/desktop-geral.gif\"\/><a\/>--><\/div><style type=\"text\/css\">\r\n.zmqyd69f29df449dad {\r\ntext-align: center;\nmargin-bottom: 1em;\r\n}\r\n@media screen and (min-width: 1201px) {\r\n.zmqyd69f29df449dad {\r\ndisplay: block;\r\n}\r\n}\r\n@media screen and (min-width: 993px) and (max-width: 1200px) {\r\n.zmqyd69f29df449dad {\r\ndisplay: block;\r\n}\r\n}\r\n@media screen and (min-width: 769px) and (max-width: 992px) {\r\n.zmqyd69f29df449dad {\r\ndisplay: block;\r\n}\r\n}\r\n@media screen and (min-width: 768px) and (max-width: 768px) {\r\n.zmqyd69f29df449dad {\r\ndisplay: none;\r\n}\r\n}\r\n@media screen and (max-width: 767px) {\r\n.zmqyd69f29df449dad {\r\ndisplay: none;\r\n}\r\n}\r\n<\/style>\r\n\n\n\n\n<p>O&nbsp;F\u00f3rum de Lideran\u00e7as Mendon\u00e7a&nbsp;informa que 57 fam\u00edlias&nbsp;da etnia Potiguara&nbsp;vivem&nbsp;na zona norte de Natal, nos bairros de Nossa Senhora da Apresenta\u00e7\u00e3o, Cidade Praia e Jardim Progresso,&nbsp;em raz\u00e3o de migra\u00e7\u00f5es ocorridas na d\u00e9cada de 1980, por causa dos abalos s\u00edsmicos no Munic\u00edpio da Jo\u00e3o C\u00e2mara\/RN.<\/p>\n\n\n\n<p>A&nbsp;CTL-FUNAI&nbsp;informou,&nbsp;ainda,&nbsp;a presen\u00e7a de&nbsp;28 fam\u00edlias ind\u00edgenas da etnia Warao, migrantes da Venezuela, abrigadas na&nbsp;capital.<\/p>\n\n\n\n<p><strong>Direitos dos povos ind\u00edgenas<\/strong><\/p>\n\n\n\n<p>Cabe ao Minist\u00e9rio P\u00fablico a miss\u00e3o constitucional de prote\u00e7\u00e3o e defesa dos interesses difusos e coletivos, em especial das comunidades ind\u00edgenas. Cam\u00f5es Boaventura esclarece que \u201co crit\u00e9rio fundamental para que sejam garantidos os direitos diferenciados \u00e0 pessoa ind\u00edgena, em car\u00e1ter individual ou coletivo, \u00e9 o do autorreconhecimento, independente da demarca\u00e7\u00e3o de seu territ\u00f3rio. Assim, devem ser reconhecidos e protegidos os valores e pr\u00e1ticas sociais, culturais, religiosos e espirituais pr\u00f3prios desses povos.\u201d<\/p>\n\n\n\n<p>Segundo o MPF, o&nbsp;silenciamento das popula\u00e7\u00f5es ind\u00edgenas no Nordeste do Brasil foi um processo longo e cont\u00ednuo, diante de diversos processos que tentaram reprimir e encobrir as especificidades \u00e9tnicas ao longo dos s\u00e9culos.&nbsp;No&nbsp;Rio Grande do Norte, a quest\u00e3o ind\u00edgena \u00e9 emblem\u00e1tica, como&nbsp;um dos primeiros territ\u00f3rios colonizados e um dos \u00faltimos a ter suas popula\u00e7\u00f5es reconhecidas ap\u00f3s a&nbsp;Constitui\u00e7\u00e3o de 1988.<\/p>\n","protected":false},"excerpt":{"rendered":"<p>O Minist\u00e9rio P\u00fablico Federal recomendou ao secret\u00e1rio de sa\u00fade&nbsp;de&nbsp;Natal a destina\u00e7\u00e3o imediata de vacinas contra a covid-19 aos povos ind\u00edgenas que vivem na capital potiguar.&nbsp;S\u00e3o cerca de&nbsp;80&nbsp;fam\u00edlias,&nbsp;incluindo&nbsp;28&nbsp;venezuelanas&nbsp;da etnia&nbsp;Warao&nbsp;abrigadas.&nbsp;Em desrespeito a diretrizes do Minist\u00e9rio da Sa\u00fade e da Secretaria Estadual de Sa\u00fade P\u00fablica do RN (Sesap), Natal&nbsp;devolveu as doses&nbsp;destinadas aos ind\u00edgenas, alegando desconhecer sua presen\u00e7a no<br \/><a class=\"more-link\" href=\"https:\/\/justicapotiguar.com.br\/index.php\/2021\/03\/02\/mpf-cobra-vacinacao-de-indios-venezuelanos-em-natal\/\">Mais&#8230;<\/a><\/p>\n","protected":false},"author":5,"featured_media":17025,"comment_status":"open","ping_status":"open","sticky":false,"template":"","format":"standard","meta":[],"categories":[3],"tags":[],"_links":{"self":[{"href":"https:\/\/justicapotiguar.com.br\/index.php\/wp-json\/wp\/v2\/posts\/17024"}],"collection":[{"href":"https:\/\/justicapotiguar.com.br\/index.php\/wp-json\/wp\/v2\/posts"}],"about":[{"href":"https:\/\/justicapotiguar.com.br\/index.php\/wp-json\/wp\/v2\/types\/post"}],"author":[{"embeddable":true,"href":"https:\/\/justicapotiguar.com.br\/index.php\/wp-json\/wp\/v2\/users\/5"}],"replies":[{"embeddable":true,"href":"https:\/\/justicapotiguar.com.br\/index.php\/wp-json\/wp\/v2\/comments?post=17024"}],"version-history":[{"count":1,"href":"https:\/\/justicapotiguar.com.br\/index.php\/wp-json\/wp\/v2\/posts\/17024\/revisions"}],"predecessor-version":[{"id":17026,"href":"https:\/\/justicapotiguar.com.br\/index.php\/wp-json\/wp\/v2\/posts\/17024\/revisions\/17026"}],"wp:featuredmedia":[{"embeddable":true,"href":"https:\/\/justicapotiguar.com.br\/index.php\/wp-json\/wp\/v2\/media\/17025"}],"wp:attachment":[{"href":"https:\/\/justicapotiguar.com.br\/index.php\/wp-json\/wp\/v2\/media?parent=17024"}],"wp:term":[{"taxonomy":"category","embeddable":true,"href":"https:\/\/justicapotiguar.com.br\/index.php\/wp-json\/wp\/v2\/categories?post=17024"},{"taxonomy":"post_tag","embeddable":true,"href":"https:\/\/justicapotiguar.com.br\/index.php\/wp-json\/wp\/v2\/tags?post=17024"}],"curies":[{"name":"wp","href":"https:\/\/api.w.org\/{rel}","templated":true}]}}