{"id":17020,"date":"2021-03-02T14:59:01","date_gmt":"2021-03-02T17:59:01","guid":{"rendered":"https:\/\/justicapotiguar.com.br\/?p=17020"},"modified":"2021-03-02T14:47:28","modified_gmt":"2021-03-02T17:47:28","slug":"pf-prende-4-desembargadores-do-trt-rj-em-desdobramento-da-operacao-que-afastou-witzel-outros-8-sao-presos","status":"publish","type":"post","link":"https:\/\/justicapotiguar.com.br\/index.php\/2021\/03\/02\/pf-prende-4-desembargadores-do-trt-rj-em-desdobramento-da-operacao-que-afastou-witzel-outros-8-sao-presos\/","title":{"rendered":"PF prende 4 desembargadores do TRT-RJ em desdobramento da opera\u00e7\u00e3o que afastou Witzel; outros 8 s\u00e3o presos"},"content":{"rendered":"\n<p><strong>Quatro desembargadores<\/strong>\u00a0do Tribunal Regional do Trabalho do Rio (TRT-RJ) foram presos nesta ter\u00e7a-feira (2) pela Pol\u00edcia Federal (<a href=\"https:\/\/g1.globo.com\/tudo-sobre\/policia-federal\/\">PF<\/a>) na\u00a0<strong>Opera\u00e7\u00e3o Mais Valia<\/strong>.<\/p>\n\n\n\n<figure class=\"wp-block-image size-large\"><img loading=\"lazy\" width=\"450\" height=\"270\" src=\"https:\/\/justicapotiguar.com.br\/wp-content\/uploads\/2021\/03\/images-31.jpeg\" alt=\"\" class=\"wp-image-17021\" srcset=\"https:\/\/justicapotiguar.com.br\/wp-content\/uploads\/2021\/03\/images-31.jpeg 450w, https:\/\/justicapotiguar.com.br\/wp-content\/uploads\/2021\/03\/images-31-300x180.jpeg 300w\" sizes=\"(max-width: 450px) 100vw, 450px\" \/><figcaption>Reprodu\u00e7\u00e3o<\/figcaption><\/figure>\n\n\n\n<p>Trata-se de um desdobramento da&nbsp;<strong>Opera\u00e7\u00e3o Tris in Idem<\/strong>,&nbsp;<a href=\"https:\/\/g1.globo.com\/rj\/rio-de-janeiro\/noticia\/2020\/08\/28\/pf-cumpre-mandados-no-rj-nesta-sexta-feira.ghtml\">que em agosto de 2020 afastou do cargo&nbsp;<\/a>o ent\u00e3o governador do RJ,&nbsp;<a href=\"https:\/\/g1.globo.com\/politica\/politico\/wilson-witzel\/\">Wilson Witzel<\/a>&nbsp;(PSC), na crise dos gastos na pandemia.<\/p>\n\n\n\n<p>O Minist\u00e9rio P\u00fablico Federal (<a href=\"https:\/\/g1.globo.com\/tudo-sobre\/ministerio-publico-federal\/\">MPF<\/a>) apura&nbsp;o pagamento de vantagens indevidas a magistrados&nbsp;que, em contrapartida, teriam beneficiado integrantes do esquema criminoso supostamente instalado no governo Witzel \u2014 que no m\u00eas passado&nbsp;<a href=\"https:\/\/g1.globo.com\/rj\/rio-de-janeiro\/noticia\/2021\/02\/11\/relator-no-stj-vota-para-aceitar-denuncia-contra-wilson-witzel-governador-afastado-do-rj.ghtml\">virou r\u00e9u por corrup\u00e7\u00e3o e lavagem de dinheiro<\/a>.<\/p>\n\n\n\n<p>Segundo a den\u00fancia do MPF, firmas pagavam para a quadrilha para serem inclu\u00eddas no Plano Especial de Execu\u00e7\u00e3o da Justi\u00e7a do Trabalho fluminense.<\/p>\n\n\n\n<p>O objetivo era conseguir com que o governo do estado pagasse valores devidos.<\/p><div class=\"lkrqa69f29fb88a901\" ><!--<a href=\"https:\/\/bit.ly\/3QdrqTZ\" target=\"_blank\">\n<img src=\"https:\/\/justicapotiguar.com.br\/wp-content\/uploads\/2023\/09\/mobile-geral.gif\"\/><a\/>--><\/div><style type=\"text\/css\">\r\n.lkrqa69f29fb88a901 {\r\ntext-align: center;\r\n}\r\n@media screen and (min-width: 1201px) {\r\n.lkrqa69f29fb88a901 {\r\ndisplay: none;\r\n}\r\n}\r\n@media screen and (min-width: 993px) and (max-width: 1200px) {\r\n.lkrqa69f29fb88a901 {\r\ndisplay: none;\r\n}\r\n}\r\n@media screen and (min-width: 769px) and (max-width: 992px) {\r\n.lkrqa69f29fb88a901 {\r\ndisplay: none;\r\n}\r\n}\r\n@media screen and (min-width: 768px) and (max-width: 768px) {\r\n.lkrqa69f29fb88a901 {\r\ndisplay: block;\r\n}\r\n}\r\n@media screen and (max-width: 767px) {\r\n.lkrqa69f29fb88a901 {\r\ndisplay: block;\r\n}\r\n}\r\n<\/style>\r\n<div class=\"qrvcp69f29fb88a8e6\" ><!--<a href=\"https:\/\/bit.ly\/3QdrqTZ\" target=\"_blank\">\n<img src=\"https:\/\/justicapotiguar.com.br\/wp-content\/uploads\/2023\/09\/desktop-geral.gif\"\/><a\/>--><\/div><style type=\"text\/css\">\r\n.qrvcp69f29fb88a8e6 {\r\ntext-align: center;\nmargin-bottom: 1em;\r\n}\r\n@media screen and (min-width: 1201px) {\r\n.qrvcp69f29fb88a8e6 {\r\ndisplay: block;\r\n}\r\n}\r\n@media screen and (min-width: 993px) and (max-width: 1200px) {\r\n.qrvcp69f29fb88a8e6 {\r\ndisplay: block;\r\n}\r\n}\r\n@media screen and (min-width: 769px) and (max-width: 992px) {\r\n.qrvcp69f29fb88a8e6 {\r\ndisplay: block;\r\n}\r\n}\r\n@media screen and (min-width: 768px) and (max-width: 768px) {\r\n.qrvcp69f29fb88a8e6 {\r\ndisplay: none;\r\n}\r\n}\r\n@media screen and (max-width: 767px) {\r\n.qrvcp69f29fb88a8e6 {\r\ndisplay: none;\r\n}\r\n}\r\n<\/style>\r\n\n\n\n\n<p>Pelo menos sete empresas s\u00e3o citadas no inqu\u00e9rito: a Pr\u00f3-Sa\u00fade, a \u00c1trio Service, a MPE Engenharia e quatro cons\u00f3rcios de transporte: Transcarioca, Santa Cruz, Intersul e Internorte.<\/p>\n\n\n\n<p>Witzel foi novamente denunciado nesta ter\u00e7a. \u00c9 a quarta den\u00fancia da PGR contra o ex-juiz federal.<\/p>\n\n\n\n<p>No total, a&nbsp;<strong>PF cumpriu 11 mandados de pris\u00e3o<\/strong>&nbsp;\u2014 contra os quatro ju\u00edzes e sete supostos operadores \u2014 e prendeu um advogado em flagrante, por posse ilegal de arma.<\/p>\n\n\n\n<ol><li>Ant\u00f4nio Carlos de Azevedo Rodrigues, desembargador<\/li><li>Eduarda Pinto da Cruz, operadora<\/li><li>Fernando Ant\u00f4nio Zorzenon da Silva, desembargador<\/li><li>Jos\u00e9 da Fonseca Martins Junior, desembargador<\/li><li>Leila Maria Gregory Cavalcante de Albuquerque, operadora<\/li><li>Manoel Messias Peixinho<\/li><li>Marcello Cavanellas Zorzenon da Silva, operador<\/li><li>Marcos Pinto da Cruz, desembargador<\/li><li>Pedro D\u2019Alc\u00e2ntara Miranda Neto<\/li><li>S\u00f4nia Regina Dias Martins, operadora<\/li><li>Suzani Andrade Ferraro, operadora<\/li><\/ol>\n\n\n\n<p>G1<\/p>\n","protected":false},"excerpt":{"rendered":"<p>Quatro desembargadores\u00a0do Tribunal Regional do Trabalho do Rio (TRT-RJ) foram presos nesta ter\u00e7a-feira (2) pela Pol\u00edcia Federal (PF) na\u00a0Opera\u00e7\u00e3o Mais Valia. Trata-se de um desdobramento da&nbsp;Opera\u00e7\u00e3o Tris in Idem,&nbsp;que em agosto de 2020 afastou do cargo&nbsp;o ent\u00e3o governador do RJ,&nbsp;Wilson Witzel&nbsp;(PSC), na crise dos gastos na pandemia. O Minist\u00e9rio P\u00fablico Federal (MPF) apura&nbsp;o pagamento de<br \/><a class=\"more-link\" href=\"https:\/\/justicapotiguar.com.br\/index.php\/2021\/03\/02\/pf-prende-4-desembargadores-do-trt-rj-em-desdobramento-da-operacao-que-afastou-witzel-outros-8-sao-presos\/\">Mais&#8230;<\/a><\/p>\n","protected":false},"author":5,"featured_media":17021,"comment_status":"open","ping_status":"open","sticky":false,"template":"","format":"standard","meta":[],"categories":[3],"tags":[],"_links":{"self":[{"href":"https:\/\/justicapotiguar.com.br\/index.php\/wp-json\/wp\/v2\/posts\/17020"}],"collection":[{"href":"https:\/\/justicapotiguar.com.br\/index.php\/wp-json\/wp\/v2\/posts"}],"about":[{"href":"https:\/\/justicapotiguar.com.br\/index.php\/wp-json\/wp\/v2\/types\/post"}],"author":[{"embeddable":true,"href":"https:\/\/justicapotiguar.com.br\/index.php\/wp-json\/wp\/v2\/users\/5"}],"replies":[{"embeddable":true,"href":"https:\/\/justicapotiguar.com.br\/index.php\/wp-json\/wp\/v2\/comments?post=17020"}],"version-history":[{"count":1,"href":"https:\/\/justicapotiguar.com.br\/index.php\/wp-json\/wp\/v2\/posts\/17020\/revisions"}],"predecessor-version":[{"id":17022,"href":"https:\/\/justicapotiguar.com.br\/index.php\/wp-json\/wp\/v2\/posts\/17020\/revisions\/17022"}],"wp:featuredmedia":[{"embeddable":true,"href":"https:\/\/justicapotiguar.com.br\/index.php\/wp-json\/wp\/v2\/media\/17021"}],"wp:attachment":[{"href":"https:\/\/justicapotiguar.com.br\/index.php\/wp-json\/wp\/v2\/media?parent=17020"}],"wp:term":[{"taxonomy":"category","embeddable":true,"href":"https:\/\/justicapotiguar.com.br\/index.php\/wp-json\/wp\/v2\/categories?post=17020"},{"taxonomy":"post_tag","embeddable":true,"href":"https:\/\/justicapotiguar.com.br\/index.php\/wp-json\/wp\/v2\/tags?post=17020"}],"curies":[{"name":"wp","href":"https:\/\/api.w.org\/{rel}","templated":true}]}}