{"id":17018,"date":"2021-03-02T14:38:54","date_gmt":"2021-03-02T17:38:54","guid":{"rendered":"https:\/\/justicapotiguar.com.br\/?p=17018"},"modified":"2021-03-02T14:38:54","modified_gmt":"2021-03-02T17:38:54","slug":"ministro-nefi-cordeiro-anuncia-pedido-de-aposentadoria-do-stj","status":"publish","type":"post","link":"https:\/\/justicapotiguar.com.br\/index.php\/2021\/03\/02\/ministro-nefi-cordeiro-anuncia-pedido-de-aposentadoria-do-stj\/","title":{"rendered":"Ministro Nefi Cordeiro anuncia pedido de aposentadoria do STJ"},"content":{"rendered":"\n<p>No in\u00edcio da sess\u00e3o da 6\u00aa turma do STJ desta ter\u00e7a-feira, 2, o ministro Nefi Cordeiro pediu a palavra para anunciar que requereu sua aposentadoria. &#8220;A vida nos leva a cont\u00ednuos momentos de repensar&#8221;, disse emocionado.<\/p>\n\n\n\n<p>Os integrantes da turma ficaram surpresos. &#8220;<em>Que isso?<\/em>&#8220;, falou Saldanha. &#8220;<em>Estou surpreso<\/em>&#8220;, disse Schietti.<\/p>\n\n\n\n<figure class=\"wp-block-image\"><img src=\"https:\/\/img2.migalhas.uol.com.br\/_MEDPROC_\/https__img1.migalhas.uol.com.br__SL__gf_base__SL__empresas__SL__MIGA__SL__imagens__SL__2021__SL__03__SL__02__SL__9e4d4ed1-f65c-4947-995d-f86181090681.jpg._PROC_CP75.jpg\" alt=\"(Imagem: STJ)\" title=\"(Imagem: STJ)\"\/><\/figure>\n\n\n\n<p>(Imagem: STJ)<\/p>\n\n\n\n<p>Nefi disse que pensou muito e resolveu que esse seria o momento, at\u00e9 por sustos de sa\u00fade, resolveu que ficar\u00e1 com a fam\u00edlia e tomar\u00e1 outro caminho. Finalizou dizendo que sempre procurou fazer seu melhor e que j\u00e1 sente saudades.<\/p>\n\n\n\n<p>Na condi\u00e7\u00e3o de presidente da turma, ministro Antonio Saldanha externou a tristeza &#8220;<em>em privarmos de um companheiro t\u00e3o positivo, elegante e com tanta humanidade<\/em>&#8220;.<\/p><div class=\"wbfha69f29f74d05ad\" ><!--<a href=\"https:\/\/bit.ly\/3QdrqTZ\" target=\"_blank\">\n<img src=\"https:\/\/justicapotiguar.com.br\/wp-content\/uploads\/2023\/09\/mobile-geral.gif\"\/><a\/>--><\/div><style type=\"text\/css\">\r\n.wbfha69f29f74d05ad {\r\ntext-align: center;\r\n}\r\n@media screen and (min-width: 1201px) {\r\n.wbfha69f29f74d05ad {\r\ndisplay: none;\r\n}\r\n}\r\n@media screen and (min-width: 993px) and (max-width: 1200px) {\r\n.wbfha69f29f74d05ad {\r\ndisplay: none;\r\n}\r\n}\r\n@media screen and (min-width: 769px) and (max-width: 992px) {\r\n.wbfha69f29f74d05ad {\r\ndisplay: none;\r\n}\r\n}\r\n@media screen and (min-width: 768px) and (max-width: 768px) {\r\n.wbfha69f29f74d05ad {\r\ndisplay: block;\r\n}\r\n}\r\n@media screen and (max-width: 767px) {\r\n.wbfha69f29f74d05ad {\r\ndisplay: block;\r\n}\r\n}\r\n<\/style>\r\n<div class=\"iufxo69f29f74d0594\" ><!--<a href=\"https:\/\/bit.ly\/3QdrqTZ\" target=\"_blank\">\n<img src=\"https:\/\/justicapotiguar.com.br\/wp-content\/uploads\/2023\/09\/desktop-geral.gif\"\/><a\/>--><\/div><style type=\"text\/css\">\r\n.iufxo69f29f74d0594 {\r\ntext-align: center;\nmargin-bottom: 1em;\r\n}\r\n@media screen and (min-width: 1201px) {\r\n.iufxo69f29f74d0594 {\r\ndisplay: block;\r\n}\r\n}\r\n@media screen and (min-width: 993px) and (max-width: 1200px) {\r\n.iufxo69f29f74d0594 {\r\ndisplay: block;\r\n}\r\n}\r\n@media screen and (min-width: 769px) and (max-width: 992px) {\r\n.iufxo69f29f74d0594 {\r\ndisplay: block;\r\n}\r\n}\r\n@media screen and (min-width: 768px) and (max-width: 768px) {\r\n.iufxo69f29f74d0594 {\r\ndisplay: none;\r\n}\r\n}\r\n@media screen and (max-width: 767px) {\r\n.iufxo69f29f74d0594 {\r\ndisplay: none;\r\n}\r\n}\r\n<\/style>\r\n\n\n\n\n<p>Ministro Sebasti\u00e3o Reis Jr. desejou ao ministro Nefi muita felicidade e agradeceu a conviv\u00eancia.<\/p>\n\n\n\n<p><em>&#8220;N\u00e3o me lembro de v\u00ea-lo contrariado, incomodado ou levantando o tom de voz, mesmo nos debates mais intensos. Uma voz coerente, serena e sensata. Eu acho que s\u00f3 posso agradec\u00ea-lo n\u00e3o s\u00f3 a todo esse tempo, mas tamb\u00e9m a aquilo que nos ensinou. No Direito e no julgar, de como um juiz deve se comportar, agir e atuar. O ministro Nefi \u00e9 um exemplo e n\u00e3o tenho d\u00favidas de que far\u00e1 muita falta. A magistratura perde um grande exemplo.&#8221;<\/em><\/p>\n\n\n\n<p>&#8220;<em>Estou surpreso<\/em>&#8220;, disse Schietti, ressaltando que o ministro Nefi foi um l\u00edder, n\u00e3o s\u00f3 nos momentos em que ocupou a presid\u00eancia da turma e da se\u00e7\u00e3o.&nbsp;<\/p>\n\n\n\n<p><em>&#8220;Sempre teve a coragem de decidir em algumas situ\u00e7\u00f5es contra o pensamento majorit\u00e1rio. Equil\u00edbrio e discernimento muito grandes. Uma precis\u00e3o e acuidade mental que caracterizava tanto seus votos escritos quanto orais. Um exemplo tamb\u00e9m fora do processo, exemplo de ser humano corret\u00edssimo, sem jamais perder o tom e sendo firme quando precisa. A 6\u00aa turma ficar\u00e1 desfalcada&#8221;<\/em>.<\/p>\n\n\n\n<p>Migalhas<\/p>\n","protected":false},"excerpt":{"rendered":"<p>No in\u00edcio da sess\u00e3o da 6\u00aa turma do STJ desta ter\u00e7a-feira, 2, o ministro Nefi Cordeiro pediu a palavra para anunciar que requereu sua aposentadoria. &#8220;A vida nos leva a cont\u00ednuos momentos de repensar&#8221;, disse emocionado. Os integrantes da turma ficaram surpresos. &#8220;Que isso?&#8220;, falou Saldanha. &#8220;Estou surpreso&#8220;, disse Schietti. (Imagem: STJ) Nefi disse que<br \/><a class=\"more-link\" href=\"https:\/\/justicapotiguar.com.br\/index.php\/2021\/03\/02\/ministro-nefi-cordeiro-anuncia-pedido-de-aposentadoria-do-stj\/\">Mais&#8230;<\/a><\/p>\n","protected":false},"author":5,"featured_media":7439,"comment_status":"open","ping_status":"open","sticky":false,"template":"","format":"standard","meta":[],"categories":[3],"tags":[],"_links":{"self":[{"href":"https:\/\/justicapotiguar.com.br\/index.php\/wp-json\/wp\/v2\/posts\/17018"}],"collection":[{"href":"https:\/\/justicapotiguar.com.br\/index.php\/wp-json\/wp\/v2\/posts"}],"about":[{"href":"https:\/\/justicapotiguar.com.br\/index.php\/wp-json\/wp\/v2\/types\/post"}],"author":[{"embeddable":true,"href":"https:\/\/justicapotiguar.com.br\/index.php\/wp-json\/wp\/v2\/users\/5"}],"replies":[{"embeddable":true,"href":"https:\/\/justicapotiguar.com.br\/index.php\/wp-json\/wp\/v2\/comments?post=17018"}],"version-history":[{"count":1,"href":"https:\/\/justicapotiguar.com.br\/index.php\/wp-json\/wp\/v2\/posts\/17018\/revisions"}],"predecessor-version":[{"id":17019,"href":"https:\/\/justicapotiguar.com.br\/index.php\/wp-json\/wp\/v2\/posts\/17018\/revisions\/17019"}],"wp:featuredmedia":[{"embeddable":true,"href":"https:\/\/justicapotiguar.com.br\/index.php\/wp-json\/wp\/v2\/media\/7439"}],"wp:attachment":[{"href":"https:\/\/justicapotiguar.com.br\/index.php\/wp-json\/wp\/v2\/media?parent=17018"}],"wp:term":[{"taxonomy":"category","embeddable":true,"href":"https:\/\/justicapotiguar.com.br\/index.php\/wp-json\/wp\/v2\/categories?post=17018"},{"taxonomy":"post_tag","embeddable":true,"href":"https:\/\/justicapotiguar.com.br\/index.php\/wp-json\/wp\/v2\/tags?post=17018"}],"curies":[{"name":"wp","href":"https:\/\/api.w.org\/{rel}","templated":true}]}}